{"id":140313,"date":"2026-01-12T10:10:07","date_gmt":"2026-01-12T10:10:07","guid":{"rendered":"https:\/\/www.europesays.com\/fi\/140313\/"},"modified":"2026-01-12T10:10:07","modified_gmt":"2026-01-12T10:10:07","slug":"golden-globe-gaala-asuissa-nahtiin-kannanottoja-trumpia-vastaan","status":"publish","type":"post","link":"https:\/\/www.europesays.com\/fi\/140313\/","title":{"rendered":"Golden Globe -gaala-asuissa n\u00e4htiin kannanottoja Trumpia vastaan"},"content":{"rendered":"<p>Hollywood t\u00e4htien rintapieliss\u00e4 n\u00e4htiin pinssej\u00e4, jotka kehottivat hyvyyteen ja vaativat ICE-agenttien poistumista.<\/p>\n<p class=\"article-body mb-nof-24 px-nof-16\">Golden Globe -gaalassa n\u00e4htiin t\u00e4n\u00e4 vuonna my\u00f6s hienovaraisia kannanottoja. Jotkut t\u00e4hdet olivat sonnustautuneet ICE:n vastaisiin pinsseihin, <a class=\"underline underline-offset-[0.12em] [text-decoration-thickness:var(--generic-link-underline-thickness)] [text-decoration-color:var(--generic-link-underline-color)] [text-decoration-skip-ink:var(--generic-link-underline-skip-ink)] break-words\" href=\"https:\/\/apnews.com\/article\/golden-globes-pins-ice-protests-f1ec739a6536fe2be811e00500714395\" rel=\"nofollow noopener\" target=\"_blank\">AP News<\/a> kertoo.<\/p>\n<p class=\"article-body mb-nof-24 px-nof-16\">Yhdysvalloissa on kuohunut sen j\u00e4lkeen kun Yhdysvaltain maahanmuutto- ja tulliviraston (ICE), agentti ampui keskiviikkona 37-vuotiaan <a class=\"font-bold underline-offset-[0.12em] [text-decoration:var(--person-link-text-decoration)] ![text-decoration-color:var(--person-link-text-decoration-color)]\" href=\"https:\/\/www.is.fi\/haku\/?query=Renee%20Nicole%20Goodin\" rel=\"nofollow noopener\" target=\"_blank\">Renee Nicole Goodin<\/a> Minneapolisissa. T\u00e4m\u00e4 on johtanut laajoihin mielenosoituksiin useissa kaupungeissa.<\/p>\n<p class=\"article-body mb-nof-24 px-nof-16\">Mustavalkoisissa pinsseiss\u00e4 oli iskulauseita, kuten \u201dBE GOOD\u201d ja \u201dICE OUT\u201d.<\/p>\n<p class=\"article-body mb-nof-24 px-nof-16\">Punaisella matolla pinssi l\u00f6ytyi ainakin <a class=\"font-bold underline-offset-[0.12em] [text-decoration:var(--person-link-text-decoration)] ![text-decoration-color:var(--person-link-text-decoration-color)]\" href=\"https:\/\/www.is.fi\/haku\/?query=Mark%20Ruffalolta\" rel=\"nofollow noopener\" target=\"_blank\">Mark Ruffalolta<\/a>, <a class=\"font-bold underline-offset-[0.12em] [text-decoration:var(--person-link-text-decoration)] ![text-decoration-color:var(--person-link-text-decoration-color)]\" href=\"https:\/\/www.is.fi\/haku\/?query=Wanda%20Sykesilt%C3%A4\" rel=\"nofollow noopener\" target=\"_blank\">Wanda Sykesilt\u00e4<\/a> ja <a class=\"font-bold underline-offset-[0.12em] [text-decoration:var(--person-link-text-decoration)] ![text-decoration-color:var(--person-link-text-decoration-color)]\" href=\"https:\/\/www.is.fi\/haku\/?query=Natasha%20Lyonnelta\" rel=\"nofollow noopener\" target=\"_blank\">Natasha Lyonnelta<\/a>. <a class=\"font-bold underline-offset-[0.12em] [text-decoration:var(--person-link-text-decoration)] ![text-decoration-color:var(--person-link-text-decoration-color)]\" href=\"https:\/\/www.is.fi\/haku\/?query=Jean%20Smart\" rel=\"nofollow noopener\" target=\"_blank\">Jean Smart<\/a> ja <a class=\"font-bold underline-offset-[0.12em] [text-decoration:var(--person-link-text-decoration)] ![text-decoration-color:var(--person-link-text-decoration-color)]\" href=\"https:\/\/www.is.fi\/haku\/?query=Ariana%20Grande\" rel=\"nofollow noopener\" target=\"_blank\">Ariana Grande<\/a> pukivat ne p\u00e4\u00e4lleen vasta juhlasalissa. Smart vastaanotti palkinnon parhaasta naisn\u00e4yttelij\u00e4suorituksesta musikaali- tai komediasarjassa.<\/p>\n<p><img decoding=\"async\" src=\"https:\/\/www.europesays.com\/fi\/wp-content\/uploads\/2026\/01\/1768212607_918_468.jpg\" alt=\"Jean Smart\" class=\"_Img_1rerz_1\" style=\"aspect-ratio:1.5\" loading=\"eager\"\/><\/p>\n<p class=\"article-picture-caption\">Jean Smart Kuva:\u00a0Kevin Sullivan<\/p>\n<p class=\"article-body mb-nof-24 px-nof-16\">Pinssitempauksen takana on <a class=\"font-bold underline-offset-[0.12em] [text-decoration:var(--person-link-text-decoration)] ![text-decoration-color:var(--person-link-text-decoration-color)]\" href=\"https:\/\/www.is.fi\/haku\/?query=Nelini%20Stamp\" rel=\"nofollow noopener\" target=\"_blank\">Nelini Stamp<\/a>, jonka mukaan on t\u00e4rke\u00e4\u00e4, ett\u00e4 kansalaisyhteiskunnan jokainen j\u00e4sen osallistuu nyt k\u00e4yt\u00e4v\u00e4\u00e4n keskusteluun.<\/p>\n<p class=\"article-body mb-nof-24 px-nof-16\">\u2013 Tarvitsemme taiteilijoitamme. Tarvitsemme viihdytt\u00e4ji\u00e4mme. Tarvitsemme ihmisi\u00e4, jotka heijastavat yhteiskuntaa, h\u00e4n totesi lehden mukaan.<\/p>\n<p class=\"article-body mb-nof-24 px-nof-16\">Goodin surma on syvent\u00e4nyt Yhdysvaltojen kahtiajakoa. Suuttumusta on her\u00e4tt\u00e4nyt varsinkin se, ett\u00e4 <a class=\"font-bold underline-offset-[0.12em] [text-decoration:var(--person-link-text-decoration)] ![text-decoration-color:var(--person-link-text-decoration-color)]\" href=\"https:\/\/www.is.fi\/haku\/?query=Donald%20Trumpin\" rel=\"nofollow noopener\" target=\"_blank\">Donald Trumpin<\/a> hallinto on puolustanut voimakkaasti asetta k\u00e4ytt\u00e4neen ICE-virkailijan toimia.<\/p>\n<p class=\"article-body mb-nof-24 px-nof-16\">Hollywoodin gaaloissa on ennenkin otettu kantaa.<\/p>\n<p class=\"article-body mb-nof-24 px-nof-16\">Kuuluisin tapaus lienee vuoden 1973 Oscar-gaala, jossa aktivisti ja n\u00e4yttelij\u00e4 <a class=\"font-bold underline-offset-[0.12em] [text-decoration:var(--person-link-text-decoration)] ![text-decoration-color:var(--person-link-text-decoration-color)]\" href=\"https:\/\/www.is.fi\/haku\/?query=Sacheen%20Littlefeather\" rel=\"nofollow noopener\" target=\"_blank\">Sacheen Littlefeather<\/a> kielt\u00e4ytyi <a class=\"font-bold underline-offset-[0.12em] [text-decoration:var(--person-link-text-decoration)] ![text-decoration-color:var(--person-link-text-decoration-color)]\" href=\"https:\/\/www.is.fi\/haku\/?query=Marlon%20Brandon\" rel=\"nofollow noopener\" target=\"_blank\">Marlon Brandon<\/a> puolesta t\u00e4lle Kummiset\u00e4-elokuvasta my\u00f6nnetyst\u00e4 palkinnosta.<\/p>\n<p class=\"article-body mb-nof-24 px-nof-16\">Brando boikotoi Oscar-tilaisuutta, sill\u00e4 h\u00e4n vastusti v\u00e4\u00e4ristynytt\u00e4 tapaa, jolla Hollywood esitti Amerikan alkuper\u00e4iskansoja elokuvatuotannoissa.<\/p>\n","protected":false},"excerpt":{"rendered":"Hollywood t\u00e4htien rintapieliss\u00e4 n\u00e4htiin pinssej\u00e4, jotka kehottivat hyvyyteen ja vaativat ICE-agenttien poistumista. Golden Globe -gaalassa n\u00e4htiin t\u00e4n\u00e4 vuonna&hellip;\n","protected":false},"author":2,"featured_media":140314,"comment_status":"","ping_status":"","sticky":false,"template":"","format":"standard","meta":{"footnotes":""},"categories":[136],"tags":[407,137,33,31,30,34,408,32,109],"class_list":{"0":"post-140313","1":"post","2":"type-post","3":"status-publish","4":"format-standard","5":"has-post-thumbnail","7":"category-julkkikset","8":"tag-celebrities","9":"tag-entertainment","10":"tag-fi","11":"tag-finland","12":"tag-finnish","13":"tag-ilta-sanomat","14":"tag-julkkikset","15":"tag-suomi","16":"tag-viihde"},"share_on_mastodon":{"url":"https:\/\/pubeurope.com\/@fi\/115881589112735291","error":""},"_links":{"self":[{"href":"https:\/\/www.europesays.com\/fi\/wp-json\/wp\/v2\/posts\/140313","targetHints":{"allow":["GET"]}}],"collection":[{"href":"https:\/\/www.europesays.com\/fi\/wp-json\/wp\/v2\/posts"}],"about":[{"href":"https:\/\/www.europesays.com\/fi\/wp-json\/wp\/v2\/types\/post"}],"author":[{"embeddable":true,"href":"https:\/\/www.europesays.com\/fi\/wp-json\/wp\/v2\/users\/2"}],"replies":[{"embeddable":true,"href":"https:\/\/www.europesays.com\/fi\/wp-json\/wp\/v2\/comments?post=140313"}],"version-history":[{"count":0,"href":"https:\/\/www.europesays.com\/fi\/wp-json\/wp\/v2\/posts\/140313\/revisions"}],"wp:featuredmedia":[{"embeddable":true,"href":"https:\/\/www.europesays.com\/fi\/wp-json\/wp\/v2\/media\/140314"}],"wp:attachment":[{"href":"https:\/\/www.europesays.com\/fi\/wp-json\/wp\/v2\/media?parent=140313"}],"wp:term":[{"taxonomy":"category","embeddable":true,"href":"https:\/\/www.europesays.com\/fi\/wp-json\/wp\/v2\/categories?post=140313"},{"taxonomy":"post_tag","embeddable":true,"href":"https:\/\/www.europesays.com\/fi\/wp-json\/wp\/v2\/tags?post=140313"}],"curies":[{"name":"wp","href":"https:\/\/api.w.org\/{rel}","templated":true}]}}