{"id":140315,"date":"2026-01-12T10:11:07","date_gmt":"2026-01-12T10:11:07","guid":{"rendered":"https:\/\/www.europesays.com\/fi\/140315\/"},"modified":"2026-01-12T10:11:07","modified_gmt":"2026-01-12T10:11:07","slug":"miia-koskisen-taide-ammentaa-luonnosta-raikkaalla-ilmaisutyylilla","status":"publish","type":"post","link":"https:\/\/www.europesays.com\/fi\/140315\/","title":{"rendered":"Miia Koskisen taide ammentaa luonnosta raikkaalla ilmaisutyylill\u00e4"},"content":{"rendered":"<p>Ajatuksista-n\u00e4yttely on esill\u00e4 tammikuun 2026 ajan M\u00e4ntt\u00e4-Vilppulan kaupungintalolla virastoaikoina.<\/p>\n<p>11.1. 19:00<\/p>\n<p class=\"article-body mb-nof-24 px-nof-16\">Vilppulalaisen <a class=\"font-bold underline-offset-[0.12em] [text-decoration:var(--person-link-text-decoration)] ![text-decoration-color:var(--person-link-text-decoration-color)]\" href=\"https:\/\/www.kmvlehti.fi\/haku\/?query=Miia%20Koskisen\" rel=\"nofollow noopener\" target=\"_blank\">Miia Koskisen<\/a> Ajatuksista-n\u00e4yttely on esill\u00e4 tammikuussa M\u00e4ntt\u00e4-Vilppulan kaupungintalon Vikmanin aulagalleriassa.<\/p>\n<p class=\"article-body mb-nof-24 px-nof-16\">N\u00e4yttely on Koskisen ensimm\u00e4inen suurempi yksityisn\u00e4yttely. M\u00e4nt\u00e4n taideseuran j\u00e4senen\u00e4 h\u00e4n on osallistunut aiemmin yhteisn\u00e4yttelyihin ja pariin pienemp\u00e4\u00e4n yksityisn\u00e4yttelyyn Vilppulassa ja J\u00e4ms\u00e4ss\u00e4.<\/p>\n","protected":false},"excerpt":{"rendered":"Ajatuksista-n\u00e4yttely on esill\u00e4 tammikuun 2026 ajan M\u00e4ntt\u00e4-Vilppulan kaupungintalolla virastoaikoina. 11.1. 19:00 Vilppulalaisen Miia Koskisen Ajatuksista-n\u00e4yttely on esill\u00e4 tammikuussa&hellip;\n","protected":false},"author":2,"featured_media":140316,"comment_status":"","ping_status":"","sticky":false,"template":"","format":"standard","meta":{"footnotes":""},"categories":[135],"tags":[389,387,388,390,137,33,31,30,801,32,394,393,391,392,109],"class_list":{"0":"post-140315","1":"post","2":"type-post","3":"status-publish","4":"format-standard","5":"has-post-thumbnail","7":"category-taiteet-ja-suunnittelu","8":"tag-arts","9":"tag-arts-and-design","10":"tag-artsanddesign","11":"tag-design","12":"tag-entertainment","13":"tag-fi","14":"tag-finland","15":"tag-finnish","16":"tag-kmv-lehti","17":"tag-suomi","18":"tag-suunnittelu","19":"tag-taiteet","20":"tag-taiteet-ja-suunnittelu","21":"tag-taiteetsuunnittelu","22":"tag-viihde"},"share_on_mastodon":{"url":"https:\/\/pubeurope.com\/@fi\/115881592918972539","error":""},"_links":{"self":[{"href":"https:\/\/www.europesays.com\/fi\/wp-json\/wp\/v2\/posts\/140315","targetHints":{"allow":["GET"]}}],"collection":[{"href":"https:\/\/www.europesays.com\/fi\/wp-json\/wp\/v2\/posts"}],"about":[{"href":"https:\/\/www.europesays.com\/fi\/wp-json\/wp\/v2\/types\/post"}],"author":[{"embeddable":true,"href":"https:\/\/www.europesays.com\/fi\/wp-json\/wp\/v2\/users\/2"}],"replies":[{"embeddable":true,"href":"https:\/\/www.europesays.com\/fi\/wp-json\/wp\/v2\/comments?post=140315"}],"version-history":[{"count":0,"href":"https:\/\/www.europesays.com\/fi\/wp-json\/wp\/v2\/posts\/140315\/revisions"}],"wp:featuredmedia":[{"embeddable":true,"href":"https:\/\/www.europesays.com\/fi\/wp-json\/wp\/v2\/media\/140316"}],"wp:attachment":[{"href":"https:\/\/www.europesays.com\/fi\/wp-json\/wp\/v2\/media?parent=140315"}],"wp:term":[{"taxonomy":"category","embeddable":true,"href":"https:\/\/www.europesays.com\/fi\/wp-json\/wp\/v2\/categories?post=140315"},{"taxonomy":"post_tag","embeddable":true,"href":"https:\/\/www.europesays.com\/fi\/wp-json\/wp\/v2\/tags?post=140315"}],"curies":[{"name":"wp","href":"https:\/\/api.w.org\/{rel}","templated":true}]}}