{"id":140332,"date":"2026-01-12T10:39:07","date_gmt":"2026-01-12T10:39:07","guid":{"rendered":"https:\/\/www.europesays.com\/fi\/140332\/"},"modified":"2026-01-12T10:39:07","modified_gmt":"2026-01-12T10:39:07","slug":"mari-hynynen-paljastaa-amazing-race-suomen-kulissien-takaiset-haasteet","status":"publish","type":"post","link":"https:\/\/www.europesays.com\/fi\/140332\/","title":{"rendered":"Mari Hynynen paljastaa Amazing Race Suomen kulissien takaiset haasteet"},"content":{"rendered":"<p>\n            Mari Hynynen (Perankoski), Joel Volanen, Amazing Race Suomi<br \/>\n            Sanoma\n        <\/p>\n<p class=\"subtitle \">Mari Hynynen ja Joel Volanen putosivat Amazing Race Suomesta. Vatsaongelmat koituivat parin kohtaloksi.<\/p>\n<p class=\"article-content article-content-width !bg-background\">N\u00e4yttelij\u00e4  (omaa sukua ) joutui j\u00e4tt\u00e4m\u00e4\u00e4n Amazing Race Suomi -kisan taakseen yhdess\u00e4 poikansa  kanssa 10. tammikuuta Nelosella esitetyss\u00e4 jaksossa.<\/p>\n<p class=\"article-content article-content-width !bg-background\">Mari joutui kamppailemaan l\u00e4hes koko kisan ajan vatsaongelmien kanssa. Lopulta vessassa ravaus koitui kisaparin kohtaloksi.<\/p>\n<p class=\"article-content article-content-width !bg-background\">\u2013 T\u00e4m\u00e4n teht\u00e4v\u00e4n kohtaloksi koitui sek\u00e4 askartelu ett\u00e4 paskartelu, Mari totesi  etapin p\u00e4\u00e4tepisteell\u00e4.<\/p>\n<p>        <a itemprop=\"url\" href=\"https:\/\/www.seiska.fi\/katso\/kakkahata-koitui-kohtaloksi-he-putosivat-amazing-race-suomesta\/2041019\" rel=\"nofollow noopener\" target=\"_blank\"><\/p>\n<p>\nAmazing Race Suomi\n<\/p>\n<p class=\"section-date\">\n        <strong class=\"article-section\" data-section=\"katso\"><br \/>\n            katso<br \/>\n        <\/strong><br \/>\n        10.1. 21:00\n    <\/p>\n<p>Kakkah\u00e4t\u00e4 koitui kohtaloksi! He putosivat Amazing Race Suomesta\n    <\/p>\n<p itemprop=\"description\" class=\"subtitle \">\n    H\u00e4t\u00e4 ei lue lakia, kuuluu vanha sanonta.\n<\/p>\n<p>        <\/a><\/p>\n<p>Yrj\u00f6st\u00e4 show<\/p>\n<p class=\"article-content article-content-width !bg-background\"><a href=\"https:\/\/www.instagram.com\/p\/DTXtKUUDWHB\/\" target=\"_blank\" rel=\"nofollow noopener\">Mari avasi mietteit\u00e4\u00e4n Instagram-tilill\u00e4\u00e4n 11. tammikuuta<\/a>.<\/p>\n<p class=\"article-content article-content-width !bg-background\">\u2013 Se oli kotiinl\u00e4hd\u00f6n aika meille. Mahtava reissu. Harmittaa vaan Joelin puolesta. Kun h\u00e4n toipui kuumeilusta kovaan kisakuntoon niin \u00e4isk\u00e4n elimist\u00f6 petti.<\/p>\n<p class=\"article-content article-content-width !bg-background\">\u2013 Sain ravata jatkuvasti kaukana sijainneessa veskiss\u00e4 ja Jopi ei saanut tehd\u00e4 sill\u00e4 v\u00e4lin mit\u00e4\u00e4n. J\u00e4rkev\u00e4 aikuinen olisi ottanut pient\u00e4 toipumista ja aikasakon, mutta siin\u00e4 vaiheessa ei en\u00e4\u00e4 j\u00e4rki pelannut. Arpa-onni ei suosinut t\u00e4t\u00e4 tahattoman huumorin parivaljakkoa ja sain ruokateht\u00e4v\u00e4ss\u00e4 nielt\u00e4v\u00e4ksi 8(!) kippoa hapanta, Mari tuumasi.<\/p>\n<p>                <img decoding=\"async\" src=\"https:\/\/www.europesays.com\/fi\/wp-content\/uploads\/2026\/01\/1995186.webp.jpeg\" width=\"576\" height=\"274\" alt=\"Mari Hynynen ja Joel Volanen ohjelman alkumetreill\u00e4.\" loading=\"lazy\" \/>            <\/p>\n<p>\n            Mari Hynynen ja Joel Volanen ohjelman alkumetreill\u00e4.<br \/>\n            Mojo Er\u00e4mets\u00e4\/Sanoma\n        <\/p>\n<p class=\"article-content article-content-width !bg-background\">Superetapilla Mari oksensi tunnin mittaisen lounastauon ajan. Aamupalan h\u00e4n sai sy\u00f6ty\u00e4 aamuy\u00f6ll\u00e4, ja \u201dyrj\u00f6-show\u2019n\u201d j\u00e4lkeen edes elektrolyyttijuoma ei en\u00e4\u00e4 imeytynyt, vaan kaikki tuli suoraan l\u00e4pi.<\/p>\n<p class=\"article-content article-content-width !bg-background\">\u2013 Saattaa n\u00e4ytt\u00e4\u00e4 ankaralle t\u00e4m\u00e4 meid\u00e4n toilailumme, mutta ikin\u00e4 ei olla Jopin kanssa naurettu niin paljon kuin t\u00e4ll\u00e4 reissulla. Meni taksikuskikaappaukset ja muut j\u00e4rjett\u00f6myydet jo ihan Dada-klubin puolelle. Ja mik\u00e4 porukka. Olen ihan l\u00e4tk\u00e4ss\u00e4 t\u00e4h\u00e4n sakkiin, Mari my\u00f6nsi.<\/p>\n<p>        <a itemprop=\"url\" href=\"https:\/\/www.seiska.fi\/katso\/mari-hynysen-kuvottava-tilanne-soi-omaa-oksennustaan\/2024540\" rel=\"nofollow noopener\" target=\"_blank\"><\/p>\n<p>\nMari Hynynen\n<\/p>\n<p class=\"section-date\">\n        <strong class=\"article-section\" data-section=\"katso\"><br \/>\n            katso<br \/>\n        <\/strong><br \/>\n        19.12.2025 07:15\n    <\/p>\n<p>Mari Hynysen kuvottava tilanne: S\u00f6i omaa oksennustaan\n    <\/p>\n<p itemprop=\"description\" class=\"subtitle \">\n    Yksi kilpailija sy\u00f6 jopa omaa oksennustaan Amazing Racen piinallisessa teht\u00e4v\u00e4ss\u00e4.\n<\/p>\n<p>        <\/a><\/p>\n<p>\u201dHarhainen toivelista\u201d<\/p>\n<p class=\"article-content article-content-width !bg-background\">P\u00e4ivityksen yhteydess\u00e4 on video, jonka taustalla soi  Korkkarit kattoon -kappale. Marin mukaan kyseess\u00e4 on video, jonka tuottaja kuvasi jo matkasta pudonneille  ja .<\/p>\n<p class=\"article-content article-content-width !bg-background\">\u2013 Kaikki ihan intona, kun saadaan kuulla musiikkia. Vaikka kappale onkin nuoren Norosen alati harhaiselta toivelistalta. Valtakunnan virallinen paskahousu lopettaa raportin n\u00e4ihin kuviin ja tunnelmiin.<\/p>\n<p class=\"italic m-italic article-content article-content-width !bg-background\">Amazing Race Suomi lauantaisin Nelosella ja Ruudussa.<\/p>\n<p>        <a itemprop=\"url\" href=\"https:\/\/www.seiska.fi\/katso\/sara-ja-artturi-sieppi-joutuivat-sairaalaan-amazing-race-tuotanto-kommentoi-hslle\/2039317\" rel=\"nofollow noopener\" target=\"_blank\"><\/p>\n<p>\nTuotanto kommentoi HS:lle\n<\/p>\n<p class=\"section-date\">\n        <strong class=\"article-section\" data-section=\"katso\"><br \/>\n            katso<br \/>\n        <\/strong><br \/>\n        7.1. 14:06\n    <\/p>\n<p>Sara ja Artturi Sieppi joutuivat sairaalaan \u2013 Amazing Race -tuotanto kommentoi HS:lle\n    <\/p>\n<p itemprop=\"description\" class=\"subtitle \">\n    Sara ja Artturi Sieppi saivat pahoja palovammoja Amazing Race Suomen kuvauksissa.\n<\/p>\n<p>        <\/a><\/p>\n<p><script async src=\"\/\/www.instagram.com\/embed.js\"><\/script><\/p>\n","protected":false},"excerpt":{"rendered":"Mari Hynynen (Perankoski), Joel Volanen, Amazing Race Suomi Sanoma Mari Hynynen ja Joel Volanen putosivat Amazing Race Suomesta.&hellip;\n","protected":false},"author":2,"featured_media":140333,"comment_status":"","ping_status":"","sticky":false,"template":"","format":"standard","meta":{"footnotes":""},"categories":[133],"tags":[9359,3177,137,33,31,30,3565,16090,8473,32,206,156,24264,109],"class_list":{"0":"post-140332","1":"post","2":"type-post","3":"status-publish","4":"format-standard","5":"has-post-thumbnail","7":"category-televisiot","8":"tag-amazing-race","9":"tag-amazing-race-suomi","10":"tag-entertainment","11":"tag-fi","12":"tag-finland","13":"tag-finnish","14":"tag-heikki-paasonen","15":"tag-joel-volanen","16":"tag-mari-hynynen","17":"tag-suomi","18":"tag-televisiot","19":"tag-tv","20":"tag-vatsaongelmat","21":"tag-viihde"},"share_on_mastodon":{"url":"https:\/\/pubeurope.com\/@fi\/115881703042397162","error":""},"_links":{"self":[{"href":"https:\/\/www.europesays.com\/fi\/wp-json\/wp\/v2\/posts\/140332","targetHints":{"allow":["GET"]}}],"collection":[{"href":"https:\/\/www.europesays.com\/fi\/wp-json\/wp\/v2\/posts"}],"about":[{"href":"https:\/\/www.europesays.com\/fi\/wp-json\/wp\/v2\/types\/post"}],"author":[{"embeddable":true,"href":"https:\/\/www.europesays.com\/fi\/wp-json\/wp\/v2\/users\/2"}],"replies":[{"embeddable":true,"href":"https:\/\/www.europesays.com\/fi\/wp-json\/wp\/v2\/comments?post=140332"}],"version-history":[{"count":0,"href":"https:\/\/www.europesays.com\/fi\/wp-json\/wp\/v2\/posts\/140332\/revisions"}],"wp:featuredmedia":[{"embeddable":true,"href":"https:\/\/www.europesays.com\/fi\/wp-json\/wp\/v2\/media\/140333"}],"wp:attachment":[{"href":"https:\/\/www.europesays.com\/fi\/wp-json\/wp\/v2\/media?parent=140332"}],"wp:term":[{"taxonomy":"category","embeddable":true,"href":"https:\/\/www.europesays.com\/fi\/wp-json\/wp\/v2\/categories?post=140332"},{"taxonomy":"post_tag","embeddable":true,"href":"https:\/\/www.europesays.com\/fi\/wp-json\/wp\/v2\/tags?post=140332"}],"curies":[{"name":"wp","href":"https:\/\/api.w.org\/{rel}","templated":true}]}}