{"id":140350,"date":"2026-01-12T11:02:09","date_gmt":"2026-01-12T11:02:09","guid":{"rendered":"https:\/\/www.europesays.com\/fi\/140350\/"},"modified":"2026-01-12T11:02:09","modified_gmt":"2026-01-12T11:02:09","slug":"sami-pelasti-jari-saarion-hengen-kertoi-islle-hurjasta-operaatiosta-vaimo-sai-mieheltaan-puhelun","status":"publish","type":"post","link":"https:\/\/www.europesays.com\/fi\/140350\/","title":{"rendered":"Sami pelasti Jari Saarion hengen \u2013 Kertoi IS:lle hurjasta operaatiosta: \u201dVaimo sai miehelt\u00e4\u00e4n puhelun\u201d"},"content":{"rendered":"<p>Jari Saarion vanha ty\u00f6kaveri ja perhetuttu kertoi Ilta-Sanomille, miten soutajan pelastusoperaatio sujui.<\/p>\n<p><img decoding=\"async\" class=\"image image-show image-preview\" src=\"https:\/\/www.europesays.com\/fi\/wp-content\/uploads\/2025\/12\/bf06162a5287defe160ca79ffef01328f78f99da3717b5c4312b9dcba26d6efb.jpg\" alt=\"\"\/><img decoding=\"async\" class=\"image image-show\" src=\"https:\/\/www.europesays.com\/fi\/wp-content\/uploads\/2025\/12\/1765933570_652_bf06162a5287defe160ca79ffef01328f78f99da3717b5c4312b9dcba26d6efb.jpg\" alt=\"\"\/><\/p>\n<p>Jari Saario pelastettiin merih\u00e4d\u00e4st\u00e4 sunnuntain vastaisena y\u00f6n\u00e4. Jari Saarion albumi<\/p>\n<p class=\"paragraph\">Soutaja <strong>Jari Saario<\/strong>, 53, joutui merih\u00e4t\u00e4\u00e4n Etel\u00e4-Atlantilla, kun h\u00e4nen soutuveneens\u00e4 vaurioitui kovassa myrskyss\u00e4 viime torstaina. Perjantaina h\u00e4n aktivoi h\u00e4t\u00e4kutsun.<\/p>\n<p class=\"paragraph\">\u2013 Tunti tai pari siit\u00e4 Jarin vaimo sai miehelt\u00e4\u00e4n satelliittipuhelun, ett\u00e4 vene on uppoamassa, <strong>Sami Pirinen<\/strong> kertoi <a href=\"https:\/\/www.is.fi\/urheilu\/art-2000011742836.html?utm_source=ampparit\" target=\"_blank\" rel=\"noopener nofollow\">Ilta-Sanomille<\/a>.<\/p>\n<p class=\"paragraph\">Pirinen on Saarion vanha ty\u00f6kaveri ja perhetuttu, joka johti pelastusoperaatiota Suomesta k\u00e4sin. Ilta-Sanomien mukaan Pirinen oli yhteyshenkil\u00f6 meripelastuksen, Saarion ja t\u00e4m\u00e4n merest\u00e4 poimineen Cymona Eagle -rahtilaivan v\u00e4lill\u00e4.<\/p>\n<p class=\"paragraph\">Saarion vene ei onneksi uponnut, mutta h\u00e4t\u00e4 oli silti suuri, sill\u00e4 aallot olivat kipanneet veneen katolleen, ja vett\u00e4 tulvi sis\u00e4\u00e4n kajuuttaan.<\/p>\n<p class=\"paragraph\">Pirinen kertoi IS:lle, ett\u00e4 Saario sai veneen takaisin oikein p\u00e4in, mutta sitten akut syttyiv\u00e4t tuleen, eik\u00e4 soutajalla ollut en\u00e4\u00e4 s\u00e4hk\u00f6\u00e4 eik\u00e4 l\u00e4mp\u00f6\u00e4 veneess\u00e4.<\/p>\n<p class=\"paragraph\">\u2013 Jari oli hyvin kylmiss\u00e4\u00e4n ja v\u00e4synyt, Pirinen kertoi IS:lle.<\/p>\n<p class=\"paragraph\">Pirinen piti kaveriinsa yhteytt\u00e4 satelliittipuhelimella parin tunnin v\u00e4lein ja onnistui l\u00e4hett\u00e4m\u00e4\u00e4n meripelastukselle Saarion koordinaatit. Lopulta Cymona Eagle -alus noukki Saarion kyytiins\u00e4 sunnuntain vastaisena y\u00f6n\u00e4.<\/p>\n<p class=\"paragraph\">\u2013\u2009On supervaikeaa nousta tuollaisen 200-metrisen rahtilaivan kyytiin veneest\u00e4. He heittiv\u00e4t minulle liinoja ja yrittiv\u00e4t saada naruja kiinni. Ajauduin jo ihan per\u00e4\u00e4n asti. Sitten sain viime hetkell\u00e4 yhdest\u00e4 narusta kiinni, Saario kertoi operaation j\u00e4lkeen Instagramissa.<\/p>\n<p class=\"paragraph\">IS kysyi Piriselt\u00e4, pelastiko h\u00e4n Saarion hengen.<\/p>\n<p class=\"paragraph\">\u2013 Kylm\u00e4sti voi ajatella, ett\u00e4 pelastin Jarin. Kyvykk\u00e4imm\u00e4t hoitivat homman eli min\u00e4 ja <strong>Nestori<\/strong>.<\/p>\n<p class=\"paragraph\">Nestori Nurmi on Pirisen kaveri, joka auttoi miest\u00e4 pelastusoperaation aikana. Nurmi on purjehtinut muun muassa Atlantin yli.<\/p>\n","protected":false},"excerpt":{"rendered":"Jari Saarion vanha ty\u00f6kaveri ja perhetuttu kertoi Ilta-Sanomille, miten soutajan pelastusoperaatio sujui. Jari Saario pelastettiin merih\u00e4d\u00e4st\u00e4 sunnuntain vastaisena&hellip;\n","protected":false},"author":2,"featured_media":140351,"comment_status":"","ping_status":"","sticky":false,"template":"","format":"standard","meta":{"footnotes":""},"categories":[136],"tags":[35,407,137,33,31,30,408,2187,121,120,32,2569,2568,109],"class_list":{"0":"post-140350","1":"post","2":"type-post","3":"status-publish","4":"format-standard","5":"has-post-thumbnail","7":"category-julkkikset","8":"tag-24h","9":"tag-celebrities","10":"tag-entertainment","11":"tag-fi","12":"tag-finland","13":"tag-finnish","14":"tag-julkkikset","15":"tag-kulkuneuvot","16":"tag-liikenne-ja-kuljetus","17":"tag-onnettomuustapaus","18":"tag-suomi","19":"tag-vesikulkuneuvot","20":"tag-vesiliikenne","21":"tag-viihde"},"share_on_mastodon":{"url":"https:\/\/pubeurope.com\/@fi\/115881793470771744","error":""},"_links":{"self":[{"href":"https:\/\/www.europesays.com\/fi\/wp-json\/wp\/v2\/posts\/140350","targetHints":{"allow":["GET"]}}],"collection":[{"href":"https:\/\/www.europesays.com\/fi\/wp-json\/wp\/v2\/posts"}],"about":[{"href":"https:\/\/www.europesays.com\/fi\/wp-json\/wp\/v2\/types\/post"}],"author":[{"embeddable":true,"href":"https:\/\/www.europesays.com\/fi\/wp-json\/wp\/v2\/users\/2"}],"replies":[{"embeddable":true,"href":"https:\/\/www.europesays.com\/fi\/wp-json\/wp\/v2\/comments?post=140350"}],"version-history":[{"count":0,"href":"https:\/\/www.europesays.com\/fi\/wp-json\/wp\/v2\/posts\/140350\/revisions"}],"wp:featuredmedia":[{"embeddable":true,"href":"https:\/\/www.europesays.com\/fi\/wp-json\/wp\/v2\/media\/140351"}],"wp:attachment":[{"href":"https:\/\/www.europesays.com\/fi\/wp-json\/wp\/v2\/media?parent=140350"}],"wp:term":[{"taxonomy":"category","embeddable":true,"href":"https:\/\/www.europesays.com\/fi\/wp-json\/wp\/v2\/categories?post=140350"},{"taxonomy":"post_tag","embeddable":true,"href":"https:\/\/www.europesays.com\/fi\/wp-json\/wp\/v2\/tags?post=140350"}],"curies":[{"name":"wp","href":"https:\/\/api.w.org\/{rel}","templated":true}]}}