{"id":140353,"date":"2026-01-12T11:09:07","date_gmt":"2026-01-12T11:09:07","guid":{"rendered":"https:\/\/www.europesays.com\/fi\/140353\/"},"modified":"2026-01-12T11:09:07","modified_gmt":"2026-01-12T11:09:07","slug":"mm-rallikausi-avataan-22-tammikuuta-kaksinkertainen-maailmanmestari-jonne-halttunen-mtvn-asiantuntijaksi","status":"publish","type":"post","link":"https:\/\/www.europesays.com\/fi\/140353\/","title":{"rendered":"MM-rallikausi avataan 22. tammikuuta \u2013 kaksinkertainen maailmanmestari Jonne Halttunen MTV:n asiantuntijaksi"},"content":{"rendered":"<p>Rallin MM-sarjassa n\u00e4hd\u00e4\u00e4n alkavalla kaudella yhteens\u00e4 14 osakilpailua t\u00e4ynn\u00e4 n\u00e4ytt\u00e4v\u00e4\u00e4 menoa sorateill\u00e4, lumella ja asfaltilla. Kauden avaa tuttuun tapaan Monte Carlon ralli, ja kausi huipentuu marraskuussa Saudi-Arabiaan. Rallikalenterin kohokohtiin kuuluu odotetusti Suomen MM-ralli, joka ajetaan hein\u00e4-elokuun taitteessa.<\/p>\n<p>Suomalaisittain j\u00e4nnitett\u00e4v\u00e4\u00e4 riitt\u00e4\u00e4 t\u00e4ll\u00e4kin kaudella. Lajin nouseva suomalaislupaus <strong>Sami Pajari<\/strong> l\u00e4htee toiseen t\u00e4yteen kauteensa Toyotalla. Lis\u00e4ksi konkarikuljettaja <strong>Esapekka Lappi<\/strong> palaa vuoden tauon j\u00e4lkeen MM-rallin pariin. Lappi ajaa Hyundailla kauden aikana arviolta viisi rallia ja avaa kautensa helmikuussa Ruotsin lumilla.<\/p>\n<p>MTV:n tiimi tulkitsee rallikauden k\u00e4\u00e4nteet kotikatsomoihin. Kivenkovaan asiantuntijaryhm\u00e4\u00e4n liittyy t\u00e4lle kaudelle rallin kaksinkertainen maailmanmestari, viime kauteen uransa p\u00e4\u00e4tt\u00e4nyt <strong>Jonne Halttunen<\/strong>. Ryhm\u00e4\u00e4 t\u00e4hditt\u00e4v\u00e4t my\u00f6s edelliskausilta tutut <strong>Jari Ketomaa<\/strong>, <strong>Riku Tahko<\/strong> ja <strong>Janne Ferm. <\/strong>L\u00e4hetyksi\u00e4 juontavat <strong>Satu Tuomisto <\/strong>ja <strong>Tomi Tuominen<\/strong>. Selostuksista vastaavat <strong>Juho Kokko<\/strong> ja <strong>Aleksis \u00c4rje<\/strong>.<\/p>\n<p><strong>MTV v\u00e4litt\u00e4\u00e4 kauden kaikki tapahtumat<\/strong><\/p>\n<p>MTV Katsomon kattava l\u00e4hetyskokonaisuus tarjoilee suorana ja suomeksi selostettuna kaikkien erikoiskokeiden t\u00e4rkeimm\u00e4t tapahtumat. Studio-osuudet taustoittavat jokaisen ajop\u00e4iv\u00e4n tapahtumia, mink\u00e4 lis\u00e4ksi MTV Katsomosta on katsottavissa runsaasti kohokohtia, haastatteluita ja muuta lis\u00e4sis\u00e4lt\u00f6\u00e4.<\/p>\n<p>Ralliviikkoina MTV3-kanavalla\u00a0Rallisirkus-ohjelma viritt\u00e4\u00e4 kisatunnelmaan torstai-illoissa klo 22.35 alkaen. Sunnuntaisin n\u00e4ht\u00e4v\u00e4\u00a0Power Stage studio-osuuksineen seuraa suorana loppuratkaisuja ja voitonjuhlia. Lis\u00e4ksi MTV3-kanavan kokonaisuuteen kuuluvat lyhyt\u00a0Ralliextra, joka kiteytt\u00e4\u00e4 ajop\u00e4iv\u00e4n tapahtumat perjantaista sunnuntaihin, sek\u00e4 kisan j\u00e4lkeisell\u00e4 viikolla esitett\u00e4v\u00e4 Kisakooste, joka summaa ralliviikonlopun k\u00e4\u00e4nteet.<\/p>\n<p><img decoding=\"async\" src=\"https:\/\/www.europesays.com\/fi\/wp-content\/uploads\/2026\/01\/d176238a-4f45-4bf9-beef-fb007a565186-w_720.jpg\"  alt=\"\"\/><\/p>\n<p><strong>Kalle Rovanper\u00e4n uusi aluevaltaus MTV Katsomossa<\/strong><\/p>\n<p>MTV Katsomossa seurataan ensi kaudella my\u00f6s moottoriurheilun supert\u00e4hti\u00a0<strong>Kalle Rovanper\u00e4n <\/strong>kauden 2026 kilpasarjaa, Japanin Super Formulaa, joka on maailman toiseksi nopein formulasarja. MTV Katsomossa n\u00e4hd\u00e4\u00e4n suomeksi selostettuna kaikki aika-ajot ja kilpailut. Super Formulan k\u00e4\u00e4nteet tulkitsee MTV:n monipuolinen moottoriurheilu\u00e4\u00e4ni Juho Kokko. Selostamossa Kokon rinnalla on pitk\u00e4n linjan moottoriurheilun ja rata-autoilun asiantuntija\u00a0<strong>Risto Virtanen<\/strong>.<\/p>\n<p>Super Formulan kausi kattaa 12 osakilpailua, jotka ajetaan yhteens\u00e4 seitsem\u00e4n viikonlopun aikana. Avauskilpailu ajetaan 3.\u20135. huhtikuuta Motegissa. Uuden formula-aluevaltauksen lis\u00e4ksi kaksinkertainen rallin maailmanmestari jakaa mietteit\u00e4\u00e4n kauden aikana MTV:n rallil\u00e4hetyksiss\u00e4.<\/p>\n<p><strong>Kaikki MM-rallin l\u00e4hetykset ja oheisohjelmat ovat katsottavissa suoratoistopalvelusta MTV Katsomo+ Urheilu -tilauksella sek\u00e4 MTV Max -kanavalta. MTV3-kanavalla ralliviikkoina torstaisin klo 22.35 Rallisirkus sek\u00e4 sunnuntaisin Power Stage.<\/strong><\/p>\n<p><strong>Kaikki Super Formula -l\u00e4hetykset ovat katsottavissa suoratoistopalvelusta MTV Katsomo+ Urheilu -tilauksella sek\u00e4 MTV Max -kanavalta.<\/strong><\/p>\n<p><strong>Lis\u00e4tietoja:\u00a0<\/strong><br \/>MTV, urheilun ohjelmap\u00e4\u00e4llikk\u00f6 Markus Autero, <a href=\"https:\/\/www.sttinfo.fi\/tiedote\/71721236\/mailto:markus.autero@mtv.fi\" rel=\"nofollow noopener\" target=\"_blank\">markus.autero@mtv.fi<\/a><\/p>\n","protected":false},"excerpt":{"rendered":"Rallin MM-sarjassa n\u00e4hd\u00e4\u00e4n alkavalla kaudella yhteens\u00e4 14 osakilpailua t\u00e4ynn\u00e4 n\u00e4ytt\u00e4v\u00e4\u00e4 menoa sorateill\u00e4, lumella ja asfaltilla. Kauden avaa tuttuun&hellip;\n","protected":false},"author":2,"featured_media":140354,"comment_status":"","ping_status":"","sticky":false,"template":"","format":"standard","meta":{"footnotes":""},"categories":[158],"tags":[33,31,30,159,32,160],"class_list":{"0":"post-140353","1":"post","2":"type-post","3":"status-publish","4":"format-standard","5":"has-post-thumbnail","7":"category-urheilu","8":"tag-fi","9":"tag-finland","10":"tag-finnish","11":"tag-sports","12":"tag-suomi","13":"tag-urheilu"},"share_on_mastodon":{"url":"https:\/\/pubeurope.com\/@fi\/115881821084907004","error":""},"_links":{"self":[{"href":"https:\/\/www.europesays.com\/fi\/wp-json\/wp\/v2\/posts\/140353","targetHints":{"allow":["GET"]}}],"collection":[{"href":"https:\/\/www.europesays.com\/fi\/wp-json\/wp\/v2\/posts"}],"about":[{"href":"https:\/\/www.europesays.com\/fi\/wp-json\/wp\/v2\/types\/post"}],"author":[{"embeddable":true,"href":"https:\/\/www.europesays.com\/fi\/wp-json\/wp\/v2\/users\/2"}],"replies":[{"embeddable":true,"href":"https:\/\/www.europesays.com\/fi\/wp-json\/wp\/v2\/comments?post=140353"}],"version-history":[{"count":0,"href":"https:\/\/www.europesays.com\/fi\/wp-json\/wp\/v2\/posts\/140353\/revisions"}],"wp:featuredmedia":[{"embeddable":true,"href":"https:\/\/www.europesays.com\/fi\/wp-json\/wp\/v2\/media\/140354"}],"wp:attachment":[{"href":"https:\/\/www.europesays.com\/fi\/wp-json\/wp\/v2\/media?parent=140353"}],"wp:term":[{"taxonomy":"category","embeddable":true,"href":"https:\/\/www.europesays.com\/fi\/wp-json\/wp\/v2\/categories?post=140353"},{"taxonomy":"post_tag","embeddable":true,"href":"https:\/\/www.europesays.com\/fi\/wp-json\/wp\/v2\/tags?post=140353"}],"curies":[{"name":"wp","href":"https:\/\/api.w.org\/{rel}","templated":true}]}}