{"id":140360,"date":"2026-01-12T11:15:06","date_gmt":"2026-01-12T11:15:06","guid":{"rendered":"https:\/\/www.europesays.com\/fi\/140360\/"},"modified":"2026-01-12T11:15:06","modified_gmt":"2026-01-12T11:15:06","slug":"turku-energia-kuvauttaa-koko-kaukolampoverkkonsa-helikopterista-kasin-kuluvan-viikon-aikana","status":"publish","type":"post","link":"https:\/\/www.europesays.com\/fi\/140360\/","title":{"rendered":"Turku Energia kuvauttaa koko kaukol\u00e4mp\u00f6verkkonsa helikopterista k\u00e4sin kuluvan viikon aikana"},"content":{"rendered":"<p><strong><\/p>\n<p><strong>Turku Energia toteuttaa j\u00e4lleen koko kaukol\u00e4mp\u00f6verkkonsa teknisen kuntokartoituksen helikopterilennolla l\u00e4mp\u00f6kameroiden avulla Turussa, Raisiossa, Naantalissa ja Kaarinassa. Kuvaukset toteutetaan 12.1.2026 \u2013 18.1.2026 v\u00e4lisen\u00e4 aikana s\u00e4\u00e4varaus huomioiden. Helikopterilennot tehd\u00e4\u00e4n auringonlaskun j\u00e4lkeen, jolloin maanpinta on tasal\u00e4mp\u00f6inen ja liikenne v\u00e4h\u00e4ist\u00e4.<\/strong><\/p>\n<p><\/strong><\/p>\n<p>Suurin osa Turku Energian kaukol\u00e4mp\u00f6verkostosta kulkee katualueilla. Verkoston pituus on yhteens\u00e4 noin 660 kilometri\u00e4.<\/p>\n<p>&#8221;S\u00e4\u00e4nn\u00f6llisesti toteutettavat helikopterilennot ovat meille t\u00e4rke\u00e4 keino yll\u00e4pit\u00e4\u00e4 ja parantaa toimitusvarmuuttamme. L\u00e4mp\u00f6kamerakuvaukset auttavat ennakoimaan kaukol\u00e4mp\u00f6verkon tulevia kunnostustarpeita. Hy\u00f6dynn\u00e4mme kuvausten tuloksia verkkomme kunnon analysoinnissa ja paikannamme l\u00e4mp\u00f6vuoto- ja eristevauriokohdat l\u00e4mp\u00f6kamerakuvien ja tietokoneanalyysien avulla&#8221;, sanoo verkko-omaisuusp\u00e4\u00e4llikk\u00f6\u00a0<strong>Sanna Perttunen<\/strong> Turku Energiasta.<\/p>\n<p>Lennon toteuttaminen edellytt\u00e4\u00e4, ett\u00e4 s\u00e4\u00e4 on sateeton ja pilvien alaraja on v\u00e4hint\u00e4\u00e4n 600 metri\u00e4 maanpinnan yl\u00e4puolella.\u00a0Turku Energia tiedottaa tarkat kuvausajankohdat Turku Energian verkkosivuilla ja sosiaalisen median tileill\u00e4\u00e4n.<\/p>\n<p>Helikopterilennon suorittaa GridJet Oy.\u202f<\/p>\n<p>Pahoittelemme helikopterilennoista aiheutuvaa meluhaittaa.<\/p>\n","protected":false},"excerpt":{"rendered":"Turku Energia toteuttaa j\u00e4lleen koko kaukol\u00e4mp\u00f6verkkonsa teknisen kuntokartoituksen helikopterilennolla l\u00e4mp\u00f6kameroiden avulla Turussa, Raisiossa, Naantalissa ja Kaarinassa. Kuvaukset toteutetaan&hellip;\n","protected":false},"author":2,"featured_media":140361,"comment_status":"","ping_status":"","sticky":false,"template":"","format":"standard","meta":{"footnotes":""},"categories":[12],"tags":[22,23,26,27,33,31,30,17,24,25,28,29,15,18,21,32,19,20,16],"class_list":{"0":"post-140360","1":"post","2":"type-post","3":"status-publish","4":"format-standard","5":"has-post-thumbnail","7":"category-suomi","8":"tag-breaking-news","9":"tag-breakingnews","10":"tag-featured-news","11":"tag-featurednews","12":"tag-fi","13":"tag-finland","14":"tag-finnish","15":"tag-headlines","16":"tag-latest-news","17":"tag-latestnews","18":"tag-main-news","19":"tag-mainnews","20":"tag-news","21":"tag-otsikot","22":"tag-paauutiset","23":"tag-suomi","24":"tag-top-stories","25":"tag-topstories","26":"tag-uutiset"},"share_on_mastodon":{"url":"https:\/\/pubeurope.com\/@fi\/115881844625607661","error":""},"_links":{"self":[{"href":"https:\/\/www.europesays.com\/fi\/wp-json\/wp\/v2\/posts\/140360","targetHints":{"allow":["GET"]}}],"collection":[{"href":"https:\/\/www.europesays.com\/fi\/wp-json\/wp\/v2\/posts"}],"about":[{"href":"https:\/\/www.europesays.com\/fi\/wp-json\/wp\/v2\/types\/post"}],"author":[{"embeddable":true,"href":"https:\/\/www.europesays.com\/fi\/wp-json\/wp\/v2\/users\/2"}],"replies":[{"embeddable":true,"href":"https:\/\/www.europesays.com\/fi\/wp-json\/wp\/v2\/comments?post=140360"}],"version-history":[{"count":0,"href":"https:\/\/www.europesays.com\/fi\/wp-json\/wp\/v2\/posts\/140360\/revisions"}],"wp:featuredmedia":[{"embeddable":true,"href":"https:\/\/www.europesays.com\/fi\/wp-json\/wp\/v2\/media\/140361"}],"wp:attachment":[{"href":"https:\/\/www.europesays.com\/fi\/wp-json\/wp\/v2\/media?parent=140360"}],"wp:term":[{"taxonomy":"category","embeddable":true,"href":"https:\/\/www.europesays.com\/fi\/wp-json\/wp\/v2\/categories?post=140360"},{"taxonomy":"post_tag","embeddable":true,"href":"https:\/\/www.europesays.com\/fi\/wp-json\/wp\/v2\/tags?post=140360"}],"curies":[{"name":"wp","href":"https:\/\/api.w.org\/{rel}","templated":true}]}}