{"id":140390,"date":"2026-01-12T12:02:08","date_gmt":"2026-01-12T12:02:08","guid":{"rendered":"https:\/\/www.europesays.com\/fi\/140390\/"},"modified":"2026-01-12T12:02:08","modified_gmt":"2026-01-12T12:02:08","slug":"ylen-asiakkailta-joulukuu-on-ylen-sisaltojen-kulta-aikaa","status":"publish","type":"post","link":"https:\/\/www.europesays.com\/fi\/140390\/","title":{"rendered":"Ylen asiakkailta: Joulukuu on Ylen sis\u00e4lt\u00f6jen kulta-aikaa"},"content":{"rendered":"<p class=\"ydd-lead font-bold text-lg owl:text-xl\">  Joulu ja itsen\u00e4isyysp\u00e4iv\u00e4 her\u00e4ttiv\u00e4t j\u00e4lleen suuria tunteita.<\/p>\n<p><strong>Ylen asiakaspalveluun saapui joulukuussa 13 320 yhteydenottoa. Loppuvuoden juhlien aikaan suomalaiset kokoontuvat paljon Ylen sis\u00e4lt\u00f6jen \u00e4\u00e4reen. Itsen\u00e4isyysp\u00e4iv\u00e4 ker\u00e4\u00e4 miljoonayleis\u00f6t, ja my\u00f6s joulukuun p\u00e4\u00e4tti miljoonal\u00e4hetys, kun Vuosi vaihtui perinteisesti Yle Areenassa ja Yle TV1:ss\u00e4. Joulumusiikki ja Joulukalenterit kuuluvat monen jouluun, elokuvia unohtamatta.<\/strong><\/p>\n<p>Itsen\u00e4isyysp\u00e4iv\u00e4n ohjelmisto sai paljon kiitosta monipuolisuudestaan. Kritiikki\u00e4 vastaanotettiin mm. Linnan juhlien kuvakulmista.<\/p>\n<p>&#8221;Presidentin itsen\u00e4isyysp\u00e4iv\u00e4n vastaanotto: Hyv\u00e4 ohjelma, ehk\u00e4 paras n\u00e4kemist\u00e4ni (olen 89-vuotias).&#8221; (Asiakaspalaute, Linnan juhlat).<\/p>\n<p>&#8221;SURKEA KUVAKULMA koko k\u00e4ttelyn ajan! On mukava tuijottaa presidenttiparin selk\u00e4\u00e4! Ei pysty n\u00e4kem\u00e4\u00e4n upeita pukuja eik\u00e4 vieraita.&#8221;<\/p>\n<p>Monelle juhlap\u00e4iv\u00e4 oli onnistunut:<\/p>\n<p>&#8221;Syd\u00e4mellisen iso kiitos itsen\u00e4isyysp\u00e4iv\u00e4n iltapuolen ohjelmasta: mahtavaa ollut seurata Katri Helenan konserttia, Linnan juhlia ja jatkoja ja huipentumana viel\u00e4 Nelj\u00e4n Ruusun konsertti! Itsen\u00e4isyysp\u00e4iv\u00e4n illan ohjelma on sopinut juuri meik\u00e4l\u00e4iselle ja &#8217;iskenyt&#8217; minun kotimaisuuteeni !! Kiitos t\u00e4m\u00e4n illan tarjonnasta!&#8221; (Asiakaspalaute, Linnan juhlat)<\/p>\n<p><strong>Joulun perinteet ovat t\u00e4rkeit\u00e4<\/strong><\/p>\n<p>Joulukalenterit, lastenohjelmat (Mouku, Tonttuakatemia) ja perinteiset jouluelokuvat ker\u00e4siv\u00e4t kiitosta. Tv-ohjelmien l\u00e4hetysajoista tulee arvostelua mm. Lumiukon ja ekumeenisen jumalanpalveluksen p\u00e4\u00e4llekk\u00e4isyydest\u00e4. Joulupukin Kuumalle linjalle on aina niin monta soittajaa, ett\u00e4 kaikki eiv\u00e4t p\u00e4\u00e4se pukin ja tonttujen juttusille. Modernit, jazzahtavat sovitukset Kauneimmissa joululauluissa jakoivat mielipiteit\u00e4. Monet kritisoivat uusintojen m\u00e4\u00e4r\u00e4\u00e4.<\/p>\n<p>\u201cKiitos konsertista. Erityisesti Diandran osuus l\u00e4mmitti mielt\u00e4. Miellytt\u00e4v\u00e4t juontajat, mutta h\u00e4iritsi ett\u00e4 lukivat kaiken paperista. Joidenkin laulujen sovitukset eiv\u00e4t sopineet yhteislauluun.\u201d (Asiakaspalaute, Kauneimmat joululaulut)<\/p>\n<p>\u201cYlen ohjelmat uusintoja ja uusintoja. Katsomme samoja ohjelmia uusintoina vuodelta kirves ja kivi. T\u00e4st\u00e4 viel\u00e4 maksetaan. Urheiluakaan ei n\u00e4y kuin maksukanavilla. Mm. Tour de Ski.\u201d (Asiakaspalaute, Ylen ohjelmisto)<\/p>\n<p>Lordi ja muut Euroviisulegendat ihastuttivat <a class=\"link\" href=\"https:\/\/areena.yle.fi\/1-74282705\" rel=\"nofollow noopener\" target=\"_blank\"><strong>El\u00e4m\u00e4ni Biisiss\u00e4<\/strong><\/a>. Mikko Silvennoisen juontaman erikoisjakson vieraina olivat lis\u00e4ksi K\u00e4\u00e4rij\u00e4, Marion Rung, Erika Vikman ja Windows95man Teemu Keisteri.<\/p>\n<p><strong>Paljon rakastettuja kotimaisia sarjoja Areenaan<\/strong><\/p>\n<p>Joulukuussa kuoli kaksi rakastettua taiteilijaa: <strong>Eila Roine<\/strong> ja <strong>Pate Mustaj\u00e4rvi<\/strong>. Patelle j\u00e4rjestettiin muisto-ohjelma, ja arkistosta julkaistiin nyt vuoden alussa Roineen t\u00e4hditt\u00e4mist\u00e4 sarjoista yksi tunnetuin, <a class=\"link\" href=\"https:\/\/areena.yle.fi\/1-4154428\" rel=\"nofollow noopener\" target=\"_blank\">Rintam\u00e4kel\u00e4iset<\/a>. Joulun juhlakauden ohjelmisto ker\u00e4si kiitosta, mutta my\u00f6s kritiikki\u00e4 tuli mm. aikatauluista ja uusinnoista.<\/p>\n<p>    <img loading=\"lazy\" decoding=\"async\" alt=\"Rintam\u00e4kel\u00e4iset. Kuvassa n\u00e4yttelij\u00e4t Sirkka Lehto, Marjut Sariola ja Eila Roine.\" itemprop=\"image\" content=\"https:\/\/images.cdn.yle.fi\/image\/upload\/f_auto,fl_progressive\/fl_keep_iptc\/q_88\/w_7028\/w_700\/v1767858894\/39-1578236695f626a50406.jpg\" data-yle-id=\"39-1578236695f626a50406\" data-crop-coords=\"w_7028\" data-image-width=\"7028\" data-image-version=\"1767858894\" data-copyright=\"Antero Tenhunen. \/Yle. \" data-caption=\"Sirkka Lehto, Marjut Sariola ja Eila Roine Rintam\u00e4kel\u00e4isiss\u00e4. \" data-ydd-modal-src=\"https:\/\/images.cdn.yle.fi\/image\/upload\/f_auto,fl_progressive\/q_auto\/w_7028\/w_1400\/w_1400,h_917,c_fit\/v1767858894\/39-1578236695f626a50406.jpg\" data-ydd-modal-width=\"1400\" data-ydd-modal-height=\"917\" class=\"ydd-image__image js-ydd-image lazyload\" src=\"data:image\/svg+xml,%3Csvg xmlns=\" http:=\"\" viewbox=\"0 0 7028 4604\" id=\"blurhash\" patternunits=\"userSpaceOnUse\" width=\"7028\" height=\"4604\" href=\"data:image\/png;base64,iVBORw0KGgoAAAANSUhEUgAAABAAAAAKCAIAAAAy3EnLAAAACXBIWXMAAA7EAAAOxAGVKw4bAAABK0lEQVQYlSXN2YHcQAgEUKqA1oxkx+SUnIXz9Y6OPoD92JfAw7+\/f0jZrF4N7822bbN2wI\/U90Jbgbly9if7mf2rxmnURhZYJEADG+ikC51wFMAATWAlWgLz1y+iXMVczM38ZX7Q99Qd8CJSViwGo3CnmLX3b4o0LTd4M28vazv9SN0hnkTUpFI4U7ZVZm07foZm8J+hHbAdfJc0ioCjECHbKp9pZu6EmIoazU19ozbRJmiZFiWrYqbO4AzOgJEghIQqoQpSiCysrBH1zLx73D2ekWPmWmlSISIQiAiQgsyKlbMHrrE+T55Xv69n3H2NWSssY4CoYklVIUsz5kjcI84b\/6\/4XP2+rnhuzM5YVjGyUKqSVcWsFcW5qo91PfW54uvsz31hPBbDan0D9ffRGzA8rSQAAAAASUVORK5CYII=\" x=\"0\" y=\"0\" preserveaspectratio=\"xMinYMin slice\" fill=\"url(%23blurhash)\"\/><\/p>\n<p>                  Kuvateksti<br \/>\n          Sirkka Lehto, Marjut Sariola ja Eila Roine Rintam\u00e4kel\u00e4isiss\u00e4. <\/p>\n<p>Kuva: Antero Tenhunen. \/Yle. <\/p>\n<p>            draamasarjat,Rintam\u00e4kel\u00e4iset,Yle El\u00e4v\u00e4 arkisto,televisio-ohjelmat,1970-luku<\/p>\n<p>Saamme paljon toiveita klassikkosarjoista, ja esimerkiksi Rintam\u00e4kel\u00e4isill\u00e4 on oma, uskollinen yleis\u00f6ns\u00e4, vaikka sarja on ollut aiemmin katsottavana Yle Areenassa.<\/p>\n<p>\u201cEila Roineen muistoa kunnioittaen nyt on paras hetki palauttaa Rintam\u00e4kel\u00e4iset takaisin Areenaan. Historiallista Suomi-kuvaa ja poliittista ilmapiiri\u00e4 ansiokkaasti kuvaava teatteritaiteen mestariteos on kenties paras Eila Roineen n\u00e4yttelytaiteenn\u00e4yte ja sarja sis\u00e4lt\u00e4\u00e4 muitakin merkitt\u00e4vi\u00e4 n\u00e4yttelij\u00f6it\u00e4. Sarjan rauhoittava etenemiskulku ja l\u00e4mmin koti ymp\u00e4rist\u00f6 on paikallaan rauhoittamaan nykyp\u00e4iv\u00e4n kiirett\u00e4 ja informaatiotulvaa samalla opettaen menneest\u00e4 Suomesta humoristisen realistisella tavalla. Eila Roineen muistoa kunnioittaen ja h\u00e4nt\u00e4 varten luodun teemasivun Areenassa tehden n\u00e4kyv\u00e4ksi, on nyt mielest\u00e4ni ainut oikea hetki katsoa Rintam\u00e4kel\u00e4iset ja tehd\u00e4 t\u00e4m\u00e4 sarja n\u00e4kyv\u00e4ksi ihmisille. Huikea teos!\u201d (Asiakaspalaute, Eila Roine ja Rintam\u00e4kel\u00e4iset)<\/p>\n<p>Rintam\u00e4kel\u00e4isten lis\u00e4ksi El\u00e4v\u00e4 arkisto on julkaissut monia muita suosikkisarjoja kuten <a class=\"link\" href=\"https:\/\/areena.yle.fi\/1-4435636\" rel=\"nofollow noopener\" target=\"_blank\">Myrskyluodon Maijan<\/a> sek\u00e4 lastenohjelmista suositut <a class=\"link\" href=\"https:\/\/areena.yle.fi\/1-4435636\" rel=\"nofollow noopener\" target=\"_blank\">Susikoira Roi <\/a>-sarjat sek\u00e4 <a class=\"link\" href=\"https:\/\/areena.yle.fi\/1-50828767\" rel=\"nofollow noopener\" target=\"_blank\">Pelle Hermannin<\/a> ensimm\u00e4inen kausi.<\/p>\n<p>    <img loading=\"lazy\" decoding=\"async\" alt=\"Tomi (Paavo Westerberg) ja Roi (poliisikoira Jami) pellolla.\" itemprop=\"image\" content=\"https:\/\/images.cdn.yle.fi\/image\/upload\/f_auto,fl_progressive\/fl_keep_iptc\/q_88\/w_1920\/w_700\/v1528442953\/39-4914915b1a3004f034b.jpg\" data-yle-id=\"39-4914915b1a3004f034b\" data-crop-coords=\"w_1920\" data-image-width=\"1920\" data-image-version=\"1528442953\" data-copyright=\"Yle kuvapalvelu\" data-caption=\"El\u00e4v\u00e4 arkisto julkaisi joulukuussa monia toivottuja lastendraamoja kuten Susikoira Roin. Tomia esitti Paavo Westerberg ja Roi-koiraa poliisikoira Jami.\" data-ydd-modal-src=\"https:\/\/images.cdn.yle.fi\/image\/upload\/f_auto,fl_progressive\/q_auto\/w_1920\/w_1400\/w_1400,h_788,c_fit\/v1528442953\/39-4914915b1a3004f034b.jpg\" data-ydd-modal-width=\"1400\" data-ydd-modal-height=\"788\" class=\"ydd-image__image js-ydd-image lazyload\" src=\"data:image\/svg+xml,%3Csvg xmlns=\" http:=\"\" viewbox=\"0 0 1920 1080\" id=\"blurhash\" patternunits=\"userSpaceOnUse\" width=\"1920\" height=\"1080\" href=\"data:image\/png;base64,iVBORw0KGgoAAAANSUhEUgAAABAAAAAJCAIAAAC0SDtlAAAACXBIWXMAAA7EAAAOxAGVKw4bAAAA\/ElEQVQYlSXOyYHQQBADQKmPMZvxBgJRcjz2gz2elnhQERS\/\/\/gkI6Orr+5rrau7uzMzIgzIHnk0I43sSoJ00LSg8RwFRQQEgDRhwqRJEK4rDcA+ONDoPcdvo5MroyMTESDtsGkJtUI2RjPnPUM7TpZW8ar4VnVlFiNJwDTCRQ1kvJpn9iMNgjFX+WNxOtRxFSsZDMBA7XtLPnueZ\/Y984rk+9ScbS3NmtPdlRkMEqyvr1vyHL+vzvaMAdac197y\/c56Tq+qyoggo37+\/gvQ\/4MOgAD38H6Qc+pRr6nOqsrKjKhffzaDmZUdWRmZIA3oSEd4TuRkZ7eqMzP\/AXPjt6bJe18eAAAAAElFTkSuQmCC\" x=\"0\" y=\"0\" preserveaspectratio=\"xMinYMin slice\" fill=\"url(%23blurhash)\"\/><\/p>\n<p>                  Kuvateksti<br \/>\n          El\u00e4v\u00e4 arkisto julkaisi joulukuussa monia toivottuja lastendraamoja kuten Susikoira Roin. Tomia esitti Paavo Westerberg ja Roi-koiraa poliisikoira Jami.<\/p>\n<p>Kuva: Yle kuvapalvelu<\/p>\n<p>            Paavo Westerberg,Yle El\u00e4v\u00e4 arkisto,Susikoira Roi<\/p>\n<p><strong>Mill\u00e4 perusteella Yle valitsee, mitk\u00e4 vanhat sarjat (kuten Raid, Taivaan tulet tai Hovim\u00e4ki) tuodaan takaisin katsottaviksi Areenaan? Vastauksen saimme El\u00e4v\u00e4n arkiston toimituksesta.<\/strong><\/p>\n<p>\u201cT\u00e4rke\u00e4 julkaisujen valintaperuste on yleis\u00f6lt\u00e4 tulleet toiveet. Toiveiden perusteella selvit\u00e4mme, onko ohjelmaa tekij\u00e4noikeudellisesti mahdollista julkaista.<\/p>\n<p>Yle voi julkaista Ylen omatuotatoisia arkiston draamaohjelmia Ylen ja tekij\u00f6it\u00e4 edustavien j\u00e4rjest\u00f6jen kanssa solmitulla sopimuksella. Sopimuksessa on sovittu vuosittain julkaistavien ohjelmien enimm\u00e4istuntim\u00e4\u00e4r\u00e4. Joudummekin harkitsemaan tarkoin vuosittain julkaistavat nimikkeet. Meille on t\u00e4rke\u00e4\u00e4 tarjota keskeisten ja toivotuimpien arkistosis\u00e4lt\u00f6jen lis\u00e4ksi monipuolinen kattaus yleis\u00f6n katsottavaksi ja kuunneltavaksi.<\/p>\n<p>Arkistossa on my\u00f6s ohjelmia, jotka eiv\u00e4t kuulu sopimuksen piiriin.\u201d<\/p>\n<p>    <img loading=\"lazy\" decoding=\"async\" alt=\"Nuori nainen seisoo peilin edess\u00e4, h\u00e4n pitelee viulua.\" itemprop=\"image\" content=\"https:\/\/images.cdn.yle.fi\/image\/upload\/f_auto,fl_progressive\/fl_keep_iptc\/q_88\/w_5000\/w_700\/v1749121457\/39-1476402684178ecdb558.jpg\" data-yle-id=\"39-1476402684178ecdb558\" data-crop-coords=\"w_5000\" data-image-width=\"5000\" data-image-version=\"1749121457\" data-copyright=\"Jukka Lintinen\" data-caption=\"\" data-ydd-modal-src=\"https:\/\/images.cdn.yle.fi\/image\/upload\/f_auto,fl_progressive\/q_auto\/w_5000\/w_1400\/w_1400,h_787,c_fit\/v1749121457\/39-1476402684178ecdb558.jpg\" data-ydd-modal-width=\"1400\" data-ydd-modal-height=\"787\" class=\"ydd-image__image js-ydd-image lazyload\" src=\"data:image\/svg+xml,%3Csvg xmlns=\" http:=\"\" viewbox=\"0 0 5000 2812\" id=\"blurhash\" patternunits=\"userSpaceOnUse\" width=\"5000\" height=\"2812\" href=\"data:image\/png;base64,iVBORw0KGgoAAAANSUhEUgAAABAAAAAJCAIAAAC0SDtlAAAACXBIWXMAAA7EAAAOxAGVKw4bAAABK0lEQVQYlQXBS3ITUQwFUN0r6b122y6cyiSjLIB1sQEWwSaZwgyoVJyO234fiXPw7fuPjCFtk9sf3X6X289l\/Fr9aT1\/XS6v5fJilyecT7IuUS2NVpQCQglXLV7msaoVPbjSKEZRCAAhSU2lfakqkVRXLs6Tl2fvWaBe1V1MU1VghCuqi5udC5mqZmbV\/ej14j01pprRkhpUoYJm9ILqtjCRaYBDXdyxGFfOBwEgIIM5iSBFlVC16A9IRPYZUyNnAgkJSZmYnb3naNm7jCFjwNS27RMSzGa529x93K03m80kdDyIO8vOurMUEJLT\/r29iwSyIXadm81r7R81WmUttZrsajvsU6iSkb3Z37drSkS0iJuMDx\/vh3k95TzaaV0PFc38Dt\/DdEpEb\/8B7auV6effIOQAAAAASUVORK5CYII=\" x=\"0\" y=\"0\" preserveaspectratio=\"xMinYMin slice\" fill=\"url(%23blurhash)\"\/><\/p>\n<p>Kuva: Jukka Lintinen<\/p>\n<p>            Yle<\/p>\n<p><strong>RSO:n arki kiinnostaa<\/strong><\/p>\n<p>Uusista kotimaisista ohjelmista RSO:n soittajien arjesta kertova 99 valittua &#8211; Huippuorkesterin kulisseissa ker\u00e4\u00e4 kiitosta:<\/p>\n<p>\u201cT\u00e4m\u00e4 oli aivan fantastinen sarja. Nyt katson RSO:n konsertteja televisiosta uusin silmin, kun on saanut tutustua v\u00e4h\u00e4n orkesterin arkeen. Siell\u00e4 on nyt monta &#8221;tuttua&#8221; soittajaa. Toivon sarjalle jatkoa!!!\u201d (Asiakaspalaute, 99 valittua)<\/p>\n<p><strong>Ylell\u00e4 taas paljon laadukkaita ulkomaisia sarjoja<\/strong><\/p>\n<p>Uusia ulkomaisia sarjojakin on tarjolla heti alkuvuodesta. <a class=\"link\" href=\"https:\/\/areena.yle.fi\/1-76505937\" rel=\"nofollow noopener\" target=\"_blank\">Joulukaupan mysteerit<\/a> her\u00e4tti heti kyselyit\u00e4 uudemmista kausista, joita on ehk\u00e4 my\u00f6hemmin Ylelt\u00e4 tulossa:<\/p>\n<p>\u201cToivottavasti Ylelle on tulossa Joulukaupan mysteerit -sarjan toinen kausi?! Ensimm\u00e4inen kolmiosainen kausi j\u00e4tti taustatarinan t\u00e4ysin kesken\/auki joten toivottavasti my\u00f6s toinen kausi olisi tulossa?! Ja sarjaa tehd\u00e4\u00e4n my\u00f6s kolmoskausi joten sekin olisi kiva tulevaisuudessa saada katsottavaksi :)\u201d<\/p>\n<p>Tammikuussa alkavia ulkomaisia sarjoja ovat mm. Kolme naista 6.1.2026 (Yhdysvallat), Pikkukaupungin poliisi 7.1.2026 (Kanada), Castamarin keitt\u00e4j\u00e4t\u00e4r 13.1.2026 (Espanja), Pirullinen peli 16.1.2026 (Britannia) ja Pako Boliviasta 25.1.2026 (Norja).<\/p>\n<p>    <img loading=\"lazy\" decoding=\"async\" alt=\"Talviolympialaiset Milano Cortina 2026 j\u00e4\u00e4kiekon juontajat key-image \" itemprop=\"image\" content=\"https:\/\/images.cdn.yle.fi\/image\/upload\/f_auto,fl_progressive\/fl_keep_iptc\/q_88\/w_4000\/w_700\/v1761725943\/39-15445916900a49d31e0a.jpg\" data-yle-id=\"39-15445916900a49d31e0a\" data-crop-coords=\"w_4000\" data-image-width=\"4000\" data-image-version=\"1761725943\" data-copyright=\"Jukka Lintinen \/ Yle, visualisti: Joonas Haverinen\" data-caption=\"\" data-ydd-modal-src=\"https:\/\/images.cdn.yle.fi\/image\/upload\/f_auto,fl_progressive\/q_auto\/w_4000\/w_1400\/w_1400,h_788,c_fit\/v1761725943\/39-15445916900a49d31e0a.jpg\" data-ydd-modal-width=\"1400\" data-ydd-modal-height=\"788\" class=\"ydd-image__image js-ydd-image lazyload\" src=\"data:image\/svg+xml,%3Csvg xmlns=\" http:=\"\" viewbox=\"0 0 4000 2250\" id=\"blurhash\" patternunits=\"userSpaceOnUse\" width=\"4000\" height=\"2250\" href=\"data:image\/png;base64,iVBORw0KGgoAAAANSUhEUgAAABAAAAAJCAIAAAC0SDtlAAAACXBIWXMAAA7EAAAOxAGVKw4bAAABJ0lEQVQYlQXBSXLcQAwEwCoA3eRoLN0c4Q\/67rf6C754VYRGItkbAGfy29dfythtPJV2365966UsMTq1R\/kY+nby71v8fJ0\/\/szvv6cRSSaZlAQDDIpTQCYBkRShapqhFn6+iRFBBOiQBVu0Qes0F1LdTK2Y1aK3XV4+yZesljGTkViQCR2wC3bCOhECVatme637bdue7zXEbK2RGWbDczia8ww+wCMxApK5A88iL2a2bbzT7OrNNCij1Fa8mV\/0D8Ej85oLfd7HxFo18kmIImKP4yoWganW1bpIi2yU0+McC2fn2W5HH62vOT087PXRaonIqdpVBzHnWqBP92vyaH40P4f34e6e6fbvfdxqqsytzM2WInxlAM3l6Hxv8n7hGunLES5Y\/wHcBc76o7WJTQAAAABJRU5ErkJggg==\" x=\"0\" y=\"0\" preserveaspectratio=\"xMinYMin slice\" fill=\"url(%23blurhash)\"\/><\/p>\n<p>Kuva: Jukka Lintinen \/ Yle, visualisti: Joonas Haverinen<\/p>\n<p>            Talviolympialaiset Milano Cortina 2026,j\u00e4\u00e4kiekko,Jussi Jokinen,Riku Salminen,Anni J\u00e4ms\u00e4<\/p>\n<p><strong>Olympiahuuma alkaa<\/strong><\/p>\n<p>Milanon ja Cortinan olympialaiset l\u00e4hestyv\u00e4t, ja moni kyselee aikataulujen per\u00e4\u00e4n. Yle v\u00e4litt\u00e4\u00e4 kisatapahtumat laajasti: Yle Areenassa, Yle TV2:ssa, Yle TV1:ss\u00e4 ja Yle Radio Suomessa seurataan kilpailuja aamusta yli puoleny\u00f6n.<\/p>\n<p>Suomalaisittain suurta kiinnostusta her\u00e4tt\u00e4v\u00e4t erityisesti j\u00e4\u00e4kiekko, maastohiihto sek\u00e4 ampumahiihto, joiden kilpailut k\u00e4yd\u00e4\u00e4n Pohjois-Italiassa. Ensimm\u00e4iset lajit alkavat jo ennen virallisia avajaisia, jotka j\u00e4rjestet\u00e4\u00e4n 6. helmikuuta Milanossa.<\/p>\n<p>TIESITK\u00d6, ett\u00e4 Ylen 100-vuotisjuhlavuoden kunniaksi suositun lukumaratonin aiheena ovat Muumit? Yleis\u00f6 sai ehdottaa lukijoita, ja l\u00e4hetys alkaa 1.2. kest\u00e4en noin 30 tuntia. Juhlavuoden aikana on luvassa paljon muutakin ohjelmistoa. Yle 100 -ohjelmistoa on jo kanavillamme. Yle Teema ja Yle Areena tarjoavat vuoden aikana mm. sata suomalaista elokuvaa.<\/p>\n<p>Juhlavuoden <a class=\"link\" href=\"https:\/\/areena.yle.fi\/1-71187471\" rel=\"nofollow noopener\" target=\"_blank\">Olipa kerran televisio<\/a> -sarja kertoo meille tarinan tv:n vuosikymmenist\u00e4:<\/p>\n<p>Ylen satavuotisen taipaleen kunniaksi avaamme ovemme noin nelj\u00e4llekymmenelle suomalaiselle<a class=\"link\" href=\"https:\/\/yle.fi\/aihe\/a\/20-10009000\" rel=\"nofollow noopener\" target=\"_blank\"> Yle 100 -kunniavieras -kampanjan<\/a> merkeiss\u00e4. Iida on yksi heist\u00e4:<\/p>\n<p>Kurkistuksia kunniavieraiden p\u00e4iviin julkaistaan kev\u00e4\u00e4n mittaan muutaman kerran kuussa <a class=\"link\" href=\"https:\/\/areena.yle.fi\/1-76965382\" rel=\"nofollow noopener\" target=\"_blank\">Yle Areenassa<\/a> ja Ylen sometileill\u00e4.<\/p>\n<p>Ylen asiakkailta -koosteessa kerromme kuukausittain, millaisia palautteita ja terveisi\u00e4 olemme saaneet suomalaisilta. Kerromme palautem\u00e4\u00e4rist\u00e4, julkaisemme anonyymisti asiakkaidemme viestej\u00e4 sek\u00e4 kerromme my\u00f6s kritiikin aiheista. Ylen asiakaspalvelu vastaanottaa vuosittain noin 200 000 palautetta. Palautteella on Ylelle suuri merkitys.<\/p>\n<p>Ruotsinkielinen versio on luettavissa <a class=\"link\" href=\"https:\/\/svenska.yle.fi\/a\/7-10091101\" rel=\"nofollow noopener\" target=\"_blank\">t\u00e4\u00e4ll\u00e4<\/a>.<\/p>\n","protected":false},"excerpt":{"rendered":"Joulu ja itsen\u00e4isyysp\u00e4iv\u00e4 her\u00e4ttiv\u00e4t j\u00e4lleen suuria tunteita. Ylen asiakaspalveluun saapui joulukuussa 13 320 yhteydenottoa. Loppuvuoden juhlien aikaan suomalaiset&hellip;\n","protected":false},"author":2,"featured_media":140391,"comment_status":"","ping_status":"","sticky":false,"template":"","format":"standard","meta":{"footnotes":""},"categories":[130],"tags":[137,33,31,30,32,109],"class_list":{"0":"post-140390","1":"post","2":"type-post","3":"status-publish","4":"format-standard","5":"has-post-thumbnail","7":"category-viihde","8":"tag-entertainment","9":"tag-fi","10":"tag-finland","11":"tag-finnish","12":"tag-suomi","13":"tag-viihde"},"share_on_mastodon":{"url":"https:\/\/pubeurope.com\/@fi\/115882029359789383","error":""},"_links":{"self":[{"href":"https:\/\/www.europesays.com\/fi\/wp-json\/wp\/v2\/posts\/140390","targetHints":{"allow":["GET"]}}],"collection":[{"href":"https:\/\/www.europesays.com\/fi\/wp-json\/wp\/v2\/posts"}],"about":[{"href":"https:\/\/www.europesays.com\/fi\/wp-json\/wp\/v2\/types\/post"}],"author":[{"embeddable":true,"href":"https:\/\/www.europesays.com\/fi\/wp-json\/wp\/v2\/users\/2"}],"replies":[{"embeddable":true,"href":"https:\/\/www.europesays.com\/fi\/wp-json\/wp\/v2\/comments?post=140390"}],"version-history":[{"count":0,"href":"https:\/\/www.europesays.com\/fi\/wp-json\/wp\/v2\/posts\/140390\/revisions"}],"wp:featuredmedia":[{"embeddable":true,"href":"https:\/\/www.europesays.com\/fi\/wp-json\/wp\/v2\/media\/140391"}],"wp:attachment":[{"href":"https:\/\/www.europesays.com\/fi\/wp-json\/wp\/v2\/media?parent=140390"}],"wp:term":[{"taxonomy":"category","embeddable":true,"href":"https:\/\/www.europesays.com\/fi\/wp-json\/wp\/v2\/categories?post=140390"},{"taxonomy":"post_tag","embeddable":true,"href":"https:\/\/www.europesays.com\/fi\/wp-json\/wp\/v2\/tags?post=140390"}],"curies":[{"name":"wp","href":"https:\/\/api.w.org\/{rel}","templated":true}]}}