{"id":140394,"date":"2026-01-12T12:06:07","date_gmt":"2026-01-12T12:06:07","guid":{"rendered":"https:\/\/www.europesays.com\/fi\/140394\/"},"modified":"2026-01-12T12:06:07","modified_gmt":"2026-01-12T12:06:07","slug":"taysi-hassakka-paalla-kansanedustajan-ulostulosta-iltalehti","status":"publish","type":"post","link":"https:\/\/www.europesays.com\/fi\/140394\/","title":{"rendered":"T\u00e4ysi h\u00e4ss\u00e4kk\u00e4 p\u00e4\u00e4ll\u00e4 kansanedustajan ulostulosta &#8211; Iltalehti"},"content":{"rendered":"<ol>\n<li><a href=\"https:\/\/news.google.com\/rss\/articles\/CBMif0FVX3lxTE1xaFRxX0VsMXE1ZmZXZlB0MjY0NFJHN21uNjMwcl9LSl81Z3VIS0dtaDFNLTctT0FnaGtYc0xsSkQxNjlNZG5IVUNqV2h2bWZHUk4ydWswR1VkaU1zMmkxeXRSSWJvcGo2Q2Z6elF1R3Y2bWNtelpiV1Vkd0gwRnM?oc=5\" target=\"_blank\" rel=\"nofollow noopener\">T\u00e4ysi h\u00e4ss\u00e4kk\u00e4 p\u00e4\u00e4ll\u00e4 kansanedustajan ulostulosta<\/a>&nbsp;&nbsp;Iltalehti<\/li>\n<li><a href=\"https:\/\/news.google.com\/rss\/articles\/CBMilwFBVV95cUxPNWpTS3lmRDhMbGR2SDdGaTNwdmtEeWJCZHp2UlZDZ0pFdlhRNWNCOXFsSG1hZ0oxZnRRRkRkSlhRU1ZUdWdyVXRzMUluMlVPdHBST3BvYjUwS2lqeTFIcGhFbDhBUjZveXdQcUx4dEFPU3d6UmNzZ0tIQWVXdjhxQUI2WFE1aUlvcmpEQXpnTngtTWZfRmRj?oc=5\" target=\"_blank\" rel=\"nofollow noopener\">Vasemmistoliitosta kipakka vastaus KD:lle: Emme ole hiljaa Iranista<\/a>&nbsp;&nbsp;Verkkouutiset<\/li>\n<li><a href=\"https:\/\/news.google.com\/rss\/articles\/CBMif0FVX3lxTFBlcF9NZzl6dGt6R05WaHZobXRXYm1OLU40N3pNTkt0WjYySkZnUGFoTWJwb3pudWpVaVlQT0t5ZHI4STdBSm9CZTlkTUtELVNiSGtvMWFzNlpmdDR2WVJLWHNIMFYwQzVnVkozMmdQMmlJT3lkQk5NLU9HRDdBZVE?oc=5\" target=\"_blank\" rel=\"nofollow noopener\">\u201dVihervasemmistolle\u201d raju palaute Iranista \u2013 \u201dHiljaisuus on korvia huumaavaa\u201d<\/a>&nbsp;&nbsp;Iltalehti<\/li>\n<li><a href=\"https:\/\/news.google.com\/rss\/articles\/CBMilgFBVV95cUxOTDctOEptdTZSSnYwNmxYU1p4NWJkaXJiY1RXcGh2UFlZdE5GTWtPOGpzd0c2MUFLdjFsSjNrREd0NGtBSDRMc2FTalV3TFRwMTVtVTNHV3FyTFlGRVQ5bnZCb0QzNTlBbjBvakZoMG5LeTJPSEdMV3M5LU9lLUk3UDhFUFF4em0zeG9zZXo4SXBWeWxHNGc?oc=5\" target=\"_blank\" rel=\"nofollow noopener\">S\u00e4\u00e4nt\u00f6jen murros kansainv\u00e4lisess\u00e4 politiikassa: miksi j\u00e4rjestelm\u00e4 ei kest\u00e4<\/a>&nbsp;&nbsp;Ilkka-Pohjalainen<\/li>\n<li><a href=\"https:\/\/news.google.com\/rss\/articles\/CBMi7AFBVV95cUxPY2xMb1VFMm92WWZZRmVnN2dNZ2N6MHpDZkxVeXgxVjJ0emxyU25NSWRBUTgzZlNJMFBOQkpsdzB4VHJqVy1yMVNLdFBPT0NpU2x0OFdPc2FWeUZndzN5bllwT1NYSjVCOWFYLVF6aEZ2RnQyMTRMMzNMN2RxT2hMS2kxLTFvelc5ODdLam5rYjE1U1ZlMkN2UV9yRUF3ekdtRU52SjFLUHRBbnpwcnQtdUtQWDFtYWwxS3dlOXF5LUp3YnN0RnVkdU03Q2o1Ym16dUswOE5NRkJfcVRUY2NoUmJQX216M0t0d2lJbg?oc=5\" target=\"_blank\" rel=\"nofollow noopener\">Pia Lohikoski: Vasemmisto ei ole ihmisoikeusloukkausten edess\u00e4 hiljaa, \u00d6stman ja Niinist\u00f6!<\/a>&nbsp;&nbsp;STT Info<\/li>\n<\/ol>\n","protected":false},"excerpt":{"rendered":"T\u00e4ysi h\u00e4ss\u00e4kk\u00e4 p\u00e4\u00e4ll\u00e4 kansanedustajan ulostulosta&nbsp;&nbsp;Iltalehti Vasemmistoliitosta kipakka vastaus KD:lle: Emme ole hiljaa Iranista&nbsp;&nbsp;Verkkouutiset \u201dVihervasemmistolle\u201d raju palaute Iranista \u2013&hellip;\n","protected":false},"author":2,"featured_media":140395,"comment_status":"","ping_status":"","sticky":false,"template":"","format":"standard","meta":{"footnotes":""},"categories":[14],"tags":[35,22,23,26,27,33,31,30,17,24,25,28,29,15,18,21,142,637,886,885,887,32,19,20,56,16,59,60,61],"class_list":{"0":"post-140394","1":"post","2":"type-post","3":"status-publish","4":"format-standard","5":"has-post-thumbnail","7":"category-ulkomaat","8":"tag-24h","9":"tag-breaking-news","10":"tag-breakingnews","11":"tag-featured-news","12":"tag-featurednews","13":"tag-fi","14":"tag-finland","15":"tag-finnish","16":"tag-headlines","17":"tag-latest-news","18":"tag-latestnews","19":"tag-main-news","20":"tag-mainnews","21":"tag-news","22":"tag-otsikot","23":"tag-paauutiset","24":"tag-poliitikot","25":"tag-politiikka","26":"tag-puolueet","27":"tag-suomen-poliittiset-puolueet","28":"tag-suomen-politiikka","29":"tag-suomi","30":"tag-top-stories","31":"tag-topstories","32":"tag-ulkomaat","33":"tag-uutiset","34":"tag-world","35":"tag-world-news","36":"tag-worldnews"},"share_on_mastodon":{"url":"https:\/\/pubeurope.com\/@fi\/115882045226291276","error":""},"_links":{"self":[{"href":"https:\/\/www.europesays.com\/fi\/wp-json\/wp\/v2\/posts\/140394","targetHints":{"allow":["GET"]}}],"collection":[{"href":"https:\/\/www.europesays.com\/fi\/wp-json\/wp\/v2\/posts"}],"about":[{"href":"https:\/\/www.europesays.com\/fi\/wp-json\/wp\/v2\/types\/post"}],"author":[{"embeddable":true,"href":"https:\/\/www.europesays.com\/fi\/wp-json\/wp\/v2\/users\/2"}],"replies":[{"embeddable":true,"href":"https:\/\/www.europesays.com\/fi\/wp-json\/wp\/v2\/comments?post=140394"}],"version-history":[{"count":0,"href":"https:\/\/www.europesays.com\/fi\/wp-json\/wp\/v2\/posts\/140394\/revisions"}],"wp:featuredmedia":[{"embeddable":true,"href":"https:\/\/www.europesays.com\/fi\/wp-json\/wp\/v2\/media\/140395"}],"wp:attachment":[{"href":"https:\/\/www.europesays.com\/fi\/wp-json\/wp\/v2\/media?parent=140394"}],"wp:term":[{"taxonomy":"category","embeddable":true,"href":"https:\/\/www.europesays.com\/fi\/wp-json\/wp\/v2\/categories?post=140394"},{"taxonomy":"post_tag","embeddable":true,"href":"https:\/\/www.europesays.com\/fi\/wp-json\/wp\/v2\/tags?post=140394"}],"curies":[{"name":"wp","href":"https:\/\/api.w.org\/{rel}","templated":true}]}}