{"id":140400,"date":"2026-01-12T12:20:12","date_gmt":"2026-01-12T12:20:12","guid":{"rendered":"https:\/\/www.europesays.com\/fi\/140400\/"},"modified":"2026-01-12T12:20:12","modified_gmt":"2026-01-12T12:20:12","slug":"tahdet-tahdet-2026-tassa-ovat-kilpailijat","status":"publish","type":"post","link":"https:\/\/www.europesays.com\/fi\/140400\/","title":{"rendered":"T\u00e4hdet, t\u00e4hdet 2026: T\u00e4ss\u00e4 ovat kilpailijat"},"content":{"rendered":"<p class=\"ingress\">Kev\u00e4\u00e4ll\u00e4 alkavassa T\u00e4hdet, t\u00e4hdet -suosikkiohjelmassa on mukana monia kiinnostavia persoonia.<\/p>\n<p>T\u00e4hdet, t\u00e4hdet palaa j\u00e4lleen kev\u00e4\u00e4ll\u00e4 ruutuihin. Suosikkiohjelmassa julkisuudesta tutut viihdytt\u00e4j\u00e4t heitt\u00e4ytyv\u00e4t eri musiikkigenreihin joka viikko.\u00a0<\/p>\n<p>Vuoden 2026 T\u00e4hdet, t\u00e4hdet -kilpailijoina n\u00e4hd\u00e4\u00e4n n\u00e4yttelij\u00e4 <strong>Mikko Penttil\u00e4<\/strong>, laulaja <strong>Ami Aspelund<\/strong>, ys\u00e4rilt\u00e4 tuttu <strong>Waldo<\/strong>, laulaja <strong>Annika Eklund<\/strong>, vatsastapuhuja <strong>Sari Aalto<\/strong>, reggae-muusikko <strong>Jukka Poika<\/strong>, laulaja <strong>Venla Edelmann<\/strong>, laulaja <strong>Noora Louhimo<\/strong> ja oopperalaulaja <strong>Aarne Pelkonen<\/strong>.<\/p>\n<p>Ohjelman vakiotuomareina n\u00e4hd\u00e4\u00e4n aikaisemmilta kausilta tutut <strong>Lilli Paasikivi<\/strong> ja <strong>Sami Yaffa<\/strong>. Ohjelman juontajana toimii<strong> Susanna Laine<\/strong>.<\/p>\n<p>T\u00e4ss\u00e4 ovat T\u00e4hdet, t\u00e4hdet -kilpailijat 2026<\/p>\n<p><strong>Venla Edelmann<\/strong><\/p>\n<p>    <a href=\"https:\/\/anna.fi\/wp-content\/uploads\/2026\/01\/venla-edelmann.jpg\" rel=\"nofollow noopener\" target=\"_blank\"><img fetchpriority=\"high\" decoding=\"async\" alt=\"\" class=\"wp-image-690206 awpo-lqip awpo-lazy\" width=\"1400\" height=\"2100\" style=\"--aspect-ratio: 0.67\" src=\"https:\/\/www.europesays.com\/fi\/wp-content\/uploads\/2026\/01\/venla-edelmann.jpg\"\/><\/a>    <\/p>\n<p>          \u00a9 Mojo Er\u00e4mets\u00e4        <\/p>\n<p>Vahva\u00e4\u00e4ninen Venla Edelmann<strong> <\/strong>on tehnyt laulamisen lis\u00e4ksi t\u00f6it\u00e4 mallina ja n\u00e4yttelij\u00e4n\u00e4. Venla on my\u00f6s esiintynyt konserttikiertueilla ja levytt\u00e4nyt yhdess\u00e4 is\u00e4ns\u00e4<strong> Samuli Edelmannin<\/strong> kanssa. Lapsuutensa Maltalla viett\u00e4nyt Venla ei edes harkinnut laulajan uraa ennen lukiovuosia. T\u00e4ll\u00f6in h\u00e4n huomasi, miten antoisaa laulaminen voi olla. <\/p>\n<p><strong>Waldo<\/strong><\/p>\n<p>    <a href=\"https:\/\/anna.fi\/wp-content\/uploads\/2026\/01\/waldo.jpg\" rel=\"nofollow noopener\" target=\"_blank\"><img loading=\"lazy\" decoding=\"async\" alt=\"\" class=\"wp-image-690205 awpo-lqip awpo-lazy\" width=\"1400\" height=\"2100\" style=\"--aspect-ratio: 0.67\" src=\"https:\/\/www.europesays.com\/fi\/wp-content\/uploads\/2026\/01\/waldo.jpg\"\/><\/a>    <\/p>\n<p>          \u00a9 Mojo Er\u00e4mets\u00e4        <\/p>\n<p>Positiivinen ja m\u00e4\u00e4r\u00e4tietoinen laulaja ja lauluntekij\u00e4\u00a0<strong>Waldo <\/strong>nousi tunnetuksi 1990-luvun puoliv\u00e4liss\u00e4 eurodance-tyylisell\u00e4 musiikilla. H\u00e4n on tehnyt musiikkia sek\u00e4 sooloartistina ett\u00e4 Waldo\u2019s People -yhtyeen perustajana ja keulahahmona. Waldo\u2019s People edusti Suomea Euroviisuissa 2009 kappaleella Lose Control. <\/p>\n<p><strong>Noora Louhimo<\/strong><\/p>\n<p>    <a href=\"https:\/\/anna.fi\/wp-content\/uploads\/2026\/01\/noora-louhimo.jpg\" rel=\"nofollow noopener\" target=\"_blank\"><img loading=\"lazy\" decoding=\"async\" alt=\"\" class=\"wp-image-690204 awpo-lqip awpo-lazy\" style=\"--aspect-ratio: 0.67\" width=\"1400\" height=\"2100\" src=\"https:\/\/www.europesays.com\/fi\/wp-content\/uploads\/2026\/01\/noora-louhimo.jpg\"\/><\/a>    <\/p>\n<p>          \u00a9 Mojo Er\u00e4mets\u00e4        <\/p>\n<p>Upeasta lavakarismastaan tunnettu Noora Louhimo on rakentanut uraansa monipuolisena artistina liki 20 vuotta. Suureen suosioon Noora nousi heavy metal -yhtye Battle Beastin keulakuvana, jossa h\u00e4n ehti vaikuttaa 13 vuotta. Sinnik\u00e4s ja intohimoinen artisti on valloittanut ihmisten syd\u00e4met ymp\u00e4ri maailmaa ainutlaatuisella \u00e4\u00e4nell\u00e4\u00e4n ja persoonallisella lavaesiintymisell\u00e4\u00e4n. <\/p>\n<p><strong>Lue my\u00f6s: <a href=\"https:\/\/anna.fi\/ihmiset\/noora-louhimo-oli-kuolla-kahdesti\" rel=\"nofollow noopener\" target=\"_blank\">Laulaja Noora Louhimo on k\u00e4ynyt kahdesti l\u00e4hell\u00e4 kuolemaa \u2013 \u201dYmm\u00e4rsin, miten hiuskarvan varassa el\u00e4m\u00e4 voi olla\u201d<\/a><\/strong><\/p>\n<p><strong>Ami Aspelund<\/strong><\/p>\n<p>    <a href=\"https:\/\/anna.fi\/wp-content\/uploads\/2026\/01\/ami-aspelund.jpg\" rel=\"nofollow noopener\" target=\"_blank\"><img loading=\"lazy\" decoding=\"async\" alt=\"\" class=\"wp-image-690207 awpo-lqip awpo-lazy\" width=\"1400\" height=\"2100\" style=\"--aspect-ratio: 0.67\" src=\"https:\/\/www.europesays.com\/fi\/wp-content\/uploads\/2026\/01\/ami-aspelund.jpg\"\/><\/a>    <\/p>\n<p>          \u00a9 Mojo Er\u00e4mets\u00e4        <\/p>\n<p>Ami Aspelund on viett\u00e4nyt yli puoli vuosisataa viihdealan parissa ja tehnyt merkitt\u00e4v\u00e4n el\u00e4m\u00e4nty\u00f6n. H\u00e4n saavutti suuren suosion hitill\u00e4\u00e4n Apinamies vuonna 1973 ja edusti Suomea vuoden 1983 Euroviisuissa kappaleella Fantasiaa, sijoittuen sijalle 11. Monipuolinen laulaja-n\u00e4yttelij\u00e4 on julkaissut useita albumeja suomeksi ja ruotsiksi sek\u00e4 esiintynyt konserteissa, musikaaleissa ja TV-ohjelmissa. <\/p>\n<p><strong>Lue my\u00f6s: <a href=\"https:\/\/anna.fi\/ihmiset\/elama-antoi-eri-asioita-mutta-kateutta-sisarukset-ami-ja-monica-aspelund-eivat-tunne-ami-on-paras-ystavani\" rel=\"nofollow noopener\" target=\"_blank\">El\u00e4m\u00e4 antoi eri asioita, mutta kateutta sisarukset Ami ja Monica Aspelund eiv\u00e4t tunne: \u201dAmi on paras yst\u00e4v\u00e4ni\u201d<\/a><\/strong><\/p>\n<p><strong>Annika Eklund<\/strong><\/p>\n<p>    <a href=\"https:\/\/anna.fi\/wp-content\/uploads\/2026\/01\/annika-eklund.jpg\" rel=\"nofollow noopener\" target=\"_blank\"><img loading=\"lazy\" decoding=\"async\" alt=\"\" class=\"wp-image-690208 awpo-lqip awpo-lazy\" width=\"1400\" height=\"2100\" style=\"--aspect-ratio: 0.67\" src=\"https:\/\/www.europesays.com\/fi\/wp-content\/uploads\/2026\/01\/annika-eklund.jpg\"\/><\/a>    <\/p>\n<p>          \u00a9 Mojo Er\u00e4mets\u00e4        <\/p>\n<p>Luova ja energinen laulaja\u00a0<strong>Annika Eklund<\/strong> tunnetaan erityisesti hitist\u00e4\u00e4n Shanghain valot. H\u00e4n on keikkaillut ymp\u00e4ri Suomea vuosikymmenten ajan. Annika aloitti esiintymiset jo 13-vuotiaana. Koulutukseltaan Annika on musiikkipedagogi, ja laulamisen lis\u00e4ksi positiivinen viihdytt\u00e4j\u00e4 on toiminut musiikkileikkikoulun opettajana sek\u00e4 musikaali- ja \u00e4\u00e4nin\u00e4yttelij\u00e4n\u00e4. <\/p>\n<p><strong>Sari Aalto<\/strong><\/p>\n<p>    <a href=\"https:\/\/anna.fi\/wp-content\/uploads\/2026\/01\/sari-aalto.jpg\" rel=\"nofollow noopener\" target=\"_blank\"><img loading=\"lazy\" decoding=\"async\" alt=\"\" class=\"wp-image-690209 awpo-lqip awpo-lazy\" width=\"1400\" height=\"2100\" style=\"--aspect-ratio: 0.67\" src=\"https:\/\/www.europesays.com\/fi\/wp-content\/uploads\/2026\/01\/sari-aalto.jpg\"\/><\/a>    <\/p>\n<p>          \u00a9 Mojo Er\u00e4mets\u00e4        <\/p>\n<p>Sari Aalto on Suomen tunnetuin naisvatsastapuhuja ja kansainv\u00e4linen someilmi\u00f6. Esitt\u00e4v\u00e4n taiteen ammattilainen on koulutukseltaan teatteri-ilmaisun ohjaaja. Sari yhdist\u00e4\u00e4 esityksiss\u00e4\u00e4n taitavasti vatsastapuhumisen, huumorin ja musiikin. Esiintyminen on ollut l\u00e4mminhenkiselle Sarille luontaista jo lapsesta asti, ja h\u00e4nelle yleis\u00f6 onkin t\u00e4rke\u00e4 voimavara.<\/p>\n<p><strong>Mikko Penttil\u00e4<\/strong><\/p>\n<p>    <a href=\"https:\/\/anna.fi\/wp-content\/uploads\/2026\/01\/mikko-penttila.jpg\" rel=\"nofollow noopener\" target=\"_blank\"><img loading=\"lazy\" decoding=\"async\" alt=\"\" class=\"wp-image-690203 awpo-lqip awpo-lazy\" width=\"1400\" height=\"2100\" style=\"--aspect-ratio: 0.67\" src=\"https:\/\/www.europesays.com\/fi\/wp-content\/uploads\/2026\/01\/mikko-penttila.jpg\"\/><\/a>    <\/p>\n<p>          \u00a9 Mojo Er\u00e4mets\u00e4        <\/p>\n<p>Stand up -koomikko\u00a0<strong>Mikko Penttil\u00e4<\/strong> tunnetaan erityisesti improvisaatiosta ja komediallisista rooleistaan. H\u00e4n valmistui Teatterikorkeakoulusta vuonna 2014 ja on ollut mukana useissa tv-sarjoissa ja viihdeohjelmissa sek\u00e4 improvisaatioteatteri Stella Polariksessa. <\/p>\n<p><strong>Aarne Pelkonen<\/strong><\/p>\n<p>    <a href=\"https:\/\/anna.fi\/wp-content\/uploads\/2026\/01\/aarne-pelkonen.jpg\" rel=\"nofollow noopener\" target=\"_blank\"><img loading=\"lazy\" decoding=\"async\" alt=\"\" class=\"wp-image-690210 awpo-lqip awpo-lazy\" width=\"1400\" height=\"2100\" style=\"--aspect-ratio: 0.67\" src=\"https:\/\/www.europesays.com\/fi\/wp-content\/uploads\/2026\/01\/aarne-pelkonen.jpg\"\/><\/a>    <\/p>\n<p>          \u00a9 Mojo Er\u00e4mets\u00e4        <\/p>\n<p>Sukupolvensa taitavimpiin suomalaisiin oopperalaulajiin kuuluva baritoni\u00a0<strong>Aarne Pelkonen<\/strong> kasvoi vanhoillislestadiolaisessa perheess\u00e4, jossa musiikki oli vahvasti l\u00e4sn\u00e4 virsien ja hengellisten laulujen kautta. Rohkean Aarnen lapsuuden haave oli kanttorin ura, mutta tie vei oopperaan ja konserttilavoille. Monipuolinen laulaja on esiintynyt muun muassa Kansallisoopperassa.<\/p>\n<p><strong>Jukka Poika<\/strong><\/p>\n<p>    <a href=\"https:\/\/anna.fi\/wp-content\/uploads\/2026\/01\/jukka-poika.jpg\" rel=\"nofollow noopener\" target=\"_blank\"><img loading=\"lazy\" decoding=\"async\" alt=\"\" class=\"wp-image-690202 awpo-lqip awpo-lazy\" width=\"1400\" height=\"2100\" style=\"--aspect-ratio: 0.67\" src=\"https:\/\/www.europesays.com\/fi\/wp-content\/uploads\/2026\/01\/jukka-poika.jpg\"\/><\/a>    <\/p>\n<p>          \u00a9 Mojo Er\u00e4mets\u00e4        <\/p>\n<p>Suomenkielisen reggaen uranuurtaja\u00a0<strong>Jukka Poika<\/strong> on tehnyt musiikkia jo yli kahden vuosikymmenen ajan. H\u00e4n aloitti uransa 1990-luvun lopussa Soul Captain Bandissa ja jatkoi sen j\u00e4lkeen muun muassa Kapteeni \u00c4-ni -kokoonpanossa sek\u00e4 menestyksekk\u00e4\u00e4ll\u00e4 soolouralla. <\/p>\n<p><strong>T\u00e4hdet, t\u00e4hdet alkaa Ruudussa ja Nelosella 5. huhtikuuta.<\/strong><\/p>\n<p>    Sinua voi kiinnostaa my\u00f6s:<\/p>\n<ol class=\"read-also__list\">\n<li>\n<p>            <img loading=\"lazy\" decoding=\"async\" class=\"card__image awpo-lqip awpo-lazy\" width=\"2000\" height=\"1500\" src=\"https:\/\/www.europesays.com\/fi\/wp-content\/uploads\/2026\/01\/dscf9999.jpg\"\/>                <a href=\"https:\/\/anna.fi\/kategoria\/ihmiset\" class=\"card__vignette\" rel=\"nofollow noopener\" target=\"_blank\"><br \/>\n            Ihmiset          <\/a><\/p>\n<p>      <a href=\"https:\/\/anna.fi\/ihmiset\/elama-antoi-eri-asioita-mutta-kateutta-sisarukset-ami-ja-monica-aspelund-eivat-tunne-ami-on-paras-ystavani\" class=\"card__link-overlay\" rel=\"nofollow noopener\" target=\"_blank\">El\u00e4m\u00e4 antoi eri asioita, mutta kateutta sisarukset Ami ja Monica Aspelund eiv\u00e4t tunne: &#8221;Ami on paras yst\u00e4v\u00e4ni&#8221;<\/a><\/p>\n<\/li>\n<li>\n<p>            <img loading=\"lazy\" decoding=\"async\" class=\"card__image awpo-lqip awpo-lazy\" width=\"1260\" height=\"800\" src=\"https:\/\/www.europesays.com\/fi\/wp-content\/uploads\/2026\/01\/4456652.jpg\"\/>                <a href=\"https:\/\/anna.fi\/kategoria\/ihmiset\" class=\"card__vignette\" rel=\"nofollow noopener\" target=\"_blank\"><br \/>\n            Ihmiset          <\/a><\/p>\n<p>      <a href=\"https:\/\/anna.fi\/ihmiset\/onnelliset-vanhemmat-jukka-poika-ja-teija-stormi-rousu-yrittivat-vauvaa-viisi-vuotta-ja-nyt-he-ovat-hulluna-eskoon-on-ollut-hauska-hopsahtaa-lapsesta\" class=\"card__link-overlay\" rel=\"nofollow noopener\" target=\"_blank\">Onnelliset vanhemmat Jukka Poika ja Teija Stormi-Rousu yrittiv\u00e4t vauvaa viisi vuotta \u2013 ja nyt he ovat hulluna Eskoon: \u201dOn ollut hauska h\u00f6ps\u00e4ht\u00e4\u00e4 lapsesta\u201d<\/a><\/p>\n<\/li>\n<li>\n<p>            <img loading=\"lazy\" decoding=\"async\" class=\"card__image awpo-lqip awpo-lazy\" width=\"1260\" height=\"800\" src=\"https:\/\/www.europesays.com\/fi\/wp-content\/uploads\/2026\/01\/mikkopenttila-putous.jpg\"\/>                <a href=\"https:\/\/anna.fi\/kategoria\/ihmiset\" class=\"card__vignette\" rel=\"nofollow noopener\" target=\"_blank\"><br \/>\n            Ihmiset          <\/a><\/p>\n<p>      <a href=\"https:\/\/anna.fi\/ihmiset\/putous-tahti-mikko-penttila-uskaltaa-puhua-tunteistaan-olen-sydan-edella-menevaa-tyyppia\" class=\"card__link-overlay\" rel=\"nofollow noopener\" target=\"_blank\">Putous-t\u00e4hti Mikko Penttil\u00e4 uskaltaa puhua tunteistaan: &#8221;Olen syd\u00e4n edell\u00e4 menev\u00e4\u00e4 tyyppi\u00e4&#8221;<\/a><\/p>\n<\/li>\n<\/ol>\n","protected":false},"excerpt":{"rendered":"Kev\u00e4\u00e4ll\u00e4 alkavassa T\u00e4hdet, t\u00e4hdet -suosikkiohjelmassa on mukana monia kiinnostavia persoonia. T\u00e4hdet, t\u00e4hdet palaa j\u00e4lleen kev\u00e4\u00e4ll\u00e4 ruutuihin. Suosikkiohjelmassa julkisuudesta&hellip;\n","protected":false},"author":2,"featured_media":140401,"comment_status":"","ping_status":"","sticky":false,"template":"","format":"standard","meta":{"footnotes":""},"categories":[136],"tags":[407,137,33,31,30,408,47,32,7332,1247,139,109],"class_list":{"0":"post-140400","1":"post","2":"type-post","3":"status-publish","4":"format-standard","5":"has-post-thumbnail","7":"category-julkkikset","8":"tag-celebrities","9":"tag-entertainment","10":"tag-fi","11":"tag-finland","12":"tag-finnish","13":"tag-julkkikset","14":"tag-musiikki","15":"tag-suomi","16":"tag-tahdet-tahdet","17":"tag-televisio","18":"tag-tv-ohjelmat","19":"tag-viihde"},"share_on_mastodon":{"url":"https:\/\/pubeurope.com\/@fi\/115882100291662472","error":""},"_links":{"self":[{"href":"https:\/\/www.europesays.com\/fi\/wp-json\/wp\/v2\/posts\/140400","targetHints":{"allow":["GET"]}}],"collection":[{"href":"https:\/\/www.europesays.com\/fi\/wp-json\/wp\/v2\/posts"}],"about":[{"href":"https:\/\/www.europesays.com\/fi\/wp-json\/wp\/v2\/types\/post"}],"author":[{"embeddable":true,"href":"https:\/\/www.europesays.com\/fi\/wp-json\/wp\/v2\/users\/2"}],"replies":[{"embeddable":true,"href":"https:\/\/www.europesays.com\/fi\/wp-json\/wp\/v2\/comments?post=140400"}],"version-history":[{"count":0,"href":"https:\/\/www.europesays.com\/fi\/wp-json\/wp\/v2\/posts\/140400\/revisions"}],"wp:featuredmedia":[{"embeddable":true,"href":"https:\/\/www.europesays.com\/fi\/wp-json\/wp\/v2\/media\/140401"}],"wp:attachment":[{"href":"https:\/\/www.europesays.com\/fi\/wp-json\/wp\/v2\/media?parent=140400"}],"wp:term":[{"taxonomy":"category","embeddable":true,"href":"https:\/\/www.europesays.com\/fi\/wp-json\/wp\/v2\/categories?post=140400"},{"taxonomy":"post_tag","embeddable":true,"href":"https:\/\/www.europesays.com\/fi\/wp-json\/wp\/v2\/tags?post=140400"}],"curies":[{"name":"wp","href":"https:\/\/api.w.org\/{rel}","templated":true}]}}