{"id":140419,"date":"2026-01-12T12:46:07","date_gmt":"2026-01-12T12:46:07","guid":{"rendered":"https:\/\/www.europesays.com\/fi\/140419\/"},"modified":"2026-01-12T12:46:07","modified_gmt":"2026-01-12T12:46:07","slug":"katri-riihilahti-juhlii-40-vuotissyntymapaivaansa-aki-riihilahden-herkka-rakkaustilitys","status":"publish","type":"post","link":"https:\/\/www.europesays.com\/fi\/140419\/","title":{"rendered":"Katri Riihilahti juhlii 40-vuotissyntym\u00e4p\u00e4iv\u00e4\u00e4ns\u00e4 \u2013 Aki Riihilahden herkk\u00e4 rakkaustilitys"},"content":{"rendered":"<p>            Jani Korpela\n        <\/p>\n<p class=\"subtitle \">Aki hehkuttaa vaimonsa merkkip\u00e4iv\u00e4\u00e4.<\/p>\n<p class=\"article-content article-content-width !bg-background\">Alkujaan\u00a0Tanssii t\u00e4htien kanssa\u00a0-ohjelmassa alkunsa saanut rakkaustarina\u00a0ja\u00a0v\u00e4lill\u00e4 kukoistaa yh\u00e4. Pari toivotti syksyll\u00e4 tervetulleeksi yhteisen vauvan, ja tammikuussa vuorossa on Katrin syntym\u00e4p\u00e4iv\u00e4.<\/p>\n<p class=\"font-weight-bold m-font-weight-bold article-content article-content-width !bg-background\">Video: Katri ja Johannes veiv\u00e4t voiton TTK:sta<\/p>\n<p class=\"article-content article-content-width !bg-background\">Katri t\u00e4ytt\u00e4\u00e4 maanantaina (12.1.) py\u00f6re\u00e4t 40 vuotta, ja iloitsee merkkipaalusta omalla Instagram-tilill\u00e4\u00e4n.<\/p>\n<p class=\"article-content article-content-width !bg-background\">\u2013\u00a0Olen 40 vuotta t\u00e4n\u00e4\u00e4n. Minulla on hyv\u00e4 olla. Olen onnellinen,\u00a0Katri kiittelee ytimekk\u00e4\u00e4sti jakamiensa kuvien ohessa.<\/p>\n<p class=\"article-content article-content-width !bg-background\">Syntt\u00e4reiden kunniaksi perhe n\u00e4ytt\u00e4\u00e4 reissanneen Ranskaan, Chamonix&#8217;n kyl\u00e4\u00e4n Mont Blancin juurelle. Asia selvi\u00e4\u00e4 Akin ja Katrin jakamista tarinoista, joissa n\u00e4kyy j\u00e4isi\u00e4 maisemia.<\/p>\n<p>        <a itemprop=\"url\" href=\"https:\/\/www.seiska.fi\/kotimaa\/jari-sillanpaan-myymasta-asunnosta-raju-riita-aki-riihilahti-mukana-sopassa\/1587328\" rel=\"nofollow noopener\" target=\"_blank\"><\/p>\n<p class=\"section-date\">\n        <strong class=\"article-section\" data-section=\"kotimaa\"><br \/>\n            kotimaa<br \/>\n        <\/strong><br \/>\n        23.1.2025 06:00\n    <\/p>\n<p>Jari Sillanp\u00e4\u00e4n myym\u00e4st\u00e4 asunnosta raju riita \u2013 Aki Riihilahti mukana sopassa\n    <\/p>\n<p itemprop=\"description\" class=\"subtitle \">\n    Laulajan asuntokuvion p\u00e4\u00e4t\u00f6s Helsingin Ratakadulla oli kaikkea muuta kuin Sillanp\u00e4\u00e4lle tai Aki Riihilahdelle mieluinen.\n<\/p>\n<p>        <\/a><\/p>\n<p>Herkk\u00e4 rakkaustilitys<\/p>\n<p class=\"article-content article-content-width !bg-background\">Vaimonsa syntym\u00e4p\u00e4iv\u00e4n kunniaksi my\u00f6s Aki jakoi Instagramissa herk\u00e4n julkaisun. Katrin ytimekk\u00e4\u00e4seen kirjoitukseen verrattuna h\u00e4nen tarinointinsa on hyvinkin romanttinen.<\/p>\n<p class=\"article-content article-content-width !bg-background\">Julkaisun kuvassa Katri ja Aki n\u00e4kyv\u00e4t selin kameraan, auringonlaskussa hiekkarannalla poseeraten. Taustasta voi p\u00e4\u00e4tell\u00e4, ett\u00e4 herttainen kuva on napattu muualla kuin Suomen rannoilla.<\/p>\n<p class=\"article-content article-content-width !bg-background\">\u2013\u00a0Rakas (Katri) ihan parhautta kuinka p\u00e4iv\u00e4 p\u00e4iv\u00e4lt\u00e4 kukoistat enemm\u00e4n,\u00a0Aki kehuu vaimoaan julkaisun yhteydess\u00e4.<\/p>\n<p class=\"article-content article-content-width !bg-background\">Aki tuo syntt\u00e4ritoivotuksensa esiin hieman poikkeuksellisella tavalla.<\/p>\n<p class=\"article-content article-content-width !bg-background\">\u2013\u00a0Ja jokainen p\u00e4iv\u00e4 olet juhlan arvoinen. Mutta gregoriaanisen ajanlaskun ja kalenterin mukaan erityisesti t\u00e4n\u00e4\u00e4n. Luv you 40,\u00a0h\u00e4n p\u00e4\u00e4tt\u00e4\u00e4 suloisen kirjoituksensa.<\/p>\n<p>        <a itemprop=\"url\" href=\"https:\/\/www.seiska.fi\/kotimaa\/ohhoh-ttk-parketilla-roihahti-romansseja\/1962646\" rel=\"nofollow noopener\" target=\"_blank\"><\/p>\n<p>\nIntohimoa ohjelman kulisseissa\n<\/p>\n<p class=\"section-date\">\n        <strong class=\"article-section\" data-section=\"kotimaa\"><br \/>\n            kotimaa<br \/>\n        <\/strong><br \/>\n        24.10.2025 06:00\n    <\/p>\n<p>Ohhoh! TTK-parketilla roihahti romansseja\n    <\/p>\n<p itemprop=\"description\" class=\"subtitle \">\n    Tanssikilpailun kulisseissa lempi roihuu.\n<\/p>\n<p>        <\/a><\/p>\n<p>Kaverit komppaavat<\/p>\n<p class=\"article-content article-content-width !bg-background\">Katri on k\u00e4ynyt kiitt\u00e4m\u00e4ss\u00e4 kultaansa julkaisun kommenteissa yksinkertaisella syd\u00e4n-emojilla. Julkaisu n\u00e4kyy saaneen my\u00f6s\u00a0hyv\u00e4ksynn\u00e4n, sill\u00e4 h\u00e4n on j\u00e4tt\u00e4nyt kommentteihin syd\u00e4men sek\u00e4 k\u00e4den lippaan viev\u00e4n emojin.<\/p>\n<p class=\"article-content article-content-width !bg-background\">Riihilahtien rakkaus n\u00e4kyi my\u00f6s joulun somejulkaisuissa. Tuolloin Aki ilmoitti, ett\u00e4 pari on siirtynyt tiimitoppatakkeja k\u00e4ytt\u00e4vien perheiden joukkoon.<\/p>\n<p class=\"article-content article-content-width !bg-background\">\u2013\u00a0No hei, ei kummiskaan tuulitakit viel\u00e4!!!\u00a0tuumasi\u00a0Akin takkitiedotteen yhteydess\u00e4.<\/p>\n<p>        <a itemprop=\"url\" href=\"https:\/\/www.seiska.fi\/kotimaa\/katri-ja-aki-riihilahti-avoimina-perhearjesta\/2014292\" rel=\"nofollow noopener\" target=\"_blank\"><\/p>\n<p>\nKatri ja Aki Riihilahti\n<\/p>\n<p class=\"section-date\">\n        <strong class=\"article-section\" data-section=\"kotimaa\"><br \/>\n            kotimaa<br \/>\n        <\/strong><br \/>\n        7.12.2025 20:00\n    <\/p>\n<p>Katri ja Aki Riihilahti avoimina perhearjesta\n    <\/p>\n<p itemprop=\"description\" class=\"subtitle \">\n    Katri oli koko syksyn kiireinen Tanssii t\u00e4htien kanssa -opetuspestins\u00e4 my\u00f6t\u00e4.\n<\/p>\n<p>        <\/a><\/p>\n","protected":false},"excerpt":{"rendered":"Jani Korpela Aki hehkuttaa vaimonsa merkkip\u00e4iv\u00e4\u00e4. Alkujaan\u00a0Tanssii t\u00e4htien kanssa\u00a0-ohjelmassa alkunsa saanut rakkaustarina\u00a0ja\u00a0v\u00e4lill\u00e4 kukoistaa yh\u00e4. Pari toivotti syksyll\u00e4 tervetulleeksi&hellip;\n","protected":false},"author":2,"featured_media":140420,"comment_status":"","ping_status":"","sticky":false,"template":"","format":"standard","meta":{"footnotes":""},"categories":[136],"tags":[4717,407,137,33,31,30,408,4719,3151,651,32,410,903,109],"class_list":{"0":"post-140419","1":"post","2":"type-post","3":"status-publish","4":"format-standard","5":"has-post-thumbnail","7":"category-julkkikset","8":"tag-aki-riihilahti","9":"tag-celebrities","10":"tag-entertainment","11":"tag-fi","12":"tag-finland","13":"tag-finnish","14":"tag-julkkikset","15":"tag-katri-riihilahti","16":"tag-rakkaustarina","17":"tag-suhteet","18":"tag-suomi","19":"tag-syntymapaiva","20":"tag-tanssii-tahtien-kanssa","21":"tag-viihde"},"share_on_mastodon":{"url":"https:\/\/pubeurope.com\/@fi\/115882202451673680","error":""},"_links":{"self":[{"href":"https:\/\/www.europesays.com\/fi\/wp-json\/wp\/v2\/posts\/140419","targetHints":{"allow":["GET"]}}],"collection":[{"href":"https:\/\/www.europesays.com\/fi\/wp-json\/wp\/v2\/posts"}],"about":[{"href":"https:\/\/www.europesays.com\/fi\/wp-json\/wp\/v2\/types\/post"}],"author":[{"embeddable":true,"href":"https:\/\/www.europesays.com\/fi\/wp-json\/wp\/v2\/users\/2"}],"replies":[{"embeddable":true,"href":"https:\/\/www.europesays.com\/fi\/wp-json\/wp\/v2\/comments?post=140419"}],"version-history":[{"count":0,"href":"https:\/\/www.europesays.com\/fi\/wp-json\/wp\/v2\/posts\/140419\/revisions"}],"wp:featuredmedia":[{"embeddable":true,"href":"https:\/\/www.europesays.com\/fi\/wp-json\/wp\/v2\/media\/140420"}],"wp:attachment":[{"href":"https:\/\/www.europesays.com\/fi\/wp-json\/wp\/v2\/media?parent=140419"}],"wp:term":[{"taxonomy":"category","embeddable":true,"href":"https:\/\/www.europesays.com\/fi\/wp-json\/wp\/v2\/categories?post=140419"},{"taxonomy":"post_tag","embeddable":true,"href":"https:\/\/www.europesays.com\/fi\/wp-json\/wp\/v2\/tags?post=140419"}],"curies":[{"name":"wp","href":"https:\/\/api.w.org\/{rel}","templated":true}]}}