{"id":140425,"date":"2026-01-12T12:54:06","date_gmt":"2026-01-12T12:54:06","guid":{"rendered":"https:\/\/www.europesays.com\/fi\/140425\/"},"modified":"2026-01-12T12:54:06","modified_gmt":"2026-01-12T12:54:06","slug":"instagramissa-vaitetty-tietovuoto-iltalehti","status":"publish","type":"post","link":"https:\/\/www.europesays.com\/fi\/140425\/","title":{"rendered":"Instagramissa v\u00e4itetty tietovuoto &#8211; Iltalehti"},"content":{"rendered":"<ol>\n<li><a href=\"https:\/\/news.google.com\/rss\/articles\/CBMigAFBVV95cUxQaFdNMlJpWS1zemxZWlc4WGttX0UxQXFzODVQRUN4REd0a3ZVWURUNkdpZHVURm13YlRLbk1EdVhwV0dRaUVodXZPSkJkM0VxTHAxTDg3cEptMDc0eFBRY2RjY3BwdVE0S2tqR3JZUDAzRXY5TmVOcXg1REZZN0hhYg?oc=5\" target=\"_blank\" rel=\"nofollow noopener\">Instagramissa v\u00e4itetty tietovuoto<\/a>&nbsp;&nbsp;Iltalehti<\/li>\n<li><a href=\"https:\/\/news.google.com\/rss\/articles\/CBMitAFBVV95cUxOUU95RldSTTVyR0hSUFJQMi1BUFZjYXQtTFFhUnNxV3VfTTNXUkUwZHB2TnFhZ3hiZDNUVEJwa0p4Z3lWdDQ5WDhrS2QyZzdJa0pqZUZ1Q1ZVUHJRQ2haekFubGw4WElyWFhzb19UdmdEYUtlZTNxaUVSLXdJaDdPZC13c3NRSHEzNzZNYldvYllLWnotbVBXRlRhdmxlT2dXTkNSbVYxbjVSMnZJVFZ6MHkzenI?oc=5\" target=\"_blank\" rel=\"nofollow noopener\">Vuotivatko miljoonien Instagram-k\u00e4ytt\u00e4jien tiedot verkkoon? Meta vastaa v\u00e4itteisiin<\/a>&nbsp;&nbsp;Verkkouutiset<\/li>\n<li><a href=\"https:\/\/news.google.com\/rss\/articles\/CBMiqAFBVV95cUxNOW82SDczOXVqMkNXU1FHd2hPNFQzX0I3QkNJZnRTN05acURuRk1obUcxT2ZGTl9YY0JtREpyUzM4dzZEQ1JOUE40T3RHdGhlalZUTlR1REs1NWN3Y1A0Q3JXOHJEQlpGbUJYYmFmMWp2Z0pRd3Y2SUFRMzFQakROcERwR3YwMkR6cDFvZ2Zpa0RNM3JaU2w3bHZSVXV2TlNuakxabFhhMHXSAa4BQVVfeXFMT2w3bTRHZDY5TUcwOFlFd0hIMG9MRk1vSFc1ZmxyaUgxZ0NRbTgybVFQTW4zQmZQU013UFNOclZlQlpoem5sUzcwblJaTUZ4Z3VHdFAwV283Y0xwbkVDRlFaazJRbHQwXzBEaDEwcks3aGppak4yOTE1NmlKeDRpZEQ3aGxJUnVWZzhNNWJzd0VBMjBZeE1iUm9VclJ2X0tjeWF1VDg5ZjhwODlVVWhR?oc=5\" target=\"_blank\" rel=\"nofollow noopener\">Kyberrikolliset saivat haltuunsa 17,5 miljoonan Instagram-tilin tiedot<\/a>&nbsp;&nbsp;AfterDawn<\/li>\n<li><a href=\"https:\/\/news.google.com\/rss\/articles\/CBMivwFBVV95cUxQa1F5SWtxczB2RFc5SGdJbkprblhlSkdYQTlNcjUyUkpWdDF2UmJ4NlRzR1RWOWg5dTFxTjJCVTNYVVdQNzBvTjkxa1M3RkVxdTMtWTJkWm5JVTN3X1BON0Nlb3gxYW9HdGJBN2hhQ1BJRHhRZFZsYnBhSzZZQnRha1BVS0FUelFBZVNPU3R2bjk5dVh2U1VWN2FxSDVUbG1xejJDSVItY09CRmRJQzRWa1YzWS14SFpxRHVibWNZbw?oc=5\" target=\"_blank\" rel=\"nofollow noopener\">Jopa 17,5 miljoonan Instagram-k\u00e4ytt\u00e4j\u00e4n tietoja kaupitellaan verkossa &#8211; n\u00e4in kannattaa nyt toimia<\/a>&nbsp;&nbsp;Teknavi<\/li>\n<\/ol>\n","protected":false},"excerpt":{"rendered":"Instagramissa v\u00e4itetty tietovuoto&nbsp;&nbsp;Iltalehti Vuotivatko miljoonien Instagram-k\u00e4ytt\u00e4jien tiedot verkkoon? Meta vastaa v\u00e4itteisiin&nbsp;&nbsp;Verkkouutiset Kyberrikolliset saivat haltuunsa 17,5 miljoonan Instagram-tilin tiedot&nbsp;&nbsp;AfterDawn&hellip;\n","protected":false},"author":2,"featured_media":140426,"comment_status":"","ping_status":"","sticky":false,"template":"","format":"standard","meta":{"footnotes":""},"categories":[130],"tags":[35,137,33,31,30,537,32,487,149,1061,546,109],"class_list":{"0":"post-140425","1":"post","2":"type-post","3":"status-publish","4":"format-standard","5":"has-post-thumbnail","7":"category-viihde","8":"tag-24h","9":"tag-entertainment","10":"tag-fi","11":"tag-finland","12":"tag-finnish","13":"tag-informaatioteknologia-sektori","14":"tag-suomi","15":"tag-teknologia-yleista","16":"tag-tietojenkasittely-ja-informaatioteknologia","17":"tag-tietokone-ja-tietoturvarikos","18":"tag-turvallisuus","19":"tag-viihde"},"share_on_mastodon":{"url":"https:\/\/pubeurope.com\/@fi\/115882233847289070","error":""},"_links":{"self":[{"href":"https:\/\/www.europesays.com\/fi\/wp-json\/wp\/v2\/posts\/140425","targetHints":{"allow":["GET"]}}],"collection":[{"href":"https:\/\/www.europesays.com\/fi\/wp-json\/wp\/v2\/posts"}],"about":[{"href":"https:\/\/www.europesays.com\/fi\/wp-json\/wp\/v2\/types\/post"}],"author":[{"embeddable":true,"href":"https:\/\/www.europesays.com\/fi\/wp-json\/wp\/v2\/users\/2"}],"replies":[{"embeddable":true,"href":"https:\/\/www.europesays.com\/fi\/wp-json\/wp\/v2\/comments?post=140425"}],"version-history":[{"count":0,"href":"https:\/\/www.europesays.com\/fi\/wp-json\/wp\/v2\/posts\/140425\/revisions"}],"wp:featuredmedia":[{"embeddable":true,"href":"https:\/\/www.europesays.com\/fi\/wp-json\/wp\/v2\/media\/140426"}],"wp:attachment":[{"href":"https:\/\/www.europesays.com\/fi\/wp-json\/wp\/v2\/media?parent=140425"}],"wp:term":[{"taxonomy":"category","embeddable":true,"href":"https:\/\/www.europesays.com\/fi\/wp-json\/wp\/v2\/categories?post=140425"},{"taxonomy":"post_tag","embeddable":true,"href":"https:\/\/www.europesays.com\/fi\/wp-json\/wp\/v2\/tags?post=140425"}],"curies":[{"name":"wp","href":"https:\/\/api.w.org\/{rel}","templated":true}]}}