{"id":140427,"date":"2026-01-12T12:57:09","date_gmt":"2026-01-12T12:57:09","guid":{"rendered":"https:\/\/www.europesays.com\/fi\/140427\/"},"modified":"2026-01-12T12:57:09","modified_gmt":"2026-01-12T12:57:09","slug":"jaakiekkoseura-jyp-laajentaa-liiketoimintaansa-tavoitteena-miljoonaluokan-liikevaihto-keski-suomi","status":"publish","type":"post","link":"https:\/\/www.europesays.com\/fi\/140427\/","title":{"rendered":"J\u00e4\u00e4kiekkoseura JYP laajentaa liike\u00adtoimintaansa \u2013 tavoitteena miljoonaluokan liikevaihto | Keski-Suomi"},"content":{"rendered":"<p class=\"aw-1gybjub aw-5vja16 kEtdKx kmuxyA yle__article__paragraph\">JYP on perustanut henkil\u00f6st\u00f6\u00advuokraus\u00adyhti\u00f6n yhdess\u00e4 Wulff Worksin kanssa.<\/p>\n<p><img decoding=\"async\" alt=\"Tukiainen kiekkopinon kanssa.\" src=\"https:\/\/www.europesays.com\/fi\/wp-content\/uploads\/2026\/01\/39-152787668d3a3362c5d0.jpeg\" class=\"aw-1l9m598 hKVVvP\"\/><\/p>\n<p>Avaa kuvien katselu<\/p>\n<p>Yhteisyritys on JYPille ensimm\u00e4inen. Kuvituskuva. Kuva: Tomi H\u00e4nninen<\/p>\n<p class=\"aw-1gybjub aw-1p7kakr kEtdKx cEmitX yle__article__paragraph\">Jyv\u00e4skyl\u00e4l\u00e4inen j\u00e4\u00e4kiekkoseura JYP laajentaa liiketoimintaansa henkil\u00f6st\u00f6vuokraukseen.<\/p>\n<p class=\"aw-1gybjub aw-1p7kakr kEtdKx cEmitX yle__article__paragraph\">Seura on perustanut JYP Wulff Works -yhti\u00f6n yhdess\u00e4 henkil\u00f6st\u00f6vuokrausyhti\u00f6 Wulff Worksin kanssa. JYP omistaa yhteisyrityksest\u00e4 48 prosenttia ja Wulff Works 52 prosenttia.<\/p>\n<p class=\"aw-1gybjub aw-1p7kakr kEtdKx cEmitX yle__article__paragraph\">JYPin toimitusjohtaja <strong class=\"aw-ak79eh KyCXm yle__article__strong\">Risto Korpelan<\/strong> mukaan seura on jo pitk\u00e4\u00e4n miettinyt liiketoiminnan laajentamista, joka tukee j\u00e4\u00e4kiekko- ja ravintolabisnest\u00e4. Korpela kertoo, ett\u00e4 JYPin tapahtumissa ty\u00f6skentelee kymmeni\u00e4 ihmisi\u00e4 henkil\u00f6st\u00f6vuokrauksen kautta.<\/p>\n<p class=\"aw-1gybjub aw-1p7kakr kEtdKx cEmitX yle__article__paragraph\">\u2013 Pohdimme, voisiko t\u00e4llaista liiketoimintaa tehd\u00e4 niin sanotusti omissa nimiss\u00e4.<\/p>\n<p>Tavoitteena suuri liikevaihto<\/p>\n<p class=\"aw-1gybjub aw-1p7kakr kEtdKx cEmitX yle__article__paragraph\">Yhteisyrityksess\u00e4 liiketoimintaa py\u00f6ritt\u00e4\u00e4 Wulff Works. Korpela kertoo, ett\u00e4 JYPin teht\u00e4v\u00e4 on esimerkiksi tarjota palveluita kumppaneilleen.<\/p>\n<p class=\"aw-1gybjub aw-1p7kakr kEtdKx cEmitX yle__article__paragraph\">Wulff Worksin kotipaikka on Helsingiss\u00e4, mutta yhti\u00f6ll\u00e4 on toimipisteit\u00e4 eri puolilla Suomea. Korpela kertoo, ett\u00e4 yhteisyrityksen tarkoituksena on palvella monia toimialoja Keski-Suomessa.<\/p>\n<p class=\"aw-1gybjub aw-1p7kakr kEtdKx cEmitX yle__article__paragraph\">\u2013 Liikevaihdon tavoitteena on menn\u00e4 miljoonaluokkiin.<\/p>\n<p class=\"aw-1gybjub aw-1p7kakr kEtdKx cEmitX yle__article__paragraph\">Yhteisyritys on JYPille ensimm\u00e4inen. Seuralla on ravintola Hurrikaani L\u00e4hi-Tapiola Areenalla, mutta ravintola toimii JYPin alaisuudessa.<\/p>\n<p class=\"aw-1gybjub aw-1p7kakr kEtdKx cEmitX yle__article__paragraph\">Korpela vihjaa, ett\u00e4 tulevaisuudessa seura saattaa perustaa lis\u00e4\u00e4 yrityksi\u00e4.<\/p>\n","protected":false},"excerpt":{"rendered":"JYP on perustanut henkil\u00f6st\u00f6\u00advuokraus\u00adyhti\u00f6n yhdess\u00e4 Wulff Worksin kanssa. Avaa kuvien katselu Yhteisyritys on JYPille ensimm\u00e4inen. Kuvituskuva. Kuva: Tomi&hellip;\n","protected":false},"author":2,"featured_media":140428,"comment_status":"","ping_status":"","sticky":false,"template":"","format":"standard","meta":{"footnotes":""},"categories":[76],"tags":[79,77,33,31,30,11848,474,32,78,24272,1356],"class_list":{"0":"post-140427","1":"post","2":"type-post","3":"status-publish","4":"format-standard","5":"has-post-thumbnail","7":"category-talous","8":"tag-business","9":"tag-economy","10":"tag-fi","11":"tag-finland","12":"tag-finnish","13":"tag-jyp-jaakiekon-miesten-liiga","14":"tag-keski-suomi","15":"tag-suomi","16":"tag-talous","17":"tag-yhteisyritykset","18":"tag-yritykset"},"share_on_mastodon":{"url":"https:\/\/pubeurope.com\/@fi\/115882245786486013","error":""},"_links":{"self":[{"href":"https:\/\/www.europesays.com\/fi\/wp-json\/wp\/v2\/posts\/140427","targetHints":{"allow":["GET"]}}],"collection":[{"href":"https:\/\/www.europesays.com\/fi\/wp-json\/wp\/v2\/posts"}],"about":[{"href":"https:\/\/www.europesays.com\/fi\/wp-json\/wp\/v2\/types\/post"}],"author":[{"embeddable":true,"href":"https:\/\/www.europesays.com\/fi\/wp-json\/wp\/v2\/users\/2"}],"replies":[{"embeddable":true,"href":"https:\/\/www.europesays.com\/fi\/wp-json\/wp\/v2\/comments?post=140427"}],"version-history":[{"count":0,"href":"https:\/\/www.europesays.com\/fi\/wp-json\/wp\/v2\/posts\/140427\/revisions"}],"wp:featuredmedia":[{"embeddable":true,"href":"https:\/\/www.europesays.com\/fi\/wp-json\/wp\/v2\/media\/140428"}],"wp:attachment":[{"href":"https:\/\/www.europesays.com\/fi\/wp-json\/wp\/v2\/media?parent=140427"}],"wp:term":[{"taxonomy":"category","embeddable":true,"href":"https:\/\/www.europesays.com\/fi\/wp-json\/wp\/v2\/categories?post=140427"},{"taxonomy":"post_tag","embeddable":true,"href":"https:\/\/www.europesays.com\/fi\/wp-json\/wp\/v2\/tags?post=140427"}],"curies":[{"name":"wp","href":"https:\/\/api.w.org\/{rel}","templated":true}]}}