{"id":140431,"date":"2026-01-12T12:59:10","date_gmt":"2026-01-12T12:59:10","guid":{"rendered":"https:\/\/www.europesays.com\/fi\/140431\/"},"modified":"2026-01-12T12:59:10","modified_gmt":"2026-01-12T12:59:10","slug":"jaamaratonradan-valmistuminen-vaatii-viela-vahvempaa-jaakerrosta","status":"publish","type":"post","link":"https:\/\/www.europesays.com\/fi\/140431\/","title":{"rendered":"J\u00e4\u00e4maratonradan valmistuminen vaatii viel\u00e4 vahvempaa j\u00e4\u00e4kerrosta"},"content":{"rendered":"<p>                                                <img width=\"1024\" height=\"683\" src=\"https:\/\/www.europesays.com\/fi\/wp-content\/uploads\/2026\/01\/jaalla2023-vicenteserra-43-1024x683.jpg\" class=\"is-object-fit-cover\" alt=\"\" decoding=\"async\" loading=\"lazy\"  \/><\/p>\n<p>Kallaveden j\u00e4\u00e4maratonrata on toistaiseksi ty\u00f6n alla, koska rata ei ole viel\u00e4 koneellisesti kunnostettavissa. Haasteena on se, ett\u00e4 j\u00e4\u00e4n paksuus ei ole viel\u00e4 riitt\u00e4v\u00e4ll\u00e4 tasolla, jotta isommilla koneilla voisi tehd\u00e4 j\u00e4\u00e4t\u00e4 tasoittavia ja luistelua mahdollistavia kunnostust\u00f6it\u00e4. Seuraavina toimenpitein\u00e4 j\u00e4\u00e4t\u00e4 koitetaan ensin vahvistaa auraamalla j\u00e4\u00e4n p\u00e4\u00e4ll\u00e4 oleva lumi pois pienemmill\u00e4 koneilla, sek\u00e4 pumppaamalla j\u00e4\u00e4lle vett\u00e4.<\/p>\n<p>Tiedotamme tarkemmin, kun rata on saatu joltain osin luistelukuntoon.<\/p>\n","protected":false},"excerpt":{"rendered":"Kallaveden j\u00e4\u00e4maratonrata on toistaiseksi ty\u00f6n alla, koska rata ei ole viel\u00e4 koneellisesti kunnostettavissa. Haasteena on se, ett\u00e4 j\u00e4\u00e4n&hellip;\n","protected":false},"author":2,"featured_media":140432,"comment_status":"","ping_status":"","sticky":false,"template":"","format":"standard","meta":{"footnotes":""},"categories":[12],"tags":[22,23,26,27,33,31,30,17,24,25,28,29,15,18,21,32,19,20,16],"class_list":{"0":"post-140431","1":"post","2":"type-post","3":"status-publish","4":"format-standard","5":"has-post-thumbnail","7":"category-suomi","8":"tag-breaking-news","9":"tag-breakingnews","10":"tag-featured-news","11":"tag-featurednews","12":"tag-fi","13":"tag-finland","14":"tag-finnish","15":"tag-headlines","16":"tag-latest-news","17":"tag-latestnews","18":"tag-main-news","19":"tag-mainnews","20":"tag-news","21":"tag-otsikot","22":"tag-paauutiset","23":"tag-suomi","24":"tag-top-stories","25":"tag-topstories","26":"tag-uutiset"},"share_on_mastodon":{"url":"https:\/\/pubeurope.com\/@fi\/115882253592674890","error":""},"_links":{"self":[{"href":"https:\/\/www.europesays.com\/fi\/wp-json\/wp\/v2\/posts\/140431","targetHints":{"allow":["GET"]}}],"collection":[{"href":"https:\/\/www.europesays.com\/fi\/wp-json\/wp\/v2\/posts"}],"about":[{"href":"https:\/\/www.europesays.com\/fi\/wp-json\/wp\/v2\/types\/post"}],"author":[{"embeddable":true,"href":"https:\/\/www.europesays.com\/fi\/wp-json\/wp\/v2\/users\/2"}],"replies":[{"embeddable":true,"href":"https:\/\/www.europesays.com\/fi\/wp-json\/wp\/v2\/comments?post=140431"}],"version-history":[{"count":0,"href":"https:\/\/www.europesays.com\/fi\/wp-json\/wp\/v2\/posts\/140431\/revisions"}],"wp:featuredmedia":[{"embeddable":true,"href":"https:\/\/www.europesays.com\/fi\/wp-json\/wp\/v2\/media\/140432"}],"wp:attachment":[{"href":"https:\/\/www.europesays.com\/fi\/wp-json\/wp\/v2\/media?parent=140431"}],"wp:term":[{"taxonomy":"category","embeddable":true,"href":"https:\/\/www.europesays.com\/fi\/wp-json\/wp\/v2\/categories?post=140431"},{"taxonomy":"post_tag","embeddable":true,"href":"https:\/\/www.europesays.com\/fi\/wp-json\/wp\/v2\/tags?post=140431"}],"curies":[{"name":"wp","href":"https:\/\/api.w.org\/{rel}","templated":true}]}}