{"id":140439,"date":"2026-01-12T13:19:07","date_gmt":"2026-01-12T13:19:07","guid":{"rendered":"https:\/\/www.europesays.com\/fi\/140439\/"},"modified":"2026-01-12T13:19:07","modified_gmt":"2026-01-12T13:19:07","slug":"tassa-on-nuorten-leijonien-uusi-paavalmentaja","status":"publish","type":"post","link":"https:\/\/www.europesays.com\/fi\/140439\/","title":{"rendered":"T\u00e4ss\u00e4 on Nuorten Leijonien uusi p\u00e4\u00e4valmentaja"},"content":{"rendered":"<p>J\u00e4\u00e4kiekkoliitto tiedotti valinnoistaan maanantaina.<\/p>\n<p class=\"article-body mb-nof-24 px-nof-16\">K\u00e4rpist\u00e4 potkut viime maaliskuussa saanut <a class=\"font-bold underline-offset-[0.12em] [text-decoration:var(--person-link-text-decoration)] ![text-decoration-color:var(--person-link-text-decoration-color)]\" href=\"https:\/\/www.is.fi\/haku\/?query=Ville%20M%C3%A4ntymaa\" rel=\"nofollow noopener\" target=\"_blank\">Ville M\u00e4ntymaa<\/a> on Nuorten Leijonien eli alle 20-vuotiaiden maajoukkueen uusi p\u00e4\u00e4valmentaja.<\/p>\n<p class=\"article-body mb-nof-24 px-nof-16\">M\u00e4ntymaa, 40, on aiemmin toiminut U20-maajoukkueessa apuvalmentajana vuosina 2020\u201322 sek\u00e4 kuluneella kaudella..<\/p>\n<p class=\"article-body mb-nof-24 px-nof-16\">J\u00e4\u00e4kiekkoliitto kertoi maanantaina lis\u00e4ksi my\u00f6s U16-maajoukkueen uudesta vastuuluotsista. Alle 16-vuotiaiden p\u00e4\u00e4valmentajaksi nimettiin <a class=\"font-bold underline-offset-[0.12em] [text-decoration:var(--person-link-text-decoration)] ![text-decoration-color:var(--person-link-text-decoration-color)]\" href=\"https:\/\/www.is.fi\/haku\/?query=Tuomo%20Ropo\" rel=\"nofollow noopener\" target=\"_blank\">Tuomo Ropo<\/a>.<\/p>\n<p class=\"article-body mb-nof-24 px-nof-16\">Ropo, 41, on t\u00e4ll\u00e4 kaudella ollut alle 18-vuotiaiden maajoukkueen p\u00e4\u00e4valmentaja. SaiPassa pitk\u00e4\u00e4n toiminut Ropo valmensi Imatran Ketter\u00e4n Mestiksen mestariksi vuonna 2022.<\/p>\n<p class=\"article-body mb-nof-24 px-nof-16\">\u2013 M\u00e4ntymaalle Nuorten MM-turnaus ja turnaukseen valmistavat tapahtumat ovat tuttuja apuvalmentajan roolista. Ropo taas on jo nyt tehnyt loistavaa ty\u00f6t\u00e4 nykyisen ik\u00e4luokan parissa ja yhdess\u00e4 seuravalmentajien kanssa pelaajien kehittymisen eteen, liiton valmennuksen ja huippu-urheilun johtaja <a class=\"font-bold underline-offset-[0.12em] [text-decoration:var(--person-link-text-decoration)] ![text-decoration-color:var(--person-link-text-decoration-color)]\" href=\"https:\/\/www.is.fi\/haku\/?query=Olli%20Salo\" rel=\"nofollow noopener\" target=\"_blank\">Olli Salo <\/a>sanoo tiedotteessa.<\/p>\n","protected":false},"excerpt":{"rendered":"J\u00e4\u00e4kiekkoliitto tiedotti valinnoistaan maanantaina. K\u00e4rpist\u00e4 potkut viime maaliskuussa saanut Ville M\u00e4ntymaa on Nuorten Leijonien eli alle 20-vuotiaiden maajoukkueen&hellip;\n","protected":false},"author":2,"featured_media":140440,"comment_status":"","ping_status":"","sticky":false,"template":"","format":"standard","meta":{"footnotes":""},"categories":[158],"tags":[33,31,30,34,159,32,160],"class_list":{"0":"post-140439","1":"post","2":"type-post","3":"status-publish","4":"format-standard","5":"has-post-thumbnail","7":"category-urheilu","8":"tag-fi","9":"tag-finland","10":"tag-finnish","11":"tag-ilta-sanomat","12":"tag-sports","13":"tag-suomi","14":"tag-urheilu"},"share_on_mastodon":{"url":"https:\/\/pubeurope.com\/@fi\/115882332249643893","error":""},"_links":{"self":[{"href":"https:\/\/www.europesays.com\/fi\/wp-json\/wp\/v2\/posts\/140439","targetHints":{"allow":["GET"]}}],"collection":[{"href":"https:\/\/www.europesays.com\/fi\/wp-json\/wp\/v2\/posts"}],"about":[{"href":"https:\/\/www.europesays.com\/fi\/wp-json\/wp\/v2\/types\/post"}],"author":[{"embeddable":true,"href":"https:\/\/www.europesays.com\/fi\/wp-json\/wp\/v2\/users\/2"}],"replies":[{"embeddable":true,"href":"https:\/\/www.europesays.com\/fi\/wp-json\/wp\/v2\/comments?post=140439"}],"version-history":[{"count":0,"href":"https:\/\/www.europesays.com\/fi\/wp-json\/wp\/v2\/posts\/140439\/revisions"}],"wp:featuredmedia":[{"embeddable":true,"href":"https:\/\/www.europesays.com\/fi\/wp-json\/wp\/v2\/media\/140440"}],"wp:attachment":[{"href":"https:\/\/www.europesays.com\/fi\/wp-json\/wp\/v2\/media?parent=140439"}],"wp:term":[{"taxonomy":"category","embeddable":true,"href":"https:\/\/www.europesays.com\/fi\/wp-json\/wp\/v2\/categories?post=140439"},{"taxonomy":"post_tag","embeddable":true,"href":"https:\/\/www.europesays.com\/fi\/wp-json\/wp\/v2\/tags?post=140439"}],"curies":[{"name":"wp","href":"https:\/\/api.w.org\/{rel}","templated":true}]}}