{"id":140442,"date":"2026-01-12T13:23:08","date_gmt":"2026-01-12T13:23:08","guid":{"rendered":"https:\/\/www.europesays.com\/fi\/140442\/"},"modified":"2026-01-12T13:23:08","modified_gmt":"2026-01-12T13:23:08","slug":"voimavarakahvilat-jatkuvat-luottamushenkiloiden-tukena-teollisuusliitto","status":"publish","type":"post","link":"https:\/\/www.europesays.com\/fi\/140442\/","title":{"rendered":"Voimavarakahvilat jatkuvat luottamushenkil\u00f6iden tukena &#8211; Teollisuusliitto"},"content":{"rendered":"<p>Liitto j\u00e4rjest\u00e4\u00e4 kev\u00e4\u00e4n 2026 aikana voimavarakahviloita, jotka on suunnattu ty\u00f6paikkojen luottamusteht\u00e4viss\u00e4 toimiville.<\/p>\n<p>Voimavarakahviloissa keskustellaan erilaisista tilanteista ty\u00f6paikoilla ja jaetaan yhdess\u00e4 kokemuksia. Osallistujat ovat saaneet tilaisuuksissa vertaistukea erilaisiin haasteisiin ja vinkkej\u00e4 sek\u00e4 voimaantumista arkeensa toisiltaan. Kahvilaan osallistuminen voi auttaa, kun luottamusteht\u00e4v\u00e4ss\u00e4 toimiminen on yksin\u00e4ist\u00e4 tai kuormittavaa.<\/p>\n<p>Tilaisuudet ovat valtakunnallisia ja ne j\u00e4rjestet\u00e4\u00e4n Teamsin v\u00e4lityksell\u00e4. Kev\u00e4\u00e4n aikana j\u00e4rjestet\u00e4\u00e4n my\u00f6s kaksi ruotsinkielisille tarkoitettua kahvilaa. Teams-linkin tilaisuuteen saat kyseisen kahvilan vet\u00e4j\u00e4n toimesta\u00a0p\u00e4iv\u00e4\u00e4 ennen tilaisuutta.<\/p>\n<p>Paikka tulee varata ja my\u00f6s peruuttaa, mik\u00e4li sinulle tulee este.<\/p>\n<p>Lis\u00e4tietoja saat <a href=\"https:\/\/www.teollisuusliitto.fi\/yhteystieto\/tanja-mettovaara\/\" rel=\"nofollow noopener\" target=\"_blank\"><strong>Tanja Mettovaaralta<\/strong><\/a> sek\u00e4 <a href=\"https:\/\/www.teollisuusliitto.fi\/yhteystieto\/vesa-kotaviita\/\" rel=\"nofollow noopener\" target=\"_blank\"><strong>Vesa Kotaviidalta<\/strong><\/a>.<\/p>\n<p>Kev\u00e4\u00e4n kahvilat:<br \/>\nHelmikuu<\/p>\n<p>Maaliskuu<\/p>\n<p>Huhtikuu<\/p>\n<p>Toukokuu<\/p>\n","protected":false},"excerpt":{"rendered":"Liitto j\u00e4rjest\u00e4\u00e4 kev\u00e4\u00e4n 2026 aikana voimavarakahviloita, jotka on suunnattu ty\u00f6paikkojen luottamusteht\u00e4viss\u00e4 toimiville. Voimavarakahviloissa keskustellaan erilaisista tilanteista ty\u00f6paikoilla ja&hellip;\n","protected":false},"author":2,"featured_media":140443,"comment_status":"","ping_status":"","sticky":false,"template":"","format":"standard","meta":{"footnotes":""},"categories":[76],"tags":[79,77,33,31,30,32,78],"class_list":{"0":"post-140442","1":"post","2":"type-post","3":"status-publish","4":"format-standard","5":"has-post-thumbnail","7":"category-talous","8":"tag-business","9":"tag-economy","10":"tag-fi","11":"tag-finland","12":"tag-finnish","13":"tag-suomi","14":"tag-talous"},"share_on_mastodon":{"url":"https:\/\/pubeurope.com\/@fi\/115882348071873808","error":""},"_links":{"self":[{"href":"https:\/\/www.europesays.com\/fi\/wp-json\/wp\/v2\/posts\/140442","targetHints":{"allow":["GET"]}}],"collection":[{"href":"https:\/\/www.europesays.com\/fi\/wp-json\/wp\/v2\/posts"}],"about":[{"href":"https:\/\/www.europesays.com\/fi\/wp-json\/wp\/v2\/types\/post"}],"author":[{"embeddable":true,"href":"https:\/\/www.europesays.com\/fi\/wp-json\/wp\/v2\/users\/2"}],"replies":[{"embeddable":true,"href":"https:\/\/www.europesays.com\/fi\/wp-json\/wp\/v2\/comments?post=140442"}],"version-history":[{"count":0,"href":"https:\/\/www.europesays.com\/fi\/wp-json\/wp\/v2\/posts\/140442\/revisions"}],"wp:featuredmedia":[{"embeddable":true,"href":"https:\/\/www.europesays.com\/fi\/wp-json\/wp\/v2\/media\/140443"}],"wp:attachment":[{"href":"https:\/\/www.europesays.com\/fi\/wp-json\/wp\/v2\/media?parent=140442"}],"wp:term":[{"taxonomy":"category","embeddable":true,"href":"https:\/\/www.europesays.com\/fi\/wp-json\/wp\/v2\/categories?post=140442"},{"taxonomy":"post_tag","embeddable":true,"href":"https:\/\/www.europesays.com\/fi\/wp-json\/wp\/v2\/tags?post=140442"}],"curies":[{"name":"wp","href":"https:\/\/api.w.org\/{rel}","templated":true}]}}