{"id":140450,"date":"2026-01-12T13:38:07","date_gmt":"2026-01-12T13:38:07","guid":{"rendered":"https:\/\/www.europesays.com\/fi\/140450\/"},"modified":"2026-01-12T13:38:07","modified_gmt":"2026-01-12T13:38:07","slug":"shirly-karvinen-nautiskeli-balilla-helteessa-ei-vaatteita-juuri-tarvittu-stara-fi","status":"publish","type":"post","link":"https:\/\/www.europesays.com\/fi\/140450\/","title":{"rendered":"Shirly Karvinen nautiskeli Balilla \u2013 helteess\u00e4 ei vaatteita juuri tarvittu \u2013 Stara.fi"},"content":{"rendered":"<p><a href=\"https:\/\/www.stara.fi\/asiasanat\/Shirly-Karvinen\" title=\"Lue lis\u00e4\u00e4 aiheesta Shirly Karvinen\" class=\"nimilinkki nimilinkki-shirly-karvinen\" rel=\"nofollow noopener\" target=\"_blank\"><strong>Shirly Karvinen<\/strong><\/a> nautiskeli vuodenvaihteessa l\u00e4mm\u00f6st\u00e4 ja auringosta Balin maisemissa Indonesiassa. Reissuun mahtui monenlaista, ja ainakin p\u00e4\u00e4osa kokemuksista oli positiivisia. Nyt Shirly on julkaissut kuvakoosteen upeasta reissustaan seuraajiensa iloksi verkossa.<\/p>\n<p>MAINOS ALKAAMAINOS LOPPUU<\/p>\n<p>Suomalaiset julkkist\u00e4hdet lomailivat vuodenvaihteessa kilvan maailman eri lomakohteissa, koska silloin ja viel\u00e4 tammikuussakin viihdealalla tapahtuu melko v\u00e4h\u00e4n. Uluwatun maisemissa lekotellut taannoinen Miss Suomi Shirly Karvinen nautti yst\u00e4v\u00e4ns\u00e4 kanssa lomastaan t\u00e4ysill\u00e4, sill\u00e4 helteess\u00e4 ei vaatteita juuri tarvittu.<\/p>\n<p>Vatsatauti kruunasi muuten onnistuneen loman<\/p>\n<p>Karvinen varoittaa seuraajiaan kuvasarjan viimeisest\u00e4 otoksesta, jossa h\u00e4n makaa sairaalas\u00e4ngyll\u00e4. Syyn\u00e4 oli monille suomalaisille turisteille tuttu vatsatauti, jonka kourissa Shirly vietti useita p\u00e4ivi\u00e4. Nyt h\u00e4n kuitenkin toteaa reissun olleen eritt\u00e4in onnistunut, joten vatsap\u00f6p\u00f6 ei selv\u00e4stik\u00e4\u00e4n pilannut koko reissua. <a href=\"https:\/\/www.instagram.com\/p\/DTYCX5tiSz5\/\" rel=\"nofollow noopener\" target=\"_blank\">Katso alkuper\u00e4inen julkaisu t\u00e4st\u00e4<\/a>.<\/p>\n<p>MAINOS ALKAAMAINOS LOPPUU<\/p>\n<p>Shirly Karvinen on missivuotensa j\u00e4lkeen tehnyt monipuolista julkista uraa, sill\u00e4 h\u00e4n on ollut mukana useissa tuotannoissa ja realitysarjoissa sek\u00e4 toiminut my\u00f6s juontajana radiossa. Seuraavaksi Shirly Karvinen n\u00e4hd\u00e4\u00e4n Suomessa uudessa Suomessa uudessa viihdeohjelmassa Thank God, s\u00e4 tulit!, jossa h\u00e4n toimii vierailevan t\u00e4hden roolissa.<\/p>\n<p>Taannoin Karvinen seurusteli nelj\u00e4n vuoden ajan laulajat\u00e4hti Sannin kanssa, mutta heid\u00e4n yhteinen matkansa p\u00e4\u00e4ttyi viime vuoden alkupuolella. <a href=\"https:\/\/www.stara.fi\/2025\/08\/26\/shirly-karvinen-kommentoi-eroaan-sannista-kaksi-samanaikaista-totuutta\/\" rel=\"nofollow noopener\" target=\"_blank\">Shirly Karvinen kommentoi<\/a> suhteen p\u00e4\u00e4ttymist\u00e4 lyhyesti my\u00f6s julkisuudessa.<\/p>\n<p>MAINOS ALKAAMAINOS LOPPUU<\/p>\n<p>\n\t\t\t\tVoit halutessasi lukea Starassa my\u00f6s lis\u00e4\u00e4 juuri t\u00e4h\u00e4n artikkeliin liittyvist\u00e4 teemoista ja aiheista, kuten <a href=\"https:\/\/www.stara.fi\/asiasanat\/shirly-karvinen\/\" rel=\"tag nofollow noopener\" target=\"_blank\">Shirly Karvinen<\/a> tai laajemmin t\u00e4st\u00e4 aihealueesta <a href=\"https:\/\/www.stara.fi\/category\/viihdeuutiset\/\" rel=\"category tag nofollow noopener\" target=\"_blank\">Viihdeuutiset<\/a> -osioistamme.\n\t\t\t<\/p>\n<p>\t\t<script async src=\"\/\/www.instagram.com\/embed.js\"><\/script><\/p>\n","protected":false},"excerpt":{"rendered":"Shirly Karvinen nautiskeli vuodenvaihteessa l\u00e4mm\u00f6st\u00e4 ja auringosta Balin maisemissa Indonesiassa. Reissuun mahtui monenlaista, ja ainakin p\u00e4\u00e4osa kokemuksista oli&hellip;\n","protected":false},"author":2,"featured_media":130695,"comment_status":"","ping_status":"","sticky":false,"template":"","format":"standard","meta":{"footnotes":""},"categories":[136],"tags":[407,137,33,31,30,408,32,109],"class_list":{"0":"post-140450","1":"post","2":"type-post","3":"status-publish","4":"format-standard","5":"has-post-thumbnail","7":"category-julkkikset","8":"tag-celebrities","9":"tag-entertainment","10":"tag-fi","11":"tag-finland","12":"tag-finnish","13":"tag-julkkikset","14":"tag-suomi","15":"tag-viihde"},"share_on_mastodon":{"url":"https:\/\/pubeurope.com\/@fi\/115882406906002728","error":""},"_links":{"self":[{"href":"https:\/\/www.europesays.com\/fi\/wp-json\/wp\/v2\/posts\/140450","targetHints":{"allow":["GET"]}}],"collection":[{"href":"https:\/\/www.europesays.com\/fi\/wp-json\/wp\/v2\/posts"}],"about":[{"href":"https:\/\/www.europesays.com\/fi\/wp-json\/wp\/v2\/types\/post"}],"author":[{"embeddable":true,"href":"https:\/\/www.europesays.com\/fi\/wp-json\/wp\/v2\/users\/2"}],"replies":[{"embeddable":true,"href":"https:\/\/www.europesays.com\/fi\/wp-json\/wp\/v2\/comments?post=140450"}],"version-history":[{"count":0,"href":"https:\/\/www.europesays.com\/fi\/wp-json\/wp\/v2\/posts\/140450\/revisions"}],"wp:featuredmedia":[{"embeddable":true,"href":"https:\/\/www.europesays.com\/fi\/wp-json\/wp\/v2\/media\/130695"}],"wp:attachment":[{"href":"https:\/\/www.europesays.com\/fi\/wp-json\/wp\/v2\/media?parent=140450"}],"wp:term":[{"taxonomy":"category","embeddable":true,"href":"https:\/\/www.europesays.com\/fi\/wp-json\/wp\/v2\/categories?post=140450"},{"taxonomy":"post_tag","embeddable":true,"href":"https:\/\/www.europesays.com\/fi\/wp-json\/wp\/v2\/tags?post=140450"}],"curies":[{"name":"wp","href":"https:\/\/api.w.org\/{rel}","templated":true}]}}