{"id":140478,"date":"2026-01-12T14:16:06","date_gmt":"2026-01-12T14:16:06","guid":{"rendered":"https:\/\/www.europesays.com\/fi\/140478\/"},"modified":"2026-01-12T14:16:06","modified_gmt":"2026-01-12T14:16:06","slug":"venezuela-sanoo-vapauttaneensa-116-poliittista-vankia-oppositio-ja-ihmisoikeusjarjestot-ovat-kertoneet-pienemmasta-maarasta-uutissuomalainen-2","status":"publish","type":"post","link":"https:\/\/www.europesays.com\/fi\/140478\/","title":{"rendered":"Venezuela sanoo vapauttaneensa 116 poliittista vankia \u2013 oppositio ja ihmisoikeusj\u00e4rjest\u00f6t ovat kertoneet pienemm\u00e4st\u00e4 m\u00e4\u00e4r\u00e4st\u00e4 | Uutissuomalainen"},"content":{"rendered":"<p>Venezuela sanoo vapauttaneensa 116 poliittista vankia sen j\u00e4lkeen, kun maan hallinto ilmoitti viime viikolla alkavansa vapauttaa presidentti Nicolas Maduron aikana vangittuja poliittisia vankeja.<\/p>\n<p>Venezuelan oppositio ja ihmisoikeusj\u00e4rjest\u00f6t ovat kertoneet pienemm\u00e4st\u00e4 vapautettujen vankien m\u00e4\u00e4r\u00e4st\u00e4.<\/p>\n<p>Vankien omaisia on leiriytynyt vankiloiden porttien l\u00e4heisyyteen odottamaan tietoja l\u00e4heisist\u00e4\u00e4n. Kansalaisj\u00e4rjest\u00f6 Foro Penalin mukaan 24 ihmist\u00e4 vapautettiin aikaisin maanantaina. Vapautettujen joukossa oli kaksi italialaista. Venezuelan oppositio on kertonut nuorisoj\u00e4rjest\u00f6n johtajan vapauttamisesta.<\/p>\n<p>Italian p\u00e4\u00e4ministeri Giorgia Meloni kiitti viestipalvelu <a href=\"https:\/\/x.com\/GiorgiaMeloni\/status\/2010623294563586319?s=20\" rel=\"nofollow\">X:ss\u00e4<\/a> Venezuelan v\u00e4liaikaista presidentti\u00e4 Delcy Rodriguezia italialaisten vapauttamisesta. Melonin mukaan italialaiset ovat maan suurl\u00e4hetyst\u00f6ss\u00e4 Venezuelan p\u00e4\u00e4kaupungissa Caracasissa.<\/p>\n<p>\u2013\u2009Olen puhunut heid\u00e4n kanssaan, ja lentokone on jo l\u00e4htenyt Roomasta hakemaan heit\u00e4 kotiin, Meloni lis\u00e4si.<\/p>\n<p>Ihmisoikeusj\u00e4rjest\u00f6jen mukaan Venezuelassa on arviolta 800\u20131\u2009200 poliittista vankia.<\/p>\n<p>Yhdysvallat hy\u00f6kk\u00e4si runsas viikko sitten Venezuelaan ja sieppasi maan itsevaltaisen presidentin Maduron. Yhdysvaltain presidentti Donald Trump ilmoitti perjantaina peruneensa toisen hy\u00f6kk\u00e4ysaallon Venezuelaan, koska Venezuela on vapauttanut suuren m\u00e4\u00e4r\u00e4n poliittisia vankeja.<\/p>\n","protected":false},"excerpt":{"rendered":"Venezuela sanoo vapauttaneensa 116 poliittista vankia sen j\u00e4lkeen, kun maan hallinto ilmoitti viime viikolla alkavansa vapauttaa presidentti Nicolas&hellip;\n","protected":false},"author":2,"featured_media":140479,"comment_status":"","ping_status":"","sticky":false,"template":"","format":"standard","meta":{"footnotes":""},"categories":[14],"tags":[22,23,19868,585,26,27,33,31,30,17,53,24,25,28,29,15,18,21,637,144,1726,32,19,20,56,16,59,60,61],"class_list":{"0":"post-140478","1":"post","2":"type-post","3":"status-publish","4":"format-standard","5":"has-post-thumbnail","7":"category-ulkomaat","8":"tag-breaking-news","9":"tag-breakingnews","10":"tag-caracas","11":"tag-donald-trump","12":"tag-featured-news","13":"tag-featurednews","14":"tag-fi","15":"tag-finland","16":"tag-finnish","17":"tag-headlines","18":"tag-laki-oikeus-ja-rikos","19":"tag-latest-news","20":"tag-latestnews","21":"tag-main-news","22":"tag-mainnews","23":"tag-news","24":"tag-otsikot","25":"tag-paauutiset","26":"tag-politiikka","27":"tag-presidentti","28":"tag-rangaistukset","29":"tag-suomi","30":"tag-top-stories","31":"tag-topstories","32":"tag-ulkomaat","33":"tag-uutiset","34":"tag-world","35":"tag-world-news","36":"tag-worldnews"},"share_on_mastodon":{"url":"https:\/\/pubeurope.com\/@fi\/115882556382167590","error":""},"_links":{"self":[{"href":"https:\/\/www.europesays.com\/fi\/wp-json\/wp\/v2\/posts\/140478","targetHints":{"allow":["GET"]}}],"collection":[{"href":"https:\/\/www.europesays.com\/fi\/wp-json\/wp\/v2\/posts"}],"about":[{"href":"https:\/\/www.europesays.com\/fi\/wp-json\/wp\/v2\/types\/post"}],"author":[{"embeddable":true,"href":"https:\/\/www.europesays.com\/fi\/wp-json\/wp\/v2\/users\/2"}],"replies":[{"embeddable":true,"href":"https:\/\/www.europesays.com\/fi\/wp-json\/wp\/v2\/comments?post=140478"}],"version-history":[{"count":0,"href":"https:\/\/www.europesays.com\/fi\/wp-json\/wp\/v2\/posts\/140478\/revisions"}],"wp:featuredmedia":[{"embeddable":true,"href":"https:\/\/www.europesays.com\/fi\/wp-json\/wp\/v2\/media\/140479"}],"wp:attachment":[{"href":"https:\/\/www.europesays.com\/fi\/wp-json\/wp\/v2\/media?parent=140478"}],"wp:term":[{"taxonomy":"category","embeddable":true,"href":"https:\/\/www.europesays.com\/fi\/wp-json\/wp\/v2\/categories?post=140478"},{"taxonomy":"post_tag","embeddable":true,"href":"https:\/\/www.europesays.com\/fi\/wp-json\/wp\/v2\/tags?post=140478"}],"curies":[{"name":"wp","href":"https:\/\/api.w.org\/{rel}","templated":true}]}}