{"id":140497,"date":"2026-01-12T14:43:08","date_gmt":"2026-01-12T14:43:08","guid":{"rendered":"https:\/\/www.europesays.com\/fi\/140497\/"},"modified":"2026-01-12T14:43:08","modified_gmt":"2026-01-12T14:43:08","slug":"nuijamiehen-uuden-omistajan-pelko-kavi-toteen-lammitysjarjestelmasta-loytyi-vaurioita-paikalliset","status":"publish","type":"post","link":"https:\/\/www.europesays.com\/fi\/140497\/","title":{"rendered":"Nuijamiehen uuden omistajan pelko k\u00e4vi toteen: L\u00e4mmitysj\u00e4rjestelm\u00e4st\u00e4 l\u00f6ytyi vaurioita | Paikalliset"},"content":{"rendered":"<p>Remontin kustannukset lankeavat Nuijamies Venuen maksettaviksi.<\/p>\n<p>Kulttuuritila Nuijamiehen uudet omistajat kokivat ik\u00e4v\u00e4n yll\u00e4tyksen heti perjantaina <a href=\"https:\/\/www.esaimaa.fi\/paikalliset\/9125076\" rel=\"nofollow noopener\" target=\"_blank\">tapahtuneiden kauppojen<\/a> j\u00e4lkeisen\u00e4 aamuna.<\/p>\n<p>Valkokankaan alla olevasta l\u00e4mmitysj\u00e4rjestelm\u00e4st\u00e4 l\u00f6ytyi l\u00e4hemm\u00e4ss\u00e4 tarkastelussa vaurioita, jotka vaativat remonttia.<\/p>\n<p>\u2013\u2009Siell\u00e4 on oletettavasti kiertovesipumppu ja patteri rikki, mit\u00e4 talotekniikkaan perehtyneet ihmiset ovat nyt selvitelleet, Nuijamies Venue Oy:n hallituksen puheenjohtaja <strong>Yai Talasmo<\/strong> toteaa.<\/p>\n<p>\t\t<a class=\"diks-gallery__link\" href=\"https:\/\/i.media.fi\/incoming\/hw3mf3\/11237874.jpg\/alternates\/FREE_1440\/11237874.jpg\" data-thumbnail=\"\" data-sub-html=\"Valkokankaan alla olevasta l\u00e4mm\u00f6nvaihtimesta l\u00f6ytyi lauantaina halkeamia. Nuijamies venue\" aria-label=\"Katso isompi kuva\" rel=\"nofollow noopener\" target=\"_blank\"><br \/>\n\t\t\t\t<img class=\"diks-figure__image\" src=\"https:\/\/www.europesays.com\/fi\/wp-content\/uploads\/2026\/01\/11237874.jpg\" loading=\"lazy\" decoding=\"sync\" alt=\"\"\/><\/p>\n<p>\t\t\t<\/a><br \/>\n\t\t\t\t\tValkokankaan alla olevasta l\u00e4mm\u00f6nvaihtimesta l\u00f6ytyi lauantaina halkeamia. Nuijamies venue<\/p>\n","protected":false},"excerpt":{"rendered":"Remontin kustannukset lankeavat Nuijamies Venuen maksettaviksi. Kulttuuritila Nuijamiehen uudet omistajat kokivat ik\u00e4v\u00e4n yll\u00e4tyksen heti perjantaina tapahtuneiden kauppojen j\u00e4lkeisen\u00e4&hellip;\n","protected":false},"author":2,"featured_media":140498,"comment_status":"","ping_status":"","sticky":false,"template":"","format":"standard","meta":{"footnotes":""},"categories":[12],"tags":[22,23,124,1628,15693,26,27,33,31,30,17,24,25,28,29,15,18,21,402,2007,932,2375,32,19,20,16],"class_list":{"0":"post-140497","1":"post","2":"type-post","3":"status-publish","4":"format-standard","5":"has-post-thumbnail","7":"category-suomi","8":"tag-breaking-news","9":"tag-breakingnews","10":"tag-energia-sektori","11":"tag-energia-ja-energiavarat","12":"tag-es-uutiset","13":"tag-featured-news","14":"tag-featurednews","15":"tag-fi","16":"tag-finland","17":"tag-finnish","18":"tag-headlines","19":"tag-latest-news","20":"tag-latestnews","21":"tag-main-news","22":"tag-mainnews","23":"tag-news","24":"tag-otsikot","25":"tag-paauutiset","26":"tag-rakentaminen-kiinteistot","27":"tag-sahko","28":"tag-sahkontuotanto-ja-jakelu","29":"tag-saimaa-jarvi","30":"tag-suomi","31":"tag-top-stories","32":"tag-topstories","33":"tag-uutiset"},"share_on_mastodon":{"url":"https:\/\/pubeurope.com\/@fi\/115882662593844637","error":""},"_links":{"self":[{"href":"https:\/\/www.europesays.com\/fi\/wp-json\/wp\/v2\/posts\/140497","targetHints":{"allow":["GET"]}}],"collection":[{"href":"https:\/\/www.europesays.com\/fi\/wp-json\/wp\/v2\/posts"}],"about":[{"href":"https:\/\/www.europesays.com\/fi\/wp-json\/wp\/v2\/types\/post"}],"author":[{"embeddable":true,"href":"https:\/\/www.europesays.com\/fi\/wp-json\/wp\/v2\/users\/2"}],"replies":[{"embeddable":true,"href":"https:\/\/www.europesays.com\/fi\/wp-json\/wp\/v2\/comments?post=140497"}],"version-history":[{"count":0,"href":"https:\/\/www.europesays.com\/fi\/wp-json\/wp\/v2\/posts\/140497\/revisions"}],"wp:featuredmedia":[{"embeddable":true,"href":"https:\/\/www.europesays.com\/fi\/wp-json\/wp\/v2\/media\/140498"}],"wp:attachment":[{"href":"https:\/\/www.europesays.com\/fi\/wp-json\/wp\/v2\/media?parent=140497"}],"wp:term":[{"taxonomy":"category","embeddable":true,"href":"https:\/\/www.europesays.com\/fi\/wp-json\/wp\/v2\/categories?post=140497"},{"taxonomy":"post_tag","embeddable":true,"href":"https:\/\/www.europesays.com\/fi\/wp-json\/wp\/v2\/tags?post=140497"}],"curies":[{"name":"wp","href":"https:\/\/api.w.org\/{rel}","templated":true}]}}