{"id":140500,"date":"2026-01-12T14:56:08","date_gmt":"2026-01-12T14:56:08","guid":{"rendered":"https:\/\/www.europesays.com\/fi\/140500\/"},"modified":"2026-01-12T14:56:08","modified_gmt":"2026-01-12T14:56:08","slug":"beckhamien-perheriita-syvenee-brooklynin-ja-vanhempien-valinen-jannite-kasvaa","status":"publish","type":"post","link":"https:\/\/www.europesays.com\/fi\/140500\/","title":{"rendered":"Beckhamien perheriita syvenee: Brooklynin ja vanhempien v\u00e4linen j\u00e4nnite kasvaa"},"content":{"rendered":"<p>\n            London, UK . 8 October, 2025 . David Beckham and Victoria Beckham pictured at the Victoria Beckham TV Show launch held at the Curzon Mayfair. Credit:  Alan D West\/Alamy Live News<br \/>\n            Alamy \/ AOP\n        <\/p>\n<p class=\"subtitle \">Brooklyn esti hiljattain vanhempansa sosiaalisessa mediassa.<\/p>\n<p class=\"article-content article-content-width !bg-background\">Jalkapallolegenda , 50, ja muotisuunnittelija , 51, sek\u00e4 heid\u00e4n poikansa  v\u00e4linen perheriita on jatkunut toukokuusta 2025 l\u00e4htien.<\/p>\n<p class=\"font-weight-bold m-font-weight-bold article-content article-content-width !bg-background\">Katso video \u2013 Beckhamien perhekriisi:<\/p>\n<p>Estot paukkui<\/p>\n<p class=\"article-content article-content-width !bg-background\">Hieman ennen joulua tarkkasilm\u00e4iset somek\u00e4ytt\u00e4j\u00e4t huomasivat, ett\u00e4 Brooklyn oli est\u00e4nyt vanhempansa Instagramissa. Brittilehti <a href=\"https:\/\/www.mirror.co.uk\/3am\/celebrity-news\/brooklyn-beckham-reveals-heartbreaking-reason-36534537\" target=\"_blank\" rel=\"nofollow noopener\">Mirror<\/a> paljastaa nyt est\u00e4misen syyn.<\/p>\n<p class=\"article-content article-content-width !bg-background\">Mirrorin mukaan 26-vuotias Brooklyn l\u00e4hetti vanhemmilleen lakimiestens\u00e4 kautta kirjeen, jossa pyysi heit\u00e4 lopettamaan suoran yhteydenpidon \u2013 Davidia ja Victoriaa kehotettiin ottamaan yhteytt\u00e4 vain Brooklynin asianajajien kautta. Vanhemmat ovat ep\u00e4toivoisen surullisia pitk\u00e4\u00e4n jatkuneesta tilanteesta.<\/p>\n<p>        <a itemprop=\"url\" href=\"https:\/\/www.seiska.fi\/ulkomaat\/gordon-ramsay-suomessa-yllattava-julkaisu\/2028055\" rel=\"nofollow noopener\" target=\"_blank\"><\/p>\n<p>\nYll\u00e4tt\u00e4v\u00e4 julkaisu!\n<\/p>\n<p class=\"section-date\">\n        <strong class=\"article-section\" data-section=\"ulkomaat\"><br \/>\n            ulkomaat<br \/>\n        <\/strong><br \/>\n        21.12.2025 17:30\n    <\/p>\n<p>Gordon Ramsay Suomessa \u2013 yll\u00e4tt\u00e4v\u00e4 julkaisu\n    <\/p>\n<p itemprop=\"description\" class=\"subtitle \">\n    \u00c4k\u00e4isyydest\u00e4\u00e4n tunnettu huippukokki lenn\u00e4hti Lappiin.\n<\/p>\n<p>        <\/a><\/p>\n<p class=\"article-content article-content-width !bg-background\">Brooklynin mukaan tilanne paheni kirjeen j\u00e4lkeen: Victoria tykk\u00e4si yhdest\u00e4 h\u00e4nen kuvastaan ja David julkaisi jouluna mustavalkoisen lapsuuskuvan Brooklynista. T\u00e4m\u00e4n j\u00e4lkeen Brooklyn esti vanhempansa sosiaalisessa mediassa.<\/p>\n<p class=\"article-content article-content-width !bg-background\">Mirrorin l\u00e4hteiden mukaan Brooklyn on kertonut yst\u00e4villeen, ett\u00e4 Davidin ja Victorian h\u00e4nt\u00e4 koskevilla somep\u00e4ivityksill\u00e4 on ollut vakavia vaikutuksia h\u00e4nen mielenterveyteens\u00e4.<\/p>\n<p>Toivoo sovintoa yksityisesti<\/p>\n<p class=\"article-content article-content-width !bg-background\">L\u00e4hteet kertovat Brooklynin toivovan, ett\u00e4 mahdolliset sovintoyritykset hoidettaisiin yksityisesti, eiv\u00e4tk\u00e4 julkisesti sosiaalisessa mediassa.<\/p>\n<p class=\"article-content article-content-width !bg-background\">Yksi keskeinen ongelma on se, ett\u00e4 Brooklyn kokee vanhempiensa n\u00e4kev\u00e4n h\u00e4net yh\u00e4 lapsena, ei aikuisena.\u00a0<\/p>\n<p class=\"article-content article-content-width !bg-background\">\u2013 Jopa is\u00e4n joulupostaus esitti Brooklynin lapsena, yst\u00e4v\u00e4 sanoo.<\/p>\n<p>        <a itemprop=\"url\" href=\"https:\/\/www.seiska.fi\/ulkomaat\/uutta-shokkitietoa-beckhamien-perhedraamasta-brooklyn-pojalta-ikava-temppu-nyt-puhuu-cruz\/2027980\" rel=\"nofollow noopener\" target=\"_blank\"><\/p>\n<p>\nUutta tietoa!\n<\/p>\n<p class=\"section-date\">\n        <strong class=\"article-section\" data-section=\"ulkomaat\"><br \/>\n            ulkomaat<br \/>\n        <\/strong><br \/>\n        21.12.2025 15:30\n    <\/p>\n<p>Uutta shokkitietoa Beckhamien perhedraamasta: Brooklyn-pojalta ik\u00e4v\u00e4 temppu \u2013 nyt puhuu Cruz\n    <\/p>\n<p itemprop=\"description\" class=\"subtitle \">\n    Julkkisperheen tulehtunut tilanne otti uusia kierroksia, ja nyt Cruz Beckham oikoo brittilehden v\u00e4itteit\u00e4.\n<\/p>\n<p>        <\/a><\/p>\n<p class=\"article-content article-content-width !bg-background\">Brooklyn on my\u00f6s syv\u00e4sti loukkaantunut misogynistisist\u00e4 v\u00e4itteist\u00e4, joiden mukaan h\u00e4nen vaimonsa  ohjailee h\u00e4nt\u00e4 ja olisi vieraantumisen taustalla.<\/p>\n<p class=\"article-content article-content-width !bg-background\">David ja Victoria olivat murtuneita saatuaan lakimiesten kautta pyynn\u00f6n lopettaa kaikki suora yhteydenpito poikaansa.<\/p>\n<p class=\"article-content article-content-width !bg-background\">\u2013 He tekev\u00e4t vain sen, mit\u00e4 kuka tahansa vanhempi tekisi t\u00e4ss\u00e4 tilanteessa\u2026 he rakastavat Brooklynia syv\u00e4sti ja ovat aina h\u00e4nen tukenaan, l\u00e4hde sanoo.<\/p>\n<p>                <img decoding=\"async\" src=\"https:\/\/www.europesays.com\/fi\/wp-content\/uploads\/2026\/01\/2043539.webp.jpeg\" width=\"576\" height=\"711\" alt=\"Yksi perheen pahimmista hetkist\u00e4 koettiin viime elokuussa, kun koko Beckhamin perhe j\u00e4tettiin ilman kutsua Brooklynin ja Nicolan vihkivalojen uusimiseen.\" loading=\"lazy\" \/>            <\/p>\n<p>\n            Yksi perheen pahimmista hetkist\u00e4 koettiin viime elokuussa, kun koko Beckhamin perhe j\u00e4tettiin ilman kutsua Brooklynin ja Nicolan vihkivalojen uusimiseen.<br \/>\n            Alamy \/ AOP\n        <\/p>\n","protected":false},"excerpt":{"rendered":"London, UK . 8 October, 2025 . David Beckham and Victoria Beckham pictured at the Victoria Beckham TV&hellip;\n","protected":false},"author":2,"featured_media":140501,"comment_status":"","ping_status":"","sticky":false,"template":"","format":"standard","meta":{"footnotes":""},"categories":[136],"tags":[10112,407,578,137,33,31,30,408,10114,2177,32,8412,109],"class_list":{"0":"post-140500","1":"post","2":"type-post","3":"status-publish","4":"format-standard","5":"has-post-thumbnail","7":"category-julkkikset","8":"tag-brooklyn-beckham","9":"tag-celebrities","10":"tag-david-beckham","11":"tag-entertainment","12":"tag-fi","13":"tag-finland","14":"tag-finnish","15":"tag-julkkikset","16":"tag-perheriita","17":"tag-riita","18":"tag-suomi","19":"tag-victoria-beckham","20":"tag-viihde"},"share_on_mastodon":{"url":"https:\/\/pubeurope.com\/@fi\/115882713653851564","error":""},"_links":{"self":[{"href":"https:\/\/www.europesays.com\/fi\/wp-json\/wp\/v2\/posts\/140500","targetHints":{"allow":["GET"]}}],"collection":[{"href":"https:\/\/www.europesays.com\/fi\/wp-json\/wp\/v2\/posts"}],"about":[{"href":"https:\/\/www.europesays.com\/fi\/wp-json\/wp\/v2\/types\/post"}],"author":[{"embeddable":true,"href":"https:\/\/www.europesays.com\/fi\/wp-json\/wp\/v2\/users\/2"}],"replies":[{"embeddable":true,"href":"https:\/\/www.europesays.com\/fi\/wp-json\/wp\/v2\/comments?post=140500"}],"version-history":[{"count":0,"href":"https:\/\/www.europesays.com\/fi\/wp-json\/wp\/v2\/posts\/140500\/revisions"}],"wp:featuredmedia":[{"embeddable":true,"href":"https:\/\/www.europesays.com\/fi\/wp-json\/wp\/v2\/media\/140501"}],"wp:attachment":[{"href":"https:\/\/www.europesays.com\/fi\/wp-json\/wp\/v2\/media?parent=140500"}],"wp:term":[{"taxonomy":"category","embeddable":true,"href":"https:\/\/www.europesays.com\/fi\/wp-json\/wp\/v2\/categories?post=140500"},{"taxonomy":"post_tag","embeddable":true,"href":"https:\/\/www.europesays.com\/fi\/wp-json\/wp\/v2\/tags?post=140500"}],"curies":[{"name":"wp","href":"https:\/\/api.w.org\/{rel}","templated":true}]}}