{"id":140502,"date":"2026-01-12T14:57:06","date_gmt":"2026-01-12T14:57:06","guid":{"rendered":"https:\/\/www.europesays.com\/fi\/140502\/"},"modified":"2026-01-12T14:57:06","modified_gmt":"2026-01-12T14:57:06","slug":"kaarinalaiskouluun-valmistui-jan-erik-anderssonin-jattimainen-taidekokonaisuus-tallainen-se-on","status":"publish","type":"post","link":"https:\/\/www.europesays.com\/fi\/140502\/","title":{"rendered":"Kaarinalaiskouluun valmistui Jan-Erik Anderssonin j\u00e4ttim\u00e4inen taidekokonaisuus \u2013 t\u00e4llainen se on"},"content":{"rendered":"<p class=\"teksti\">Valkeavuoren uudelle kampukselle Kaarinan keskustaan on valmistunut kuvataiteilija ja kuvataiteen tohtori Jan-Erik Anderssonin moniosainen teos Avaruus ja mielikuvitus. <\/p>\n<p class=\"teksti\">Teoskokonaisuus on saanut inspiraationsa Kaarinassa sijaitsevasta Tuorlan observatoriosta. <\/p>\n<p class=\"teksti\">Kaarinassa on tehty pa\u0308a\u0308to\u0308s prosenttiperiaatteen noudattamisesta taidehankinnoissa. Se tarkoittaa sit\u00e4, ett\u00e4 osa rakennushankkeiden kustannuksista k\u00e4ytet\u00e4\u00e4n taiteeseen. <\/p>\n<p class=\"teksti\">Valkeavuoren kampuksen taidehankinta on Kaarinan kaupungin tiedotteen mukaan kaupungin toistaiseksi suurin prosenttiperiaatteen taidehankinta, jonka puitteissa taidetta toteuttavat Anderssonin lis\u00e4ksi kuvataiteilijat Oona Tikkaoja ja Elli Maanp\u00e4\u00e4. <\/p>\n<p class=\"teksti\">Teoskokonaisuus jatkaa Anderssonin eri kouluihin toteutettua teossarjaa, jonka tavoitteena on luoda rakennukseen erityinen visuaalinen tilakokemus ja tunnelma.<\/p>\n<p class=\"teksti\">\u2013 Olen useassa kouluteoksessani ty\u00f6skennellyt oppilaiden kanssa ja se on aina yht\u00e4 hauskaa. Toivon, ett\u00e4 se on my\u00f6s heille kokemus, jonka he muistavat positiivisesti koko el\u00e4m\u00e4ns\u00e4, Andersson kertoo.<\/p>\n<p class=\"teksti\">Kaarinassa on ta\u0308lla\u0308 hetkella\u0308 meneilla\u0308a\u0308n viisi julkisen taiteen hanketta: Valkeavuoren kampus, Piispanla\u0308hteen yhtena\u0308iskoulun lastentalo seka\u0308 nuortentalon laajennusosa, Kaarinan lukio ja Kaarinan tori.<\/p>\n","protected":false},"excerpt":{"rendered":"Valkeavuoren uudelle kampukselle Kaarinan keskustaan on valmistunut kuvataiteilija ja kuvataiteen tohtori Jan-Erik Anderssonin moniosainen teos Avaruus ja mielikuvitus.&hellip;\n","protected":false},"author":2,"featured_media":140503,"comment_status":"","ping_status":"","sticky":false,"template":"","format":"standard","meta":{"footnotes":""},"categories":[135],"tags":[389,387,388,390,137,33,31,30,32,394,393,391,392,109],"class_list":{"0":"post-140502","1":"post","2":"type-post","3":"status-publish","4":"format-standard","5":"has-post-thumbnail","7":"category-taiteet-ja-suunnittelu","8":"tag-arts","9":"tag-arts-and-design","10":"tag-artsanddesign","11":"tag-design","12":"tag-entertainment","13":"tag-fi","14":"tag-finland","15":"tag-finnish","16":"tag-suomi","17":"tag-suunnittelu","18":"tag-taiteet","19":"tag-taiteet-ja-suunnittelu","20":"tag-taiteetsuunnittelu","21":"tag-viihde"},"share_on_mastodon":{"url":"https:\/\/pubeurope.com\/@fi\/115882717554939297","error":""},"_links":{"self":[{"href":"https:\/\/www.europesays.com\/fi\/wp-json\/wp\/v2\/posts\/140502","targetHints":{"allow":["GET"]}}],"collection":[{"href":"https:\/\/www.europesays.com\/fi\/wp-json\/wp\/v2\/posts"}],"about":[{"href":"https:\/\/www.europesays.com\/fi\/wp-json\/wp\/v2\/types\/post"}],"author":[{"embeddable":true,"href":"https:\/\/www.europesays.com\/fi\/wp-json\/wp\/v2\/users\/2"}],"replies":[{"embeddable":true,"href":"https:\/\/www.europesays.com\/fi\/wp-json\/wp\/v2\/comments?post=140502"}],"version-history":[{"count":0,"href":"https:\/\/www.europesays.com\/fi\/wp-json\/wp\/v2\/posts\/140502\/revisions"}],"wp:featuredmedia":[{"embeddable":true,"href":"https:\/\/www.europesays.com\/fi\/wp-json\/wp\/v2\/media\/140503"}],"wp:attachment":[{"href":"https:\/\/www.europesays.com\/fi\/wp-json\/wp\/v2\/media?parent=140502"}],"wp:term":[{"taxonomy":"category","embeddable":true,"href":"https:\/\/www.europesays.com\/fi\/wp-json\/wp\/v2\/categories?post=140502"},{"taxonomy":"post_tag","embeddable":true,"href":"https:\/\/www.europesays.com\/fi\/wp-json\/wp\/v2\/tags?post=140502"}],"curies":[{"name":"wp","href":"https:\/\/api.w.org\/{rel}","templated":true}]}}