{"id":140517,"date":"2026-01-12T15:22:07","date_gmt":"2026-01-12T15:22:07","guid":{"rendered":"https:\/\/www.europesays.com\/fi\/140517\/"},"modified":"2026-01-12T15:22:07","modified_gmt":"2026-01-12T15:22:07","slug":"en-halua-verorahojeni-menevan-icen-naamioituneille-oykkareille-dave-matthews-jyrahti-yhdysvaltojen-menosta","status":"publish","type":"post","link":"https:\/\/www.europesays.com\/fi\/140517\/","title":{"rendered":"&#8221;En halua verorahojeni menev\u00e4n ICE:n naamioituneille \u00f6ykk\u00e4reille&#8221; &#8211; Dave Matthews jyr\u00e4hti Yhdysvaltojen menosta"},"content":{"rendered":"<p>Dave Matthews Bandin johtaja Dave Matthews julkaisi viikonloppuna Instagramissa pitk\u00e4n videon, jossa t\u00e4m\u00e4 kommentoi Yhdysvaltojen nykytilannetta sek\u00e4 otti kovin sanoin kantaa koko maata ravisuttaneeseen, useita mielenosoituksia aiheuttaneeseen tapaukseen, jossa ICE-agentti <a href=\"https:\/\/yle.fi\/a\/74-20203046\" target=\"_blank\" rel=\"noreferrer noopener nofollow\">surmasi <\/a>37-vuotiaan Renee Nicole Goodin ampumalla.<\/p>\n<p>\u201dOlen todella onnekas saadessani asua t\u00e4ss\u00e4 maassa. Korvaukseksi siit\u00e4 maksan veroja. Minun puolestani he voivat vaikka nostaa verojani. Mutta! Ainoastaan, jos verorahoillani rakennetaan siltoja ja puistoja, yll\u00e4pidet\u00e4\u00e4n teit\u00e4 ja kirjastoja, kustannetaan terveydenhoitoa tai opiskelua niille, joilla ei ole siihen varaa. Tai herranen aika, tarjotaan ilmainen lounas koululaisille. Sellaisista asioista maksan ilomielin veroja\u201d, Matthews <a href=\"https:\/\/consequence.net\/2026\/01\/dave-matthews-ice-masked-thugs\/\" target=\"_blank\" rel=\"noreferrer noopener nofollow\">sanoo<\/a>.<\/p>\n<p>\u201dEn halua verorahojeni kustantavan toisiin maihin hy\u00f6kk\u00e4\u00e4mist\u00e4 valheellisin perustein, presidenttien kidnappaamista ja maiden luonnonvarojen varastamista. Me olemme supervaltio, joten saamme ottaa, mit\u00e4 haluamme? Luoja, miten etuoikeutettua ja kuvottavaa puhetta.\u201d<\/p>\n<p>\u201dEn halua verorahojeni menev\u00e4n ICE:n naamioituneille \u00f6ykk\u00e4reille, jotka vaeltavat kaduilla terrorisoimassa yhteis\u00f6j\u00e4mme ja repim\u00e4ss\u00e4 perheit\u00e4 hajalle. Meid\u00e4n pit\u00e4isi auttaa toisiamme. Huolehtia toisistamme. Tarjota koti asunnottomille eik\u00e4 heitt\u00e4\u00e4 ihmisi\u00e4 maahan.\u201d<\/p>\n<p>Lue my\u00f6s: <a href=\"https:\/\/www.soundi.fi\/uutiset\/heratkaa-neil-young-julkaisi-tulikivenkatkuisen-kirjoituksen-yhdysvaltain-nykymenosta\/\" title=\"\u201dHer\u00e4tk\u00e4\u00e4!\u201d Neil Young julkaisi tulikivenkatkuisen kirjoituksen Yhdysvaltain nykymenosta\" class=\"underline-custom !font-montserrat !font-bold !underline-offset-4 !decoration-4 !decoration-tilt-light\" rel=\"nofollow noopener\" target=\"_blank\">\u201dHer\u00e4tk\u00e4\u00e4!\u201d Neil Young julkaisi tulikivenkatkuisen kirjoituksen Yhdysvaltain nykymenosta<\/a><\/p>\n<p>\u201dMik\u00e4 tuo minut Renee Nicole Goodiin, joka murhattiin Minneapolisissa kadulle. Ja ihan sama, mit\u00e4 narratiivia t\u00e4m\u00e4 hallitus yritt\u00e4\u00e4 meille tuputtaa, me n\u00e4emme kyll\u00e4 videoilta, mit\u00e4 tapahtui. Ehk\u00e4 jos he n\u00e4ytt\u00e4v\u00e4t yhden, todella hidastetun p\u00e4tk\u00e4n ja sanovat, mihin suuntaan katsoa, niin ehk\u00e4, ehk\u00e4 on pieni mahdollisuus, ett\u00e4 ampuja tunsi olleensa uhattu. Mutta muuten kaikista kulmista, l\u00e4helt\u00e4 ja kaukaa katsottuna n\u00e4ytt\u00e4\u00e4 silt\u00e4, ett\u00e4 [Good] yritti vain p\u00e4\u00e4st\u00e4 pois \u2013 ja h\u00e4net murhattiin kylm\u00e4verisesti ampumalla kolmesti p\u00e4\u00e4h\u00e4n.\u201d<\/p>\n<p>\u201dT\u00e4m\u00e4 hallitus, n\u00e4m\u00e4 ihmiset yritt\u00e4v\u00e4t sanoa, ettei kannata uskoa n\u00e4kem\u00e4\u00e4ns\u00e4. Aivan kamalaa. En ymm\u00e4rr\u00e4, mill\u00e4 perusteella [Good] hy\u00f6kk\u00e4si heit\u00e4 kohti. Mik\u00e4\u00e4n ei viittaa siihen. T\u00e4m\u00e4 on syv\u00e4sti v\u00e4\u00e4rin enk\u00e4 min\u00e4 ja monet muut pysty sivuuttamaan t\u00e4t\u00e4 asiaa.\u201d<\/p>\n<p>\u201dAnteeksi, jos homma meni hieman synk\u00e4ksi. Mutta el\u00e4mme synkki\u00e4 aikoja. Vitut ICE:st\u00e4\u201d, Matthews p\u00e4\u00e4tti pitk\u00e4n palopuheensa, jonka voit katsoa alta kokonaisuudessaan.<\/p>\n<p>Dave Matthews ei ole ainoa muusikko, joka on reagoinut ICE:n toimintaan Goodin tapauksen j\u00e4lkeen. My\u00f6s muun muassa Neil Young <a href=\"https:\/\/www.soundi.fi\/uutiset\/heratkaa-neil-young-julkaisi-tulikivenkatkuisen-kirjoituksen-yhdysvaltain-nykymenosta\/\" target=\"_blank\" rel=\"noreferrer noopener nofollow\">julkaisi pitk\u00e4n ja tulisen kirjoituksen<\/a>, jossa t\u00e4m\u00e4 kritisoi eritt\u00e4in painavin sanoin presidentti Donald Trumpia ja t\u00e4m\u00e4n hallitusta.<\/p>\n<p>Lue my\u00f6s: <a href=\"https:\/\/www.soundi.fi\/uutiskirje\/\" title=\"Tilaa Soundin uutiskirje\" class=\"underline-custom !font-montserrat !font-bold !underline-offset-4 !decoration-4 !decoration-red-600 !text-md\" rel=\"nofollow noopener\" target=\"_blank\">Tilaa Soundin uutiskirje ja tied\u00e4t mist\u00e4 kahvitauolla puhutaan! Nappaa ajankohtaiset musiikin uutiset ja puheenaiheet suoraan s\u00e4hk\u00f6postiin t\u00e4st\u00e4.<\/a><\/p>\n","protected":false},"excerpt":{"rendered":"Dave Matthews Bandin johtaja Dave Matthews julkaisi viikonloppuna Instagramissa pitk\u00e4n videon, jossa t\u00e4m\u00e4 kommentoi Yhdysvaltojen nykytilannetta sek\u00e4 otti&hellip;\n","protected":false},"author":2,"featured_media":140518,"comment_status":"","ping_status":"","sticky":false,"template":"","format":"standard","meta":{"footnotes":""},"categories":[136],"tags":[407,137,33,31,30,408,32,109],"class_list":{"0":"post-140517","1":"post","2":"type-post","3":"status-publish","4":"format-standard","5":"has-post-thumbnail","7":"category-julkkikset","8":"tag-celebrities","9":"tag-entertainment","10":"tag-fi","11":"tag-finland","12":"tag-finnish","13":"tag-julkkikset","14":"tag-suomi","15":"tag-viihde"},"share_on_mastodon":{"url":"https:\/\/pubeurope.com\/@fi\/115882815824745392","error":""},"_links":{"self":[{"href":"https:\/\/www.europesays.com\/fi\/wp-json\/wp\/v2\/posts\/140517","targetHints":{"allow":["GET"]}}],"collection":[{"href":"https:\/\/www.europesays.com\/fi\/wp-json\/wp\/v2\/posts"}],"about":[{"href":"https:\/\/www.europesays.com\/fi\/wp-json\/wp\/v2\/types\/post"}],"author":[{"embeddable":true,"href":"https:\/\/www.europesays.com\/fi\/wp-json\/wp\/v2\/users\/2"}],"replies":[{"embeddable":true,"href":"https:\/\/www.europesays.com\/fi\/wp-json\/wp\/v2\/comments?post=140517"}],"version-history":[{"count":0,"href":"https:\/\/www.europesays.com\/fi\/wp-json\/wp\/v2\/posts\/140517\/revisions"}],"wp:featuredmedia":[{"embeddable":true,"href":"https:\/\/www.europesays.com\/fi\/wp-json\/wp\/v2\/media\/140518"}],"wp:attachment":[{"href":"https:\/\/www.europesays.com\/fi\/wp-json\/wp\/v2\/media?parent=140517"}],"wp:term":[{"taxonomy":"category","embeddable":true,"href":"https:\/\/www.europesays.com\/fi\/wp-json\/wp\/v2\/categories?post=140517"},{"taxonomy":"post_tag","embeddable":true,"href":"https:\/\/www.europesays.com\/fi\/wp-json\/wp\/v2\/tags?post=140517"}],"curies":[{"name":"wp","href":"https:\/\/api.w.org\/{rel}","templated":true}]}}