{"id":140537,"date":"2026-01-12T15:56:07","date_gmt":"2026-01-12T15:56:07","guid":{"rendered":"https:\/\/www.europesays.com\/fi\/140537\/"},"modified":"2026-01-12T15:56:07","modified_gmt":"2026-01-12T15:56:07","slug":"uudella-barbiella-on-autismikirjon-hairio","status":"publish","type":"post","link":"https:\/\/www.europesays.com\/fi\/140537\/","title":{"rendered":"Uudella Barbiella on autismikirjon h\u00e4iri\u00f6"},"content":{"rendered":"<p><strong class=\"typography-bold\">Uusi Barbie tuo lasten leikkeihin n\u00e4kyv\u00e4ksi autismikirjon h\u00e4iri\u00f6n.<\/strong><\/p>\n<p>Leluyhti\u00f6 Mattel on tuonut markkinoille Barbie-nuken, jolla on autismikirjon h\u00e4iri\u00f6.<\/p>\n<p>Uusi nukke kuuluu Fashionistas-kokoelmaan, johon kuuluu nukkeja, joilla on eri v\u00e4riset ihot tai erilaiset hiukset, vartalon muodot ja terveystilanteet. Tavoitteena on luoda samaistuttavia hahmoja kaikille lapsille.<\/p>\n<p>Sarjaan kuuluvat esimerkiksi Barbiet, joilla on <a class=\"cursor-pointer underline\" data-testid=\"internal-link\" role=\"link\" data-sentry-element=\"Link\" data-sentry-component=\"InternalLink\" data-sentry-source-file=\"InternalLink.tsx\" href=\"https:\/\/www.mtvuutiset.fi\/artikkeli\/uudella-barbie-nukella-on-diabetes\/9186712\" rel=\"nofollow noopener\" target=\"_blank\">tyypin 1 diabetes<\/a> ja <a class=\"cursor-pointer underline\" data-testid=\"internal-link\" role=\"link\" data-sentry-element=\"Link\" data-sentry-component=\"InternalLink\" data-sentry-source-file=\"InternalLink.tsx\" href=\"https:\/\/www.mtvuutiset.fi\/artikkeli\/uudella-barbiella-on-downin-oireyhtyma\/8683994\" rel=\"nofollow noopener\" target=\"_blank\">Downin syndrooma<\/a>. Yksi sarjan <a class=\"cursor-pointer underline\" data-testid=\"internal-link\" role=\"link\" data-sentry-element=\"Link\" data-sentry-component=\"InternalLink\" data-sentry-source-file=\"InternalLink.tsx\" href=\"https:\/\/www.mtvuutiset.fi\/artikkeli\/uusi-barbie-nukke-on-sokea\/8979002\" rel=\"nofollow noopener\" target=\"_blank\">nukke on puolestaan sokea<\/a>.\u00a0<\/p>\n<p><strong class=\"typography-bold\">Lue my\u00f6s: <\/strong><a class=\"cursor-pointer underline\" data-testid=\"internal-link\" role=\"link\" data-sentry-element=\"Link\" data-sentry-component=\"InternalLink\" data-sentry-source-file=\"InternalLink.tsx\" href=\"https:\/\/www.mtvuutiset.fi\/artikkeli\/tytot-uupuvat-kun-heidan-autismiaan-ei-tunnisteta-ajoissa-kotona-kaikki-purkaantuu\/9197918\" rel=\"nofollow noopener\" target=\"_blank\"><strong class=\"typography-bold\">Tyt\u00f6t uupuvat, kun heid\u00e4n autismiaan ei tunnisteta ajoissa \u2013 &#8221;Kotona kaikki purkaantuu&#8221;<\/strong><\/a><\/p>\n<p>Mattel teki yhteisty\u00f6t\u00e4 yhdysvaltalaisen Autistic Self Advocacy Network -autismij\u00e4rjest\u00f6n (ASAN) kanssa nukkea kehitt\u00e4ess\u00e4\u00e4n.<\/p>\n","protected":false},"excerpt":{"rendered":"Uusi Barbie tuo lasten leikkeihin n\u00e4kyv\u00e4ksi autismikirjon h\u00e4iri\u00f6n. Leluyhti\u00f6 Mattel on tuonut markkinoille Barbie-nuken, jolla on autismikirjon h\u00e4iri\u00f6.&hellip;\n","protected":false},"author":2,"featured_media":140538,"comment_status":"","ping_status":"","sticky":false,"template":"","format":"standard","meta":{"footnotes":""},"categories":[130],"tags":[137,33,31,30,32,109],"class_list":{"0":"post-140537","1":"post","2":"type-post","3":"status-publish","4":"format-standard","5":"has-post-thumbnail","7":"category-viihde","8":"tag-entertainment","9":"tag-fi","10":"tag-finland","11":"tag-finnish","12":"tag-suomi","13":"tag-viihde"},"share_on_mastodon":{"url":"https:\/\/pubeurope.com\/@fi\/115882949541486889","error":""},"_links":{"self":[{"href":"https:\/\/www.europesays.com\/fi\/wp-json\/wp\/v2\/posts\/140537","targetHints":{"allow":["GET"]}}],"collection":[{"href":"https:\/\/www.europesays.com\/fi\/wp-json\/wp\/v2\/posts"}],"about":[{"href":"https:\/\/www.europesays.com\/fi\/wp-json\/wp\/v2\/types\/post"}],"author":[{"embeddable":true,"href":"https:\/\/www.europesays.com\/fi\/wp-json\/wp\/v2\/users\/2"}],"replies":[{"embeddable":true,"href":"https:\/\/www.europesays.com\/fi\/wp-json\/wp\/v2\/comments?post=140537"}],"version-history":[{"count":0,"href":"https:\/\/www.europesays.com\/fi\/wp-json\/wp\/v2\/posts\/140537\/revisions"}],"wp:featuredmedia":[{"embeddable":true,"href":"https:\/\/www.europesays.com\/fi\/wp-json\/wp\/v2\/media\/140538"}],"wp:attachment":[{"href":"https:\/\/www.europesays.com\/fi\/wp-json\/wp\/v2\/media?parent=140537"}],"wp:term":[{"taxonomy":"category","embeddable":true,"href":"https:\/\/www.europesays.com\/fi\/wp-json\/wp\/v2\/categories?post=140537"},{"taxonomy":"post_tag","embeddable":true,"href":"https:\/\/www.europesays.com\/fi\/wp-json\/wp\/v2\/tags?post=140537"}],"curies":[{"name":"wp","href":"https:\/\/api.w.org\/{rel}","templated":true}]}}