{"id":140543,"date":"2026-01-12T16:01:08","date_gmt":"2026-01-12T16:01:08","guid":{"rendered":"https:\/\/www.europesays.com\/fi\/140543\/"},"modified":"2026-01-12T16:01:08","modified_gmt":"2026-01-12T16:01:08","slug":"teemu-keskisarja-luennoi-vaestonvaihtojen-historiasta-kaikki-kiinnostuneet-eivat-mahtuneet-saliin","status":"publish","type":"post","link":"https:\/\/www.europesays.com\/fi\/140543\/","title":{"rendered":"Teemu Keskisarja luennoi \u201dv\u00e4est\u00f6nvaihtojen historiasta\u201d, kaikki kiinnostuneet eiv\u00e4t mahtuneet saliin"},"content":{"rendered":"<p>HS Lahdessa|Perussuomalaisten varapuheenjohtaja luennoi maanantaina Lahdessa v\u00e4est\u00f6nvaihdosta, joka viittaa termin\u00e4 salaliittoteoriaan v\u00e4est\u00f6n tarkoituksellisesta vaihtamisesta.<\/p>\n<p class=\"article-body mb-nof-24 px-nof-16\">Perussuomalaisten varapuheenjohtajana toimiva <a class=\"font-bold underline-offset-[0.12em] [text-decoration:var(--person-link-text-decoration)] ![text-decoration-color:var(--person-link-text-decoration-color)]\" href=\"https:\/\/www.hs.fi\/haku\/?query=Teemu%20Keskisarja\" rel=\"nofollow noopener\" target=\"_blank\">Teemu Keskisarja<\/a> luennoi maanantaina Lahden p\u00e4\u00e4kirjastossa v\u00e4est\u00f6nvaihdosta.<\/p>\n<p class=\"article-body mb-nof-24 px-nof-16\">Kaikki luennosta kiinnostuneet eiv\u00e4t mahtuneet saliin, kun auditorio t\u00e4yttyi nopeasti. Keskisarja my\u00f6s aloitti luentonsa etuajassa.<\/p>\n<p class=\"article-body mb-nof-24 px-nof-16\">V\u00e4est\u00f6nvaihtojen historiaa 8000 eKr.\u20132025 jKr., kuuluu luennon otsikko.<\/p>\n<p class=\"article-body mb-nof-24 px-nof-16\">V\u00e4est\u00f6nvaihto termin\u00e4 viittaa tarkoitukselliseen v\u00e4est\u00f6n vaihtamiseen, v\u00e4est\u00f6nvaihtoteoriana tunnettuun \u00e4\u00e4rioikeistolaiseen salaliittoteoriaan.<\/p>\n<p class=\"article-body mb-nof-24 px-nof-16\">Kaiketi netiss\u00e4 on salaliittoja, kuittasi Keskisarja luentonsa alkupuolella.<\/p>\n<p><img decoding=\"async\" src=\"https:\/\/www.europesays.com\/fi\/wp-content\/uploads\/2026\/01\/1768233667_205_468.jpg\" alt=\"Parikymment\u00e4 ihmist\u00e4 osoitti mielt\u00e4\u00e4n Lahden kaupunginkirjaston edess\u00e4 ennen Teemu Keskisarjan luentoa.\" class=\"_Img_1rerz_1\" style=\"aspect-ratio:1.5\" loading=\"eager\"\/><\/p>\n<p class=\"article-picture-caption\">Parikymment\u00e4 ihmist\u00e4 osoitti mielt\u00e4\u00e4n Lahden kaupunginkirjaston edess\u00e4 ennen Teemu Keskisarjan luentoa. Kuva:\u00a0Juha Salminen \/ HS<\/p>\n<p class=\"article-body mb-nof-24 px-nof-16\">Parinkymmenen hengen joukko mielenosoittajia oli osoittamassa mielt\u00e4\u00e4n kirjaston edustalla ennen puoli kuudelta alkavaa luentoa. Mielenosoituksen j\u00e4rjesti paikallinen, kommunistinen Lanka-verkosto.<\/p>\n<p class=\"article-body mb-nof-24 px-nof-16\">\u201dFasismia ja rasismia on vastustettava, ettei se p\u00e4\u00e4se normalisoitumaan yhteiskunnassa\u201d, perustelee paikalle tullut verkoston j\u00e4sen <a class=\"font-bold underline-offset-[0.12em] [text-decoration:var(--person-link-text-decoration)] ![text-decoration-color:var(--person-link-text-decoration-color)]\" href=\"https:\/\/www.hs.fi\/haku\/?query=Aleksi%20Saapalainen\" rel=\"nofollow noopener\" target=\"_blank\">Aleksi Saapalainen<\/a>.<\/p>\n<p class=\"article-body mb-nof-24 px-nof-16\">Juuri vaikka t\u00e4llaisten luentojen takia, jotka sit\u00e4 pyrkiv\u00e4t normalisoimaan, h\u00e4n lis\u00e4\u00e4 viitaten Keskisarjan luentoon.<\/p>\n<p><img decoding=\"async\" src=\"https:\/\/www.europesays.com\/fi\/wp-content\/uploads\/2026\/01\/1768233668_487_468.jpg\" alt=\"Mielenosoittajan mukaan Keskisarjan luennon tyyppiset tapahtumat pyrkiv\u00e4t normalisoimaan fasismia ja rasismia.\" class=\"_Img_1rerz_1\" style=\"aspect-ratio:1.5\" loading=\"eager\"\/><\/p>\n<p class=\"article-picture-caption\">Mielenosoittajan mukaan Keskisarjan luennon tyyppiset tapahtumat pyrkiv\u00e4t normalisoimaan fasismia ja rasismia. Kuva:\u00a0Juha Salminen \/ HS<\/p>\n<p class=\"article-body mb-nof-24 px-nof-16\">Uskomukseen v\u00e4est\u00f6nvaihdoista sis\u00e4ltyy ajatus siit\u00e4, ett\u00e4 v\u00e4est\u00f6 ei vain muutu, vaan ett\u00e4 l\u00e4nsimaista v\u00e4est\u00f6\u00e4 alistetaan ja lopulta vaihdetaan \u2013 yleens\u00e4 jonkin eliitin toimesta \u2013 tarkoituksella toiseen.<\/p>\n<p class=\"article-body mb-nof-24 px-nof-16\">Osa maailmalla tapahtuneiden terrori-iskujen tekij\u00f6ist\u00e4 on perustellut toimintaansa v\u00e4est\u00f6vaihtoteorialla, arvioi <a class=\"underline underline-offset-[0.12em] [text-decoration-thickness:var(--generic-link-underline-thickness)] [text-decoration-color:var(--generic-link-underline-color)] [text-decoration-skip-ink:var(--generic-link-underline-skip-ink)] break-words\" href=\"https:\/\/supo.fi\/aarioikeistolainen-ideologia\" rel=\"nofollow noopener\" target=\"_blank\">Supo<\/a>. Esimerkiksi Lahden terrorismirikoksista ep\u00e4illyt uskoivat siihen, ett\u00e4 vallanpit\u00e4jien salaliiton vuoksi on tapahtumassa v\u00e4est\u00f6nvaihto, <a class=\"underline underline-offset-[0.12em] [text-decoration-thickness:var(--generic-link-underline-thickness)] [text-decoration-color:var(--generic-link-underline-color)] [text-decoration-skip-ink:var(--generic-link-underline-skip-ink)] break-words\" href=\"https:\/\/www.hs.fi\/suomi\/art-2000009822639.html\" rel=\"nofollow noopener\" target=\"_blank\">kuvasi apulaisvaltakunnansyytt\u00e4j\u00e4<\/a> vuonna 2023.<\/p>\n","protected":false},"excerpt":{"rendered":"HS Lahdessa|Perussuomalaisten varapuheenjohtaja luennoi maanantaina Lahdessa v\u00e4est\u00f6nvaihdosta, joka viittaa termin\u00e4 salaliittoteoriaan v\u00e4est\u00f6n tarkoituksellisesta vaihtamisesta. Perussuomalaisten varapuheenjohtajana toimiva Teemu&hellip;\n","protected":false},"author":2,"featured_media":140544,"comment_status":"","ping_status":"","sticky":false,"template":"","format":"standard","meta":{"footnotes":""},"categories":[12],"tags":[22,23,26,27,33,31,30,17,46,24,25,28,29,15,18,21,32,19,20,16],"class_list":{"0":"post-140543","1":"post","2":"type-post","3":"status-publish","4":"format-standard","5":"has-post-thumbnail","7":"category-suomi","8":"tag-breaking-news","9":"tag-breakingnews","10":"tag-featured-news","11":"tag-featurednews","12":"tag-fi","13":"tag-finland","14":"tag-finnish","15":"tag-headlines","16":"tag-helsingin-sanomat","17":"tag-latest-news","18":"tag-latestnews","19":"tag-main-news","20":"tag-mainnews","21":"tag-news","22":"tag-otsikot","23":"tag-paauutiset","24":"tag-suomi","25":"tag-top-stories","26":"tag-topstories","27":"tag-uutiset"},"share_on_mastodon":{"url":"https:\/\/pubeurope.com\/@fi\/115882969273221652","error":""},"_links":{"self":[{"href":"https:\/\/www.europesays.com\/fi\/wp-json\/wp\/v2\/posts\/140543","targetHints":{"allow":["GET"]}}],"collection":[{"href":"https:\/\/www.europesays.com\/fi\/wp-json\/wp\/v2\/posts"}],"about":[{"href":"https:\/\/www.europesays.com\/fi\/wp-json\/wp\/v2\/types\/post"}],"author":[{"embeddable":true,"href":"https:\/\/www.europesays.com\/fi\/wp-json\/wp\/v2\/users\/2"}],"replies":[{"embeddable":true,"href":"https:\/\/www.europesays.com\/fi\/wp-json\/wp\/v2\/comments?post=140543"}],"version-history":[{"count":0,"href":"https:\/\/www.europesays.com\/fi\/wp-json\/wp\/v2\/posts\/140543\/revisions"}],"wp:featuredmedia":[{"embeddable":true,"href":"https:\/\/www.europesays.com\/fi\/wp-json\/wp\/v2\/media\/140544"}],"wp:attachment":[{"href":"https:\/\/www.europesays.com\/fi\/wp-json\/wp\/v2\/media?parent=140543"}],"wp:term":[{"taxonomy":"category","embeddable":true,"href":"https:\/\/www.europesays.com\/fi\/wp-json\/wp\/v2\/categories?post=140543"},{"taxonomy":"post_tag","embeddable":true,"href":"https:\/\/www.europesays.com\/fi\/wp-json\/wp\/v2\/tags?post=140543"}],"curies":[{"name":"wp","href":"https:\/\/api.w.org\/{rel}","templated":true}]}}