{"id":140557,"date":"2026-01-12T16:26:10","date_gmt":"2026-01-12T16:26:10","guid":{"rendered":"https:\/\/www.europesays.com\/fi\/140557\/"},"modified":"2026-01-12T16:26:10","modified_gmt":"2026-01-12T16:26:10","slug":"vuosi-trumpia-takana-mika-mietityttaa","status":"publish","type":"post","link":"https:\/\/www.europesays.com\/fi\/140557\/","title":{"rendered":"Vuosi Trumpia takana \u2013 Mik\u00e4 mietitytt\u00e4\u00e4?"},"content":{"rendered":"<p>Iltalehden suorassa erikoisl\u00e4hetyksess\u00e4 k\u00e4yd\u00e4\u00e4n l\u00e4pi Donald Trumpin toisen presidenttikauden ensimm\u00e4inen vuosi. J\u00e4t\u00e4 kysymyksesi asiantuntijoille nyt!<\/p>\n<p><img decoding=\"async\" class=\"image image-show image-preview\" src=\"https:\/\/www.europesays.com\/fi\/wp-content\/uploads\/2026\/01\/be66efe8eb8136c9687ee6aa93a687026bbc057509b82e42ce774922bb9cef01.jpg\" alt=\"\"\/><img decoding=\"async\" class=\"image image-show\" src=\"https:\/\/www.europesays.com\/fi\/wp-content\/uploads\/2026\/01\/1768235170_492_be66efe8eb8136c9687ee6aa93a687026bbc057509b82e42ce774922bb9cef01.jpg\" alt=\"\"\/><\/p>\n<p>Donald Trumpista tuli Yhdysvaltain 47. presidentti 20. tammikuuta 2025. ZumaWire \/ MVPHOTOS<\/p>\n<p class=\"paragraph\">Yhdysvaltain presidentti <a href=\"https:\/\/www.iltalehti.fi\/henkilot\/Donald Trump\" class=\"article-link-person-page\" rel=\"nofollow noopener\" target=\"_blank\">Donald Trumpin<\/a> toista presidenttikautta on pian takana tasan vuosi.<\/p>\n<p class=\"paragraph\">365 p\u00e4iv\u00e4\u00e4n on mahtunut paljon p\u00e4\u00e4t\u00f6ksi\u00e4, jotka ovat muovanneet Yhdysvaltojen lis\u00e4ksi koko maailmaa. Iltalehti k\u00e4y 19. tammikuuta suorassa l\u00e4hetyksess\u00e4 l\u00e4pi n\u00e4ist\u00e4 t\u00e4rkeimm\u00e4t yhdess\u00e4 alan asiantuntijoiden kanssa.<\/p>\n<p class=\"paragraph\">L\u00e4hetyksess\u00e4 vastataan my\u00f6s Iltalehden lukijoiden kysymyksiin, joista yksi voi olla sinun!<\/p>\n<p class=\"paragraph\">J\u00e4t\u00e4 meille alta l\u00f6ytyv\u00e4ll\u00e4 lomakkeella kysymyksesi, jonka haluaisit asiantuntijoille Trumpista tai Yhdysvalloista esitt\u00e4\u00e4.<\/p>\n","protected":false},"excerpt":{"rendered":"Iltalehden suorassa erikoisl\u00e4hetyksess\u00e4 k\u00e4yd\u00e4\u00e4n l\u00e4pi Donald Trumpin toisen presidenttikauden ensimm\u00e4inen vuosi. J\u00e4t\u00e4 kysymyksesi asiantuntijoille nyt! Donald Trumpista tuli&hellip;\n","protected":false},"author":2,"featured_media":140558,"comment_status":"","ping_status":"","sticky":false,"template":"","format":"standard","meta":{"footnotes":""},"categories":[14],"tags":[35,22,23,26,27,33,31,30,17,24,25,28,29,1616,15,18,21,142,637,144,32,19,20,56,16,638,59,60,61],"class_list":{"0":"post-140557","1":"post","2":"type-post","3":"status-publish","4":"format-standard","5":"has-post-thumbnail","7":"category-ulkomaat","8":"tag-24h","9":"tag-breaking-news","10":"tag-breakingnews","11":"tag-featured-news","12":"tag-featurednews","13":"tag-fi","14":"tag-finland","15":"tag-finnish","16":"tag-headlines","17":"tag-latest-news","18":"tag-latestnews","19":"tag-main-news","20":"tag-mainnews","21":"tag-media-viestinta","22":"tag-news","23":"tag-otsikot","24":"tag-paauutiset","25":"tag-poliitikot","26":"tag-politiikka","27":"tag-presidentti","28":"tag-suomi","29":"tag-top-stories","30":"tag-topstories","31":"tag-ulkomaat","32":"tag-uutiset","33":"tag-valtiovalta","34":"tag-world","35":"tag-world-news","36":"tag-worldnews"},"share_on_mastodon":{"url":"https:\/\/pubeurope.com\/@fi\/115883067549777981","error":""},"_links":{"self":[{"href":"https:\/\/www.europesays.com\/fi\/wp-json\/wp\/v2\/posts\/140557","targetHints":{"allow":["GET"]}}],"collection":[{"href":"https:\/\/www.europesays.com\/fi\/wp-json\/wp\/v2\/posts"}],"about":[{"href":"https:\/\/www.europesays.com\/fi\/wp-json\/wp\/v2\/types\/post"}],"author":[{"embeddable":true,"href":"https:\/\/www.europesays.com\/fi\/wp-json\/wp\/v2\/users\/2"}],"replies":[{"embeddable":true,"href":"https:\/\/www.europesays.com\/fi\/wp-json\/wp\/v2\/comments?post=140557"}],"version-history":[{"count":0,"href":"https:\/\/www.europesays.com\/fi\/wp-json\/wp\/v2\/posts\/140557\/revisions"}],"wp:featuredmedia":[{"embeddable":true,"href":"https:\/\/www.europesays.com\/fi\/wp-json\/wp\/v2\/media\/140558"}],"wp:attachment":[{"href":"https:\/\/www.europesays.com\/fi\/wp-json\/wp\/v2\/media?parent=140557"}],"wp:term":[{"taxonomy":"category","embeddable":true,"href":"https:\/\/www.europesays.com\/fi\/wp-json\/wp\/v2\/categories?post=140557"},{"taxonomy":"post_tag","embeddable":true,"href":"https:\/\/www.europesays.com\/fi\/wp-json\/wp\/v2\/tags?post=140557"}],"curies":[{"name":"wp","href":"https:\/\/api.w.org\/{rel}","templated":true}]}}