{"id":140559,"date":"2026-01-12T16:27:08","date_gmt":"2026-01-12T16:27:08","guid":{"rendered":"https:\/\/www.europesays.com\/fi\/140559\/"},"modified":"2026-01-12T16:27:08","modified_gmt":"2026-01-12T16:27:08","slug":"kuopion-sataman-jaamaratonradalle-saattaa-paasta-lahiaikoina-savo","status":"publish","type":"post","link":"https:\/\/www.europesays.com\/fi\/140559\/","title":{"rendered":"Kuopion sataman j\u00e4\u00e4maratonradalle saattaa p\u00e4\u00e4st\u00e4 l\u00e4hiaikoina | Savo"},"content":{"rendered":"<p>Kuopion satamassa Kallaveden j\u00e4\u00e4lle rakentuva j\u00e4\u00e4maratonrata avautunee t\u00e4ll\u00e4 tai ensi viikolla.&#13;<\/p>\n<p>\u2013\u2009Nyt olemme kovasti pohjat\u00f6it\u00e4 tekem\u00e4ss\u00e4. Ideana on, ett\u00e4 saisimme j\u00e4\u00e4h\u00e4n lis\u00e4\u00e4 vahvuutta niin paljon, ett\u00e4 se saataisiin kantamaan maaliskuun puoliv\u00e4lin j\u00e4lkeenkin, Finland Ice Marathonin ratamestari <strong class=\"diks-storyline__person\">Kai Aho<\/strong> kertoi maanantaina.<\/p>\n<p>Radalle pumpataan vett\u00e4 ja tehd\u00e4\u00e4n sit\u00e4 leve\u00e4mm\u00e4ksi.&#13;<\/p>\n<p>\u2013\u2009Satama-allas on j\u00e4\u00e4tynyt huonosti ja ep\u00e4tasaisesti. On pakko pumpata vett\u00e4, ett\u00e4 saamme j\u00e4\u00e4n tasoitettua ja lis\u00e4\u00e4 paksuutta. Viikko sitten siell\u00e4 oli alle kymmenen senttimetri\u00e4 j\u00e4\u00e4t\u00e4. Se on pahin kohta t\u00e4n\u00e4 vuonna.&#13;<\/p>\n<p><strong class=\"diks-storyline__person\">Ahon mukaan<\/strong> tavallisesti ensimm\u00e4iseksi on j\u00e4\u00e4dytetty ensin kahden kilometrin lenkki, sitten nelj\u00e4 kilometri\u00e4 ja sen j\u00e4lkeen askel askeleelta enemm\u00e4n, mutta nyt pohjat\u00f6it\u00e4  tehd\u00e4\u00e4n jo Kuopionlahden reitill\u00e4.<\/p>\n<p>\u2013\u2009Ajatuksena on, ett\u00e4 pakkaset k\u00e4ytett\u00e4isiin mahdollisimman tehokkaasti hyv\u00e4ksi. Joidenkin ennusteiden mukaan helmikuussa ei olisi pakkasta, joten on pakko jalkauttaa porukkaa moneen paikkaan, jotta saamme lunta pois radalta ja pakkanen purisi j\u00e4\u00e4h\u00e4n.&#13;<\/p>\n<p>Aho ei uskalla luvata viel\u00e4 tarkkaa ajankohtaa radan avautumiselle.&#13;<\/p>\n<p>\u2013\u2009Jos kaikki menee nappiin ja ihan t\u00e4ydellisesti, tulevana viikonloppuna voi luistella jonkin verran. Olen kuitenkin niin monesti pettynyt luontoon, ett\u00e4 en l\u00e4hde lupailemaan mit\u00e4\u00e4n. Jos ei t\u00e4n\u00e4 viikonloppuna, niin seuraavana viikonloppuna.&#13;<\/p>\n<p><strong class=\"diks-storyline__person\">Viime vuonna<\/strong> luistelukausi j\u00e4\u00e4maratonradalla p\u00e4\u00e4stiin aloittamaan virallisesti lauantaina 25. tammikuuta, mutta heti seuraavana p\u00e4iv\u00e4n\u00e4 j\u00e4\u00e4lle nousi runsaasti vett\u00e4.<\/p>\n<p>Finland Ice Marathon on tarkoitus j\u00e4rjest\u00e4\u00e4 radalla 20.\u201321. helmikuuta.<\/p>\n<p>\t\t\t\t\t<img class=\"diks-card__image\" src=\"https:\/\/www.europesays.com\/fi\/wp-content\/uploads\/2026\/01\/11236072.jpg\"   loading=\"lazy\" decoding=\"sync\" alt=\"\"\/><\/p>\n","protected":false},"excerpt":{"rendered":"Kuopion satamassa Kallaveden j\u00e4\u00e4lle rakentuva j\u00e4\u00e4maratonrata avautunee t\u00e4ll\u00e4 tai ensi viikolla.&#13; \u2013\u2009Nyt olemme kovasti pohjat\u00f6it\u00e4 tekem\u00e4ss\u00e4. Ideana on,&hellip;\n","protected":false},"author":2,"featured_media":140560,"comment_status":"","ping_status":"","sticky":false,"template":"","format":"standard","meta":{"footnotes":""},"categories":[12],"tags":[22,23,2110,1752,26,27,33,31,30,17,1132,24,25,121,41,28,29,15,18,21,32,19,20,16,872],"class_list":{"0":"post-140559","1":"post","2":"type-post","3":"status-publish","4":"format-standard","5":"has-post-thumbnail","7":"category-suomi","8":"tag-breaking-news","9":"tag-breakingnews","10":"tag-elamantapa-ja-vapaa-aika","11":"tag-facebook","12":"tag-featured-news","13":"tag-featurednews","14":"tag-fi","15":"tag-finland","16":"tag-finnish","17":"tag-headlines","18":"tag-kuopio","19":"tag-latest-news","20":"tag-latestnews","21":"tag-liikenne-ja-kuljetus","22":"tag-liikunta-ja-urheilu","23":"tag-main-news","24":"tag-mainnews","25":"tag-news","26":"tag-otsikot","27":"tag-paauutiset","28":"tag-suomi","29":"tag-top-stories","30":"tag-topstories","31":"tag-uutiset","32":"tag-vesistot"},"share_on_mastodon":{"url":"https:\/\/pubeurope.com\/@fi\/115883071459900100","error":""},"_links":{"self":[{"href":"https:\/\/www.europesays.com\/fi\/wp-json\/wp\/v2\/posts\/140559","targetHints":{"allow":["GET"]}}],"collection":[{"href":"https:\/\/www.europesays.com\/fi\/wp-json\/wp\/v2\/posts"}],"about":[{"href":"https:\/\/www.europesays.com\/fi\/wp-json\/wp\/v2\/types\/post"}],"author":[{"embeddable":true,"href":"https:\/\/www.europesays.com\/fi\/wp-json\/wp\/v2\/users\/2"}],"replies":[{"embeddable":true,"href":"https:\/\/www.europesays.com\/fi\/wp-json\/wp\/v2\/comments?post=140559"}],"version-history":[{"count":0,"href":"https:\/\/www.europesays.com\/fi\/wp-json\/wp\/v2\/posts\/140559\/revisions"}],"wp:featuredmedia":[{"embeddable":true,"href":"https:\/\/www.europesays.com\/fi\/wp-json\/wp\/v2\/media\/140560"}],"wp:attachment":[{"href":"https:\/\/www.europesays.com\/fi\/wp-json\/wp\/v2\/media?parent=140559"}],"wp:term":[{"taxonomy":"category","embeddable":true,"href":"https:\/\/www.europesays.com\/fi\/wp-json\/wp\/v2\/categories?post=140559"},{"taxonomy":"post_tag","embeddable":true,"href":"https:\/\/www.europesays.com\/fi\/wp-json\/wp\/v2\/tags?post=140559"}],"curies":[{"name":"wp","href":"https:\/\/api.w.org\/{rel}","templated":true}]}}