{"id":140561,"date":"2026-01-12T16:28:06","date_gmt":"2026-01-12T16:28:06","guid":{"rendered":"https:\/\/www.europesays.com\/fi\/140561\/"},"modified":"2026-01-12T16:28:06","modified_gmt":"2026-01-12T16:28:06","slug":"helsingin-kaupunginhallituksen-kevatkausi-alkoi-helsingin-kaupunki-kaupunginkanslia","status":"publish","type":"post","link":"https:\/\/www.europesays.com\/fi\/140561\/","title":{"rendered":"Helsingin kaupunginhallituksen kev\u00e4tkausi alkoi | Helsingin kaupunki, kaupunginkanslia"},"content":{"rendered":"<p><strong><\/p>\n<p><strong>Kaupunginhallitus kokoontui 12. tammikuuta kev\u00e4tkauden ensimm\u00e4iseen kokoukseen.<\/strong><\/p>\n<p><\/strong><\/p>\n<p>Kokouksessaan kaupunginhallitus p\u00e4\u00e4tti esitt\u00e4\u00e4 valtuustolle Pohjoisesplanadi 37:n asemakaavan muutoksen, Lauttasaarentie 50:n asemakaavan muutoksen sek\u00e4 Malmin Ormuspellontie 2:n asemakaavan muutoksen hyv\u00e4ksymist\u00e4. Kaavat etenev\u00e4t valtuustoon.<\/p>\n<p>Kaupunginhallitus esitt\u00e4\u00e4 my\u00f6s kahden koulun perusparannuksen hankesuunnitelman hyv\u00e4ksymist\u00e4: Katajanokan ala-asteen koulun perusparannuksen ja laajennuksen hankesuunnitelma sek\u00e4 Laajasalon peruskoulun perusparannuksen ja laajennuksen hankesuunnitelma etenev\u00e4t valtuustoon.<\/p>\n<p>Kaupunginhallituksen kokousajat vuonna 2026<\/p>\n<p>Kaupunginhallitus kokoontuu maanantaisin kello 16.00 Helsingin kaupungintalolla. Talvilomaviikolla ja p\u00e4\u00e4si\u00e4isviikolla ei pidet\u00e4 kokouksia.<\/p>\n<p>Kokousten esityslistat julkaistaan kokousta edelt\u00e4v\u00e4n viikon torstaina. Kokousten p\u00e4\u00e4tytty\u00e4 julkaistaan p\u00e4\u00e4t\u00f6stiedote, jossa kerrotaan kaupunginhallituksen kokouksessa tekem\u00e4t p\u00e4\u00e4t\u00f6kset. P\u00e4\u00e4t\u00f6stiedote sis\u00e4lt\u00e4\u00e4 vain kokouksessa tehdyt p\u00e4\u00e4t\u00f6kset eli sit\u00e4 on luettava yhdess\u00e4 esityslistan kanssa. P\u00f6yt\u00e4kirja korvaa ilmestyess\u00e4\u00e4n esityslistan ja p\u00e4\u00e4t\u00f6stiedotteen<\/p>\n<p>Kaupunginhallituksen kokouskalenteri, esityslistat, p\u00e4\u00e4t\u00f6stiedotteet ja muistiot sek\u00e4 tietoa kaupunginhallituksesta l\u00f6ytyv\u00e4t P\u00e4\u00e4t\u00f6kset-palvelusta.<\/p>\n<p>Kaikki kaupunginhallituksen p\u00e4\u00e4t\u00f6kset ja mahdolliset \u00e4\u00e4nestykset l\u00f6ytyv\u00e4t p\u00e4\u00e4t\u00f6stiedotteesta. P\u00e4\u00e4t\u00f6stiedote julkaistaan kaupunginhallituksen asiakirjat -sivulla.<\/p>\n<p>Maisa Hopeakunnas<br \/>Viestint\u00e4asiantuntija<br \/>Helsingin kaupunginkanslia<br \/>P. 09 310 27 821<br \/>maisa.hopeakunnas@hel.fi<\/p>\n","protected":false},"excerpt":{"rendered":"Kaupunginhallitus kokoontui 12. tammikuuta kev\u00e4tkauden ensimm\u00e4iseen kokoukseen. Kokouksessaan kaupunginhallitus p\u00e4\u00e4tti esitt\u00e4\u00e4 valtuustolle Pohjoisesplanadi 37:n asemakaavan muutoksen, Lauttasaarentie 50:n&hellip;\n","protected":false},"author":2,"featured_media":140562,"comment_status":"","ping_status":"","sticky":false,"template":"","format":"standard","meta":{"footnotes":""},"categories":[5],"tags":[22,23,26,27,33,31,30,17,24,25,28,29,15,18,21,32,19,20,16],"class_list":{"0":"post-140561","1":"post","2":"type-post","3":"status-publish","4":"format-standard","5":"has-post-thumbnail","7":"category-otsikot","8":"tag-breaking-news","9":"tag-breakingnews","10":"tag-featured-news","11":"tag-featurednews","12":"tag-fi","13":"tag-finland","14":"tag-finnish","15":"tag-headlines","16":"tag-latest-news","17":"tag-latestnews","18":"tag-main-news","19":"tag-mainnews","20":"tag-news","21":"tag-otsikot","22":"tag-paauutiset","23":"tag-suomi","24":"tag-top-stories","25":"tag-topstories","26":"tag-uutiset"},"share_on_mastodon":{"url":"https:\/\/pubeurope.com\/@fi\/115883075346053921","error":""},"_links":{"self":[{"href":"https:\/\/www.europesays.com\/fi\/wp-json\/wp\/v2\/posts\/140561","targetHints":{"allow":["GET"]}}],"collection":[{"href":"https:\/\/www.europesays.com\/fi\/wp-json\/wp\/v2\/posts"}],"about":[{"href":"https:\/\/www.europesays.com\/fi\/wp-json\/wp\/v2\/types\/post"}],"author":[{"embeddable":true,"href":"https:\/\/www.europesays.com\/fi\/wp-json\/wp\/v2\/users\/2"}],"replies":[{"embeddable":true,"href":"https:\/\/www.europesays.com\/fi\/wp-json\/wp\/v2\/comments?post=140561"}],"version-history":[{"count":0,"href":"https:\/\/www.europesays.com\/fi\/wp-json\/wp\/v2\/posts\/140561\/revisions"}],"wp:featuredmedia":[{"embeddable":true,"href":"https:\/\/www.europesays.com\/fi\/wp-json\/wp\/v2\/media\/140562"}],"wp:attachment":[{"href":"https:\/\/www.europesays.com\/fi\/wp-json\/wp\/v2\/media?parent=140561"}],"wp:term":[{"taxonomy":"category","embeddable":true,"href":"https:\/\/www.europesays.com\/fi\/wp-json\/wp\/v2\/categories?post=140561"},{"taxonomy":"post_tag","embeddable":true,"href":"https:\/\/www.europesays.com\/fi\/wp-json\/wp\/v2\/tags?post=140561"}],"curies":[{"name":"wp","href":"https:\/\/api.w.org\/{rel}","templated":true}]}}