{"id":140566,"date":"2026-01-12T16:47:07","date_gmt":"2026-01-12T16:47:07","guid":{"rendered":"https:\/\/www.europesays.com\/fi\/140566\/"},"modified":"2026-01-12T16:47:07","modified_gmt":"2026-01-12T16:47:07","slug":"mustafe-muusen-se-aika-parani-kabineteissa-em-kisojen-tulosraja-rikki-urheilua-lyhyesti","status":"publish","type":"post","link":"https:\/\/www.europesays.com\/fi\/140566\/","title":{"rendered":"Mustafe Muusen SE-aika parani kabineteissa \u2013 EM-kisojen tulosraja rikki | Urheilua lyhyesti"},"content":{"rendered":"<p class=\"aw-1gybjub aw-5vja16 kEtdKx kmuxyA yle__article__paragraph\">Mustafe Muusen Valenciassa sunnuntaina juoksema kymmenen kilometrin maantiejuoksun SE-aika on parantunut lukemaan 27.50. <\/p>\n<p><img decoding=\"async\" alt=\"Mustafe Muuse hymyilee.\" src=\"https:\/\/www.europesays.com\/fi\/wp-content\/uploads\/2026\/01\/39-148214368510dbabfdc1.jpeg\" class=\"aw-1l9m598 hKVVvP\"\/><\/p>\n<p>Avaa kuvien katselu<\/p>\n<p>Mustafe Muuse arkistokuvassa. Kuva: Markku Pitk\u00e4nen \/ Yle<\/p>\n<p class=\"aw-1gybjub aw-1p7kakr kEtdKx cEmitX yle__article__paragraph\">Valencian kilpailun j\u00e4rjest\u00e4j\u00e4t ilmoittivat <strong class=\"aw-ak79eh KyCXm yle__article__strong\">Mustafe Muusen<\/strong> ajaksi ensin 27.51, mutta ovat nyt tarkentaneet sen lukemaan 27.50.<\/p>\n<p class=\"aw-1gybjub aw-1p7kakr kEtdKx cEmitX yle__article__paragraph\">Tarkennettu aika sivuaa elokuussa Birminghamissa k\u00e4yt\u00e4vien yleisurheilun EM-kilpailujen 10\u00a0000 metrin tulosrajaa.<\/p>\n<p class=\"aw-1gybjub aw-1p7kakr kEtdKx cEmitX yle__article__paragraph\">Valencian kisan j\u00e4rjest\u00e4j\u00e4t tarkensivat my\u00f6s kilpailun voittaneen Ruotsin <strong class=\"aw-ak79eh KyCXm yle__article__strong\">Andreas Almgrenin<\/strong> Euroopan enn\u00e4tyksen lukemaan 26.45. Almgrenin ajaksi ilmoitettiin aluksi 26.46.<\/p>\n<p class=\"aw-1gybjub aw-1p7kakr kEtdKx cEmitX yle__article__paragraph\">Etiopian <strong class=\"aw-ak79eh KyCXm yle__article__strong\">Khairi Bejiga<\/strong> oli kilpailussa toinen ja Kenian <strong class=\"aw-ak79eh KyCXm yle__article__strong\">Victor Kipruto Togom<\/strong> kolmas.<\/p>\n<p class=\"aw-1gybjub aw-1p7kakr kEtdKx cEmitX yle__article__paragraph\">My\u00f6s naisten kilpailussa Valenciassa mentiin kovaa. Naisten maantiekympin Euroopan enn\u00e4tys rikkoutui toisena per\u00e4kk\u00e4isen\u00e4 viikonloppuna, kun <strong class=\"aw-ak79eh KyCXm yle__article__strong\">Eilish McColgan<\/strong> juoksi ajan 30.08. Naisten kilpailun voittoon juoksi Kenian <strong class=\"aw-ak79eh KyCXm yle__article__strong\">Brenda Jepchirchirin<\/strong> ajalla 29.25.<\/p>\n<p class=\"aw-1gybjub aw-1p7kakr kEtdKx cEmitX yle__article__paragraph\"><strong class=\"aw-ak79eh KyCXm yle__article__strong\">Nathalie Blomqvistin<\/strong> kilpailu p\u00e4\u00e4ttyi keskeytykseen kuuden kilometrin kohdalla. Blomqvist k\u00e4rsi viikolla flunssan oireista, mink\u00e4 vuoksi juoksuvire ei Valenciassa ollut urheilijan toivomalla tasolla.<\/p>\n","protected":false},"excerpt":{"rendered":"Mustafe Muusen Valenciassa sunnuntaina juoksema kymmenen kilometrin maantiejuoksun SE-aika on parantunut lukemaan 27.50. Avaa kuvien katselu Mustafe Muuse&hellip;\n","protected":false},"author":2,"featured_media":140567,"comment_status":"","ping_status":"","sticky":false,"template":"","format":"standard","meta":{"footnotes":""},"categories":[158],"tags":[33,31,30,3914,5834,4838,159,164,32,160,162],"class_list":{"0":"post-140566","1":"post","2":"type-post","3":"status-publish","4":"format-standard","5":"has-post-thumbnail","7":"category-urheilu","8":"tag-fi","9":"tag-finland","10":"tag-finnish","11":"tag-juoksu","12":"tag-kestavyysjuoksu","13":"tag-mustafe-muuse","14":"tag-sports","15":"tag-suomen-ennatys","16":"tag-suomi","17":"tag-urheilu","18":"tag-yleisurheilu"},"share_on_mastodon":{"url":"https:\/\/pubeurope.com\/@fi\/115883150075444352","error":""},"_links":{"self":[{"href":"https:\/\/www.europesays.com\/fi\/wp-json\/wp\/v2\/posts\/140566","targetHints":{"allow":["GET"]}}],"collection":[{"href":"https:\/\/www.europesays.com\/fi\/wp-json\/wp\/v2\/posts"}],"about":[{"href":"https:\/\/www.europesays.com\/fi\/wp-json\/wp\/v2\/types\/post"}],"author":[{"embeddable":true,"href":"https:\/\/www.europesays.com\/fi\/wp-json\/wp\/v2\/users\/2"}],"replies":[{"embeddable":true,"href":"https:\/\/www.europesays.com\/fi\/wp-json\/wp\/v2\/comments?post=140566"}],"version-history":[{"count":0,"href":"https:\/\/www.europesays.com\/fi\/wp-json\/wp\/v2\/posts\/140566\/revisions"}],"wp:featuredmedia":[{"embeddable":true,"href":"https:\/\/www.europesays.com\/fi\/wp-json\/wp\/v2\/media\/140567"}],"wp:attachment":[{"href":"https:\/\/www.europesays.com\/fi\/wp-json\/wp\/v2\/media?parent=140566"}],"wp:term":[{"taxonomy":"category","embeddable":true,"href":"https:\/\/www.europesays.com\/fi\/wp-json\/wp\/v2\/categories?post=140566"},{"taxonomy":"post_tag","embeddable":true,"href":"https:\/\/www.europesays.com\/fi\/wp-json\/wp\/v2\/tags?post=140566"}],"curies":[{"name":"wp","href":"https:\/\/api.w.org\/{rel}","templated":true}]}}