{"id":140573,"date":"2026-01-12T16:53:10","date_gmt":"2026-01-12T16:53:10","guid":{"rendered":"https:\/\/www.europesays.com\/fi\/140573\/"},"modified":"2026-01-12T16:53:10","modified_gmt":"2026-01-12T16:53:10","slug":"mielenosoittajat-saapuivat-kirjaston-pihaan-teemu-keskisarjalta-tiukkaa-tekstia-hallituksen-hankkeesta-irvokasta-pelleilya","status":"publish","type":"post","link":"https:\/\/www.europesays.com\/fi\/140573\/","title":{"rendered":"Mielenosoittajat saapuivat kirjaston pihaan \u2013 Teemu Keskisarjalta tiukkaa teksti\u00e4 hallituksen hankkeesta: \u201dIrvokasta pelleily\u00e4\u201d"},"content":{"rendered":"<p>Peruutusuhan alla ollut perussuomalaisten varapuheenjohtaja Teemu Keskisarjan \u201dv\u00e4est\u00f6vaihtojen historiaa\u201d k\u00e4sittelev\u00e4 luento j\u00e4rjestet\u00e4\u00e4n maanantaina Lahdessa.<\/p>\n<p><a href=\"https:\/\/www.iltalehti.fi\/kirjoittajat\/Jari Hanska\" rel=\"nofollow noopener\" target=\"_blank\"><img decoding=\"async\" class=\"author-image-img\" alt=\"Tekij\u00e4n kuva\" src=\"https:\/\/www.europesays.com\/fi\/wp-content\/uploads\/2025\/08\/e1530ef2801ea058ae32b3e6bf9111d14e3f143dfe09688bba2e562ebff0637b.png\"\/><\/a><a href=\"https:\/\/www.iltalehti.fi\/kirjoittajat\/Onni Kari\" rel=\"nofollow noopener\" target=\"_blank\"><img decoding=\"async\" class=\"author-image-img\" alt=\"Tekij\u00e4n kuva\" src=\"https:\/\/www.europesays.com\/fi\/wp-content\/uploads\/2025\/12\/7b247f0d787c34fd25aa80913debdb20ea11879aaf5e253139c04048a760c9c6.png\"\/><\/a><\/p>\n<p>T\u00e4n\u00e4\u00e4n klo 16:03 (p\u00e4ivitetty klo 18:16)<\/p>\n<p class=\"paragraph\">Kuohuntaa jo etuk\u00e4teen aiheuttanut perussuomalaisten varapuheenjohtajan, kansanedustaja <strong>Teemu Keskisarjan<\/strong> luento Lahden p\u00e4\u00e4kirjastossa j\u00e4rjestet\u00e4\u00e4n maanantaina kello 17.30.<\/p>\n<p class=\"paragraph\">T\u00e4t\u00e4 ennen Keskisarja antaa Iltalehdelle haastattelun tuntemuksistaan.<\/p>\n<p class=\"paragraph\">Keskisarjan luennon otsikkona on \u201dV\u00e4est\u00f6vaihtojen historiaa 8 000 eKr. \u2013 2025 jKr.\u201d Tapahtuman j\u00e4rjest\u00e4\u00e4 Lahden Perussuomalaiset ry.<\/p>\n<p class=\"paragraph\">Kohuttu luento ker\u00e4si etuk\u00e4teen paljon asiakaspalautetta Lahden p\u00e4\u00e4kirjastolle. Kirjasto pyysi j\u00e4rjest\u00e4j\u00e4lt\u00e4 tarkennusta tapahtuman otsikosta ja sis\u00e4ll\u00f6st\u00e4.<\/p>\n<p class=\"paragraph\">Tilaisuus oli vaarassa peruuntua. Kirjaston saaman vastauksen my\u00f6t\u00e4 tapahtuma j\u00e4rjestyy. Siihen saattaa ennakkotietojen mukaan kohdistua kuitenkin mielenosoituksia, mutta ainakaan luentoa ennen kirjaston edess\u00e4 ei n\u00e4kynyt mielenosoittajia.<\/p>\n<p class=\"paragraph\">Iltalehti seuraa tilaisuutta. Paikan p\u00e4\u00e4ll\u00e4 Lahdessa ovat politiikan toimittaja <strong>Jari Hanska<\/strong> ja kuvaaja <strong>Matti Matikainen<\/strong>. Tekstimuotoinen seuranta alkaa alta.<\/p>\n<p>Ei vanhempia p\u00e4ivityksi\u00e4<\/p>\n<p>V\u00e4est\u00f6nvaihto ja salaliittoteoria<\/p>\n<p class=\"paragraph\">Yksi syy Keskisarjan luennon her\u00e4tt\u00e4m\u00e4lle kohulle on luennon otsikossa esiintyv\u00e4 v\u00e4est\u00f6vaihto-sana. Termi\u00e4 on yleens\u00e4 k\u00e4ytetty hieman toisessa kirjoitusasussa eli \u201dv\u00e4est\u00f6nvaihto\u201d.<\/p>\n<p class=\"paragraph\">Perussuomalaiset ovat puhuneet v\u00e4est\u00f6nvaihdosta useita kertoja. Asia nousi esiin muun muassa elokuun lopulla, kun Keskisarja kutsui A-studiossa maahanmuuttajia heikkolaatuisiksi.<\/p>\n<p class=\"paragraph\">Keskustelussa Keskisarja otti kantaa my\u00f6s perussuomalaisten puheenjohtaja <strong>Riikka Purran<\/strong> puheisiin eduskuntaryhm\u00e4n kes\u00e4kokouksessa. Purran mukaan \u201dv\u00e4est\u00f6n vaihtuminen on suomalaisen hyvinvointiyhteiskunnan loppu\u201d.<\/p>\n<p class=\"paragraph\">\u2013 V\u00e4est\u00f6nvaihto on ruma v-sana, mutta tosi, Keskisarja kommentoi.<\/p>\n<p class=\"paragraph\">Termin k\u00e4ytt\u00f6 on her\u00e4tt\u00e4nyt kritiikki\u00e4, sill\u00e4 v\u00e4est\u00f6nvaihtoa koskien levitet\u00e4\u00e4n my\u00f6s salaliittoteoriaa, jonka mukaan l\u00e4nsimainen v\u00e4est\u00f6 pyritt\u00e4isiin tietoisesti vaihtamaan muualta tuleviin ihmisiin. Perussuomalaiset ovat kiist\u00e4neet, ett\u00e4 heid\u00e4n v\u00e4est\u00f6nvaihtopuheensa kytkeytyisiv\u00e4t t\u00e4h\u00e4n teoriaan.<\/p>\n<p class=\"paragraph\">Suojelupoliisi on <a href=\"https:\/\/supo.fi\/aarioikeistolainen-ideologia\" rel=\"noopener nofollow\" target=\"_blank\">varoittanut<\/a>, ett\u00e4 v\u00e4est\u00f6nvaihtoteorialla on oikeutettu \u00e4\u00e4rioikeistolaista v\u00e4kivaltaa. Viime syksyn\u00e4 Suojelupoliisi muutti nettisivujaan ja poisti \u00e4\u00e4rioikeistolaista ideologiaa k\u00e4sittelev\u00e4lt\u00e4 alasivulta viittauksen vuoden 2019 Christchurchin terrori-iskuun.<\/p>\n<p class=\"paragraph\">\u2013 Verkkosivuilta poistettiin syyskuun alussa kaksi Christchurchin iskuun viittaavaa tekstikappaletta, sill\u00e4 iskusta on jo kulunut useita vuosia aikaa. Yksitt\u00e4inen historiallinen esimerkki Christchurchista korvattiin yleisemm\u00e4ll\u00e4 ilmauksella siit\u00e4, ett\u00e4 osa maailmalla tapahtuneiden terrori-iskujen tekij\u00f6ist\u00e4 on perustellut toimintaansa v\u00e4est\u00f6vaihtoteorialla, Supon viestinn\u00e4st\u00e4 todettiin syksyll\u00e4.<\/p>\n<p><img decoding=\"async\" class=\"image image-show image-preview\" src=\"https:\/\/www.europesays.com\/fi\/wp-content\/uploads\/2026\/01\/d9d1a46e16ab33f15b98e589e7fb7c94d5bbb11cf54d540e3fce810b9d9066e1.jpg\" alt=\"\"\/><img decoding=\"async\" class=\"image image-show\" src=\"https:\/\/www.europesays.com\/fi\/wp-content\/uploads\/2026\/01\/1768236790_607_d9d1a46e16ab33f15b98e589e7fb7c94d5bbb11cf54d540e3fce810b9d9066e1.jpg\" alt=\"\"\/><\/p>\n<p>Teemu Keskisarjan (ps) luento kiinnosti Lahdessa. MATTI MATIKAINEN<\/p>\n","protected":false},"excerpt":{"rendered":"Peruutusuhan alla ollut perussuomalaisten varapuheenjohtaja Teemu Keskisarjan \u201dv\u00e4est\u00f6vaihtojen historiaa\u201d k\u00e4sittelev\u00e4 luento j\u00e4rjestet\u00e4\u00e4n maanantaina Lahdessa. T\u00e4n\u00e4\u00e4n klo 16:03 (p\u00e4ivitetty&hellip;\n","protected":false},"author":2,"featured_media":140574,"comment_status":"","ping_status":"","sticky":false,"template":"","format":"standard","meta":{"footnotes":""},"categories":[12],"tags":[35,22,23,26,27,33,31,30,17,24,25,28,29,15,48,18,21,49,637,885,887,32,19,20,16],"class_list":{"0":"post-140573","1":"post","2":"type-post","3":"status-publish","4":"format-standard","5":"has-post-thumbnail","7":"category-suomi","8":"tag-24h","9":"tag-breaking-news","10":"tag-breakingnews","11":"tag-featured-news","12":"tag-featurednews","13":"tag-fi","14":"tag-finland","15":"tag-finnish","16":"tag-headlines","17":"tag-latest-news","18":"tag-latestnews","19":"tag-main-news","20":"tag-mainnews","21":"tag-news","22":"tag-oikeistopuolueet","23":"tag-otsikot","24":"tag-paauutiset","25":"tag-perussuomalaiset","26":"tag-politiikka","27":"tag-suomen-poliittiset-puolueet","28":"tag-suomen-politiikka","29":"tag-suomi","30":"tag-top-stories","31":"tag-topstories","32":"tag-uutiset"},"share_on_mastodon":{"url":"https:\/\/pubeurope.com\/@fi\/115883173836350755","error":""},"_links":{"self":[{"href":"https:\/\/www.europesays.com\/fi\/wp-json\/wp\/v2\/posts\/140573","targetHints":{"allow":["GET"]}}],"collection":[{"href":"https:\/\/www.europesays.com\/fi\/wp-json\/wp\/v2\/posts"}],"about":[{"href":"https:\/\/www.europesays.com\/fi\/wp-json\/wp\/v2\/types\/post"}],"author":[{"embeddable":true,"href":"https:\/\/www.europesays.com\/fi\/wp-json\/wp\/v2\/users\/2"}],"replies":[{"embeddable":true,"href":"https:\/\/www.europesays.com\/fi\/wp-json\/wp\/v2\/comments?post=140573"}],"version-history":[{"count":0,"href":"https:\/\/www.europesays.com\/fi\/wp-json\/wp\/v2\/posts\/140573\/revisions"}],"wp:featuredmedia":[{"embeddable":true,"href":"https:\/\/www.europesays.com\/fi\/wp-json\/wp\/v2\/media\/140574"}],"wp:attachment":[{"href":"https:\/\/www.europesays.com\/fi\/wp-json\/wp\/v2\/media?parent=140573"}],"wp:term":[{"taxonomy":"category","embeddable":true,"href":"https:\/\/www.europesays.com\/fi\/wp-json\/wp\/v2\/categories?post=140573"},{"taxonomy":"post_tag","embeddable":true,"href":"https:\/\/www.europesays.com\/fi\/wp-json\/wp\/v2\/tags?post=140573"}],"curies":[{"name":"wp","href":"https:\/\/api.w.org\/{rel}","templated":true}]}}