{"id":140581,"date":"2026-01-12T17:14:07","date_gmt":"2026-01-12T17:14:07","guid":{"rendered":"https:\/\/www.europesays.com\/fi\/140581\/"},"modified":"2026-01-12T17:14:07","modified_gmt":"2026-01-12T17:14:07","slug":"yhtyeensa-jattanyt-noora-louhimo-nahdaan-tahdet-tahdet-ohjelmassa-nain-somessa-reagoidaan-jatan-valiin","status":"publish","type":"post","link":"https:\/\/www.europesays.com\/fi\/140581\/","title":{"rendered":"Yhtyeens\u00e4 j\u00e4tt\u00e4nyt Noora Louhimo n\u00e4hd\u00e4\u00e4n T\u00e4hdet, t\u00e4hdet -ohjelmassa \u2013 N\u00e4in somessa reagoidaan: \u201dJ\u00e4t\u00e4n v\u00e4liin\u201d"},"content":{"rendered":"<p>T\u00e4hdet, t\u00e4hdet -ohjelman kattaus her\u00e4tt\u00e4\u00e4 keskustelua sosiaalisessa mediassa. <\/p>\n<p><img decoding=\"async\" class=\"image image-show image-preview\" src=\"https:\/\/www.europesays.com\/fi\/wp-content\/uploads\/2026\/01\/d389e1648e0d507b7b75b39808e2dcce7551159db6b3945714b87513fde105b8.jpg\" alt=\"\"\/><img decoding=\"async\" class=\"image image-show\" src=\"https:\/\/www.europesays.com\/fi\/wp-content\/uploads\/2026\/01\/1768238047_13_d389e1648e0d507b7b75b39808e2dcce7551159db6b3945714b87513fde105b8.jpg\" alt=\"\"\/><\/p>\n<p>T\u00e4ss\u00e4 ovat T\u00e4hdet, t\u00e4hdet -ohjelman uuden kauden osallistujat: Ami Aspelund, Mikko Penttil\u00e4, Waldo, Annika Eklund, Sari Aalto, Jukka Poika, Venla Edelmann, Noora Louhimo ja Aarne Pelkonen. Nelonen<\/p>\n<p class=\"paragraph\">T\u00e4hdet, t\u00e4hdet -ohjelma saa jatkoa.  Uuden kauden kilpailijat julkistettiin maanantaina ja Nelonen tiedotti, ett\u00e4 kauden kuvaukset alkavat tiistaina 13. tammikuuta.<\/p>\n<p class=\"paragraph\">T\u00e4ll\u00e4 kertaa mukana ovat <a href=\"https:\/\/www.iltalehti.fi\/henkilot\/Ami Aspelund\" class=\"article-link-person-page\" rel=\"nofollow noopener\" target=\"_blank\">Ami Aspelund<\/a>, <strong>Mikko Penttil\u00e4<\/strong>, <a href=\"https:\/\/www.iltalehti.fi\/henkilot\/Waldo\" class=\"article-link-person-page\" rel=\"nofollow noopener\" target=\"_blank\">Waldo<\/a>, <a href=\"https:\/\/www.iltalehti.fi\/henkilot\/Annika Eklund\" class=\"article-link-person-page\" rel=\"nofollow noopener\" target=\"_blank\">Annika Eklund<\/a>, <a href=\"https:\/\/www.iltalehti.fi\/henkilot\/Sari Aalto\" class=\"article-link-person-page\" rel=\"nofollow noopener\" target=\"_blank\">Sari Aalto<\/a>, <a href=\"https:\/\/www.iltalehti.fi\/henkilot\/Jukka Poika\" class=\"article-link-person-page\" rel=\"nofollow noopener\" target=\"_blank\">Jukka Poika<\/a>, <a href=\"https:\/\/www.iltalehti.fi\/henkilot\/Venla Edelmann\" class=\"article-link-person-page\" rel=\"nofollow noopener\" target=\"_blank\">Venla Edelmann<\/a>, <a href=\"https:\/\/www.iltalehti.fi\/henkilot\/Noora Louhimo\" class=\"article-link-person-page\" rel=\"nofollow noopener\" target=\"_blank\">Noora Louhimo<\/a> ja <a href=\"https:\/\/www.iltalehti.fi\/henkilot\/Aarne Pelkonen\" class=\"article-link-person-page\" rel=\"nofollow noopener\" target=\"_blank\">Aarne Pelkonen<\/a>.<\/p>\n<p class=\"paragraph\">Ohjelmassa julkisuudesta tutut viihdytt\u00e4j\u00e4t heitt\u00e4ytyv\u00e4t eri musiikkigenrejen sy\u00f6vereihin ja haastavat itsens\u00e4. Voittajaksi kruunataan estradien loistavin ja monipuolisin viihdytt\u00e4j\u00e4.<\/p>\n<p class=\"paragraph\">Nelonen tiedusteli sosiaalisen median kanavissaan, kenen esityksi\u00e4 katsojat odottavat eniten jo ennen ohjelman alkua.<\/p>\n<p class=\"paragraph\">Yksi nimi erottui v\u00e4litt\u00f6m\u00e4sti joukosta. Useat <a href=\"https:\/\/www.facebook.com\/photo?fbid=1365570548918724&amp;set=a.693350446140741&amp;locale=fi_FI\" rel=\"noopener nofollow\" target=\"_blank\">Facebook-k\u00e4ytt\u00e4j\u00e4t<\/a> odottavat heavy metal -yhtye Battle Beastin keulakuvana tunnetuksi tulleen Noora Louhimon tulkintoja ohjelmassa.<\/p>\n<p class=\"paragraph\">\u2013 Ehdottomasti Noora Louhimo!<\/p>\n<p class=\"paragraph\">\u2013 Noora tietenkin upea laulaja ja ehk\u00e4 Waldo.<\/p>\n<p class=\"paragraph\">Voimakas\u00e4\u00e4ninen Louhimo ehti vaikuttaa Battle Beast -yhtyeess\u00e4 13 vuotta. <a href=\"https:\/\/www.iltalehti.fi\/viihdeuutiset\/a7051509-53ae-4bf5-a95d-95cd522bb0f8\" rel=\"nofollow noopener\" target=\"_blank\">Joulukuussa ilmoitettiin<\/a>, ett\u00e4 Louhimo j\u00e4tt\u00e4\u00e4 yhtyeen, sill\u00e4 h\u00e4n haluaa keskitty\u00e4 soolouraansa.<\/p>\n<p class=\"paragraph\">Battle Beast jatkaa <a href=\"https:\/\/www.iltalehti.fi\/musiikki\/c3b1e46f-0fd1-43df-9a15-457c4d54f12a\" rel=\"nofollow noopener\" target=\"_blank\">uuden solistinsa<\/a>, <a href=\"https:\/\/www.iltalehti.fi\/henkilot\/Marina La Torraca\" class=\"article-link-person-page\" rel=\"nofollow noopener\" target=\"_blank\">Marina La Torracan<\/a>, voimin.<\/p>\n<p class=\"paragraph\">Katsojat kirjoittavat odottavansa my\u00f6s Annika Eklundin, Aarne Pelkosen ja Venla Edelmannin tulkintoja.<\/p>\n<p>Noora Louhimo ker\u00e4\u00e4 runsaasti mainintoja odotetuimpana T\u00e4hdet, t\u00e4hdet -osallistujana.  Nelonen<\/p>\n<p class=\"paragraph\">Waldo\u2019s People -yhtyeest\u00e4 tuttu Waldo eli <strong>Marko Reijonen<\/strong> on ker\u00e4nnyt mainintoja. Er\u00e4\u00e4t listaavat suosikeikseen my\u00f6s Mikko Penttil\u00e4n, Ami Aspeludnin, Jukka Pojan tai Sari Aallon.<\/p>\n<p class=\"paragraph\">\u2013 Pit\u00e4\u00e4 katsoa, kun Waldo mukana, er\u00e4s kirjoittaa.<\/p>\n<p class=\"paragraph\">\u2013 AAA eli Aarne, Annika, Ami, toinen listaa.<\/p>\n<p class=\"paragraph\">Er\u00e4s toteaa, ett\u00e4 ainoat, ketk\u00e4 h\u00e4n koko ohjelman kattauksesta tunnistaa, ovat Waldo ja Jukka Poika.<\/p>\n<p class=\"paragraph\">\u2013 Min\u00e4 kyll\u00e4 tunnistin, mutta muut ei kiinnosta ainakaan t\u00e4ll\u00e4 hetkell\u00e4. Mutta mieli voi muuttua, kun katsoo ohjelmaa, er\u00e4s pohtii vastauksena Waldon ja Jukka Pojan tunnistajalle.<\/p>\n<p class=\"paragraph\">Muutoin osallistujajulkistus on her\u00e4tt\u00e4nyt ristiriitaisia reaktioita. Siin\u00e4 miss\u00e4 osa hehkuttaa ohjelman osallistujia, jotkut ilmoittavat pettymyksest\u00e4\u00e4n ja kertovat j\u00e4tt\u00e4v\u00e4ns\u00e4 kauden katsomatta.<\/p>\n<p class=\"paragraph\">\u2013 Hyv\u00e4 setti, Amia hehkutan onhan se Vaasasta l\u00e4ht\u00f6isin, er\u00e4s kertoo.<\/p>\n<p class=\"paragraph\">\u2013 Kyll\u00e4 kelpaa!<\/p>\n<p class=\"paragraph\">\u2013 Huononee vaan vuosi vuodelta, ennen t\u00e4m\u00e4 oli huippu ohjelma ja nyky\u00e4\u00e4n aika mit\u00e4t\u00f6n.<\/p>\n<p class=\"paragraph\">\u2013 J\u00e4t\u00e4n v\u00e4liin koko kauden, er\u00e4s ilmoittaa Facebookissa.<\/p>\n<p>Viime vuoden p\u00e4\u00e4tteeksi tiedotettiin, ett\u00e4 Noora Louhimo j\u00e4tt\u00e4\u00e4 uransa Battle Beast -yhtyeen solistina.  AOP<\/p>\n<p class=\"paragraph\">\u2013 Aivan mahtava t\u00e4htikaarti kasassa t\u00e4n\u00e4 vuonna T\u00e4hdet, t\u00e4hdet -ohjelmassa! er\u00e4s intoilee Instagramissa.<\/p>\n<p class=\"paragraph\">\u2013 No nyt on kova kaarti.<\/p>\n<p class=\"paragraph\">\u2013 Taitaa j\u00e4\u00e4d\u00e4 viimeiseksi kaudeksi valitettavasti t\u00e4ll\u00e4 kattauksella, er\u00e4s pohtii Jodelissa.<\/p>\n<p class=\"paragraph\">T\u00e4hdet, t\u00e4hdet alkaa Nelosella ja Ruudussa 5. huhtikuuta. <a href=\"https:\/\/www.iltalehti.fi\/telkku\" rel=\"nofollow noopener\" target=\"_blank\">Katso kaikki TV-ohjelmat ja l\u00e4hetysajat Telkun TV-oppaasta.<\/a><\/p>\n","protected":false},"excerpt":{"rendered":"T\u00e4hdet, t\u00e4hdet -ohjelman kattaus her\u00e4tt\u00e4\u00e4 keskustelua sosiaalisessa mediassa. T\u00e4ss\u00e4 ovat T\u00e4hdet, t\u00e4hdet -ohjelman uuden kauden osallistujat: Ami Aspelund,&hellip;\n","protected":false},"author":2,"featured_media":140582,"comment_status":"","ping_status":"","sticky":false,"template":"","format":"standard","meta":{"footnotes":""},"categories":[130],"tags":[35,137,33,31,30,979,1999,32,484,140,139,109],"class_list":{"0":"post-140581","1":"post","2":"type-post","3":"status-publish","4":"format-standard","5":"has-post-thumbnail","7":"category-viihde","8":"tag-24h","9":"tag-entertainment","10":"tag-fi","11":"tag-finland","12":"tag-finnish","13":"tag-sahkoinen-media","14":"tag-suomalaiset-tv-ohjelmat","15":"tag-suomi","16":"tag-taiteellinen-ilmaisu-ja-mediat","17":"tag-tv-ja-elokuvat","18":"tag-tv-ohjelmat","19":"tag-viihde"},"share_on_mastodon":{"url":"https:\/\/pubeurope.com\/@fi\/115883256232732802","error":""},"_links":{"self":[{"href":"https:\/\/www.europesays.com\/fi\/wp-json\/wp\/v2\/posts\/140581","targetHints":{"allow":["GET"]}}],"collection":[{"href":"https:\/\/www.europesays.com\/fi\/wp-json\/wp\/v2\/posts"}],"about":[{"href":"https:\/\/www.europesays.com\/fi\/wp-json\/wp\/v2\/types\/post"}],"author":[{"embeddable":true,"href":"https:\/\/www.europesays.com\/fi\/wp-json\/wp\/v2\/users\/2"}],"replies":[{"embeddable":true,"href":"https:\/\/www.europesays.com\/fi\/wp-json\/wp\/v2\/comments?post=140581"}],"version-history":[{"count":0,"href":"https:\/\/www.europesays.com\/fi\/wp-json\/wp\/v2\/posts\/140581\/revisions"}],"wp:featuredmedia":[{"embeddable":true,"href":"https:\/\/www.europesays.com\/fi\/wp-json\/wp\/v2\/media\/140582"}],"wp:attachment":[{"href":"https:\/\/www.europesays.com\/fi\/wp-json\/wp\/v2\/media?parent=140581"}],"wp:term":[{"taxonomy":"category","embeddable":true,"href":"https:\/\/www.europesays.com\/fi\/wp-json\/wp\/v2\/categories?post=140581"},{"taxonomy":"post_tag","embeddable":true,"href":"https:\/\/www.europesays.com\/fi\/wp-json\/wp\/v2\/tags?post=140581"}],"curies":[{"name":"wp","href":"https:\/\/api.w.org\/{rel}","templated":true}]}}