{"id":140591,"date":"2026-01-12T17:32:12","date_gmt":"2026-01-12T17:32:12","guid":{"rendered":"https:\/\/www.europesays.com\/fi\/140591\/"},"modified":"2026-01-12T17:32:12","modified_gmt":"2026-01-12T17:32:12","slug":"talta-mika-salon-ex-vaimo-noriko-salo-nayttaa-nykyisin","status":"publish","type":"post","link":"https:\/\/www.europesays.com\/fi\/140591\/","title":{"rendered":"T\u00e4lt\u00e4 Mika Salon ex-vaimo Noriko Salo n\u00e4ytt\u00e4\u00e4 nykyisin"},"content":{"rendered":"<p>\n            20150224, Helsinki. Filmiyhti\u00f6 Solar Films vietti 20 -vuotis kutsuvierasjuhlaa. Kuvassa entinen F1 kuljettaja Mika Salo ja puoliso Noriko. Seiska \/ Ari Lahti.<br \/>\n            Ari Lahti\n        <\/p>\n<p class=\"subtitle \">Ex-pari oli naimisissa vuosina 1999\u20132022.<\/p>\n<p class=\"article-content article-content-width !bg-background\">F1-legenda\u00a0,\u00a059, kumppanina julkisuuteen noussut , 55, on edelleen tyrm\u00e4\u00e4v\u00e4 ilmestys. <\/p>\n<p class=\"font-weight-bold m-font-weight-bold article-content article-content-width !bg-background\">Katso video \u2013 Formulalegendojen lapsissa jyll\u00e4\u00e4v\u00e4t vauhtigeenit:<\/p>\n<p>Kaksi lasta formulalegendan kanssa<\/p>\n<p class=\"article-content article-content-width !bg-background\">Alun perin Japanista Suomeen muuttanut Noriko tuli tunnetuksi F1-kuski Mikan vaimona. Pariskunta erosi vuonna 2022, mutta ennen avioerohakemuksen j\u00e4tt\u00e4mist\u00e4 he olivat olleet asumuserossa yli kahden vuoden ajan.\u00a0<\/p>\n<p class=\"article-content article-content-width !bg-background\">Vuonna 1999 avioituneella ex-parilla on kaksi yhteist\u00e4 lasta:  ja .\u00a023-vuotias\u00a0Max\u00a0ajaa t\u00e4ll\u00e4 hetkell\u00e4 kilpaa Japanissa Super Taikyu -sarjan GT4-luokassa ja Mai asuu Norikon luona.<\/p>\n<p class=\"article-content article-content-width !bg-background\">Tummakutrinen ja supertyylik\u00e4s Noriko n\u00e4ytt\u00e4\u00e4 edelleen h\u00e4mm\u00e4stytt\u00e4v\u00e4n nuorekkaalta.<\/p>\n<p class=\"article-content article-content-width !bg-background\">Hierojaksi viime kes\u00e4n\u00e4 valmistunut Noriko on seurustellut yli nelj\u00e4n vuoden ajan \u00a0-nimisen k\u00f6nsikk\u00e4\u00e4n kanssa.\u00a0<\/p>\n<p>        <a itemprop=\"url\" href=\"https:\/\/www.seiska.fi\/kotimaa\/mika-salo-ja-annica-vaimo-ilouutinen\/2028670\" rel=\"nofollow noopener\" target=\"_blank\"><\/p>\n<p>\nMika Salo ja Annica-vaimo\n<\/p>\n<p class=\"section-date\">\n        <strong class=\"article-section\" data-section=\"kotimaa\"><br \/>\n            kotimaa<br \/>\n        <\/strong><br \/>\n        22.12.2025 11:52\n    <\/p>\n<p>Mika Salo ja Annica-vaimo: Ilouutinen!\n    <\/p>\n<p itemprop=\"description\" class=\"subtitle \">\n    Mika ja Annica ovat peruneet avioerohakemuksensa.\n<\/p>\n<p>        <\/a><\/p>\n<p>                <img decoding=\"async\" src=\"https:\/\/www.europesays.com\/fi\/wp-content\/uploads\/2026\/01\/1900390.webp.jpeg\" width=\"576\" height=\"720\" alt=\"Noriko ja Tero kuvattuna kes\u00e4kuussa F1-elokuvan ensi-illassa.\" loading=\"lazy\" \/>            <\/p>\n<p>\n            Noriko ja Tero kuvattuna kes\u00e4kuussa F1-elokuvan ensi-illassa.<br \/>\n            Timo Korhonen\n        <\/p>\n<p>L\u00e4heinen Mikan nykyisen vaimon kanssa<\/p>\n<p class=\"article-content article-content-width !bg-background\">Mikan nykyinen vaimo  ja formulat\u00e4hti vierailivat viime tammikuussa  luotsaamassa <a href=\"https:\/\/podimo.com\/fi\/shows\/sami-kuronen-iltanuotiolla\" target=\"_blank\" rel=\"nofollow noopener\">Iltanuotiolla-podcastiss<\/a>. Pariskunta kertoi ohjelmassa my\u00f6s heid\u00e4n ja Norikon v\u00e4lisest\u00e4 suhteesta.<\/p>\n<p class=\"article-content article-content-width !bg-background\">Kaksikko kertoi viett\u00e4v\u00e4ns\u00e4 usein aikaa Mikan ex-vaimo Norikon kanssa ja ett\u00e4 heid\u00e4n v\u00e4lins\u00e4 ovat l\u00e4mpim\u00e4t. Annica kertoi tienneens\u00e4 Norikon urheilupiireist\u00e4 jo vuosien takaa. Annican ja Norikon tutustuessa heid\u00e4n v\u00e4lill\u00e4\u00e4n syntyi heti yhteys.<\/p>\n<p class=\"article-content article-content-width !bg-background\">\u2013\u00a0H\u00e4n on mun l\u00e4heinen yst\u00e4v\u00e4 my\u00f6skin. Toki m\u00e4 enemm\u00e4n koen, ett\u00e4 h\u00e4n on perheenj\u00e4sen, Annica sanoi podcastissa.<\/p>\n<p>        <a itemprop=\"url\" href=\"https:\/\/www.seiska.fi\/urheilu\/mita-ihmetta-mika-salo-myy-okykelloa-erikoinen-selitys\/1927198\" rel=\"nofollow noopener\" target=\"_blank\"><\/p>\n<p>\nErikoinen selitys!\n<\/p>\n<p class=\"section-date\">\n        <strong class=\"article-section\" data-section=\"urheilu\"><br \/>\n            urheilu<br \/>\n        <\/strong><br \/>\n        11.9.2025 16:00\n    <\/p>\n<p>Mit\u00e4 ihmett\u00e4? Mika Salo myy \u00f6kykelloa \u2013 erikoinen selitys\n    <\/p>\n<p itemprop=\"description\" class=\"subtitle \">\n    Mika Salo kertoo, ettei ole kelloihmisi\u00e4. Auton ratti sen sijaan pysyy k\u00e4dess\u00e4.\n<\/p>\n<p>        <\/a><\/p>\n<p>                <img decoding=\"async\" src=\"https:\/\/www.europesays.com\/fi\/wp-content\/uploads\/2026\/01\/1957592.webp.jpeg\" width=\"576\" height=\"720\" alt=\"Noriko osallistui lokakuussa Miina \u00c4kkijyrk\u00e4n taiden\u00e4yttelyn avajaisiin.\" loading=\"lazy\" \/>            <\/p>\n<p>\n            Noriko osallistui lokakuussa Miina \u00c4kkijyrk\u00e4n taiden\u00e4yttelyn avajaisiin.<br \/>\n            Timo Korhonen\n        <\/p>\n<p>Kisaa pian telkkarissa<\/p>\n<p class=\"article-content article-content-width !bg-background\">Norikoa n\u00e4hd\u00e4\u00e4n pian my\u00f6s televisiossa, sill\u00e4 h\u00e4n osallistuu viime syksyn\u00e4 kuvattun Farmi Suomi -ohjelman 8. kaudelle.\u00a0<\/p>\n<p class=\"article-content article-content-width !bg-background\">Norikon lis\u00e4ksi Farmilla kisaavat muun muassa laulajakonkari , kuntovalmentaja , hyvinvointivaikuttaja  sek\u00e4 somevaikuttaja .<\/p>\n<p class=\"italic m-italic article-content article-content-width !bg-background\">Farmi Suomi Nelosella ja Ruudussa vuonna 2026.<\/p>\n<p>        <a itemprop=\"url\" href=\"https:\/\/www.seiska.fi\/kotimaa\/mika-salon-annica-rakkaan-poika-loytyi\/2038400\" rel=\"nofollow noopener\" target=\"_blank\"><\/p>\n<p>\nSuuri huoli\n<\/p>\n<p class=\"section-date\">\n        <strong class=\"article-section\" data-section=\"kotimaa\"><br \/>\n            kotimaa<br \/>\n        <\/strong><br \/>\n        5.1. 19:05\n    <\/p>\n<p>Mika Salon Annica-rakkaan poika l\u00f6ytyi\n    <\/p>\n<p itemprop=\"description\" class=\"subtitle \">\n    Mika ja Annica kertovat huolen olevan suuri.\n<\/p>\n<p>        <\/a><\/p>\n","protected":false},"excerpt":{"rendered":"20150224, Helsinki. Filmiyhti\u00f6 Solar Films vietti 20 -vuotis kutsuvierasjuhlaa. Kuvassa entinen F1 kuljettaja Mika Salo ja puoliso Noriko.&hellip;\n","protected":false},"author":2,"featured_media":140592,"comment_status":"","ping_status":"","sticky":false,"template":"","format":"standard","meta":{"footnotes":""},"categories":[136],"tags":[11639,407,137,1762,33,31,30,408,9376,7319,1757,32,109],"class_list":{"0":"post-140591","1":"post","2":"type-post","3":"status-publish","4":"format-standard","5":"has-post-thumbnail","7":"category-julkkikset","8":"tag-annica-salo","9":"tag-celebrities","10":"tag-entertainment","11":"tag-farmi-suomi","12":"tag-fi","13":"tag-finland","14":"tag-finnish","15":"tag-julkkikset","16":"tag-max-salo","17":"tag-mika-salo","18":"tag-noriko-salo","19":"tag-suomi","20":"tag-viihde"},"share_on_mastodon":{"url":"https:\/\/pubeurope.com\/@fi\/115883327009227492","error":""},"_links":{"self":[{"href":"https:\/\/www.europesays.com\/fi\/wp-json\/wp\/v2\/posts\/140591","targetHints":{"allow":["GET"]}}],"collection":[{"href":"https:\/\/www.europesays.com\/fi\/wp-json\/wp\/v2\/posts"}],"about":[{"href":"https:\/\/www.europesays.com\/fi\/wp-json\/wp\/v2\/types\/post"}],"author":[{"embeddable":true,"href":"https:\/\/www.europesays.com\/fi\/wp-json\/wp\/v2\/users\/2"}],"replies":[{"embeddable":true,"href":"https:\/\/www.europesays.com\/fi\/wp-json\/wp\/v2\/comments?post=140591"}],"version-history":[{"count":0,"href":"https:\/\/www.europesays.com\/fi\/wp-json\/wp\/v2\/posts\/140591\/revisions"}],"wp:featuredmedia":[{"embeddable":true,"href":"https:\/\/www.europesays.com\/fi\/wp-json\/wp\/v2\/media\/140592"}],"wp:attachment":[{"href":"https:\/\/www.europesays.com\/fi\/wp-json\/wp\/v2\/media?parent=140591"}],"wp:term":[{"taxonomy":"category","embeddable":true,"href":"https:\/\/www.europesays.com\/fi\/wp-json\/wp\/v2\/categories?post=140591"},{"taxonomy":"post_tag","embeddable":true,"href":"https:\/\/www.europesays.com\/fi\/wp-json\/wp\/v2\/tags?post=140591"}],"curies":[{"name":"wp","href":"https:\/\/api.w.org\/{rel}","templated":true}]}}