{"id":140605,"date":"2026-01-12T17:58:08","date_gmt":"2026-01-12T17:58:08","guid":{"rendered":"https:\/\/www.europesays.com\/fi\/140605\/"},"modified":"2026-01-12T17:58:08","modified_gmt":"2026-01-12T17:58:08","slug":"ei-se-taydellisena-yllatyksena-tullut","status":"publish","type":"post","link":"https:\/\/www.europesays.com\/fi\/140605\/","title":{"rendered":"Ei se t\u00e4ydellisen\u00e4 yll\u00e4tyksen\u00e4 tullut"},"content":{"rendered":"<p>Kustannusyhti\u00f6 WSOY solmi Jari Saarion kanssa kustannussopimuksen jo ennen huolestuttavan k\u00e4\u00e4nteen saanutta soutureissua. <\/p>\n<p><img decoding=\"async\" class=\"image image-show image-preview\" src=\"https:\/\/www.europesays.com\/fi\/wp-content\/uploads\/2025\/12\/3dfe33a8763496659542628d916133e504b3ecfe741688220d5422e629060337.jpg\" alt=\"\"\/><img decoding=\"async\" class=\"image image-show\" src=\"https:\/\/www.europesays.com\/fi\/wp-content\/uploads\/2026\/01\/3dfe33a8763496659542628d916133e504b3ecfe741688220d5422e629060337.jpg\" alt=\"\"\/><\/p>\n<p>Jari Saario joutui merih\u00e4t\u00e4\u00e4n 9. tammikuuta ja h\u00e4net pelastettiin rahtialukselle 11. tammikuuta. Arkistokuva. Roosa Br\u00f6ijer<\/p>\n<p class=\"paragraph\">WSOY:n kustantaja <strong>Henrikki Timgren<\/strong> seurasi <strong>Jari Saarion<\/strong> joutumista merih\u00e4t\u00e4\u00e4n j\u00e4nnittyneen\u00e4, vaikka h\u00e4n on keskustellut Saarion kanssa pitkien soutu-urakoiden riskeist\u00e4.<\/p>\n<p class=\"paragraph\">\u2013 Ei se t\u00e4ydellisen\u00e4 yll\u00e4tyksen\u00e4 tullut, ett\u00e4 t\u00e4mm\u00f6ist\u00e4 voi sattua.<\/p>\n<p class=\"paragraph\">WSOY on tehnyt kustannussopimuksen Saarion kanssa uudesta kirjasta, joka keskittyy Saarion ajatusmaailmaan ja filosofiaan. Sopimus solmittiin syyskuussa ja kirjan kirjoittaminen oli tarkoitus aloittaa, kun Saario palaa Kapkaupungista.<\/p>\n<p class=\"paragraph\">\u2013 Kirjassa souturetket ovat enemm\u00e4n taustalla, ja puhutaan enemm\u00e4n siit\u00e4, miten min\u00e4 olen kasvanut ihmisen\u00e4 n\u00e4iden retkien my\u00f6t\u00e4! Paljon ajatuksia el\u00e4m\u00e4st\u00e4 ja asioista! Miksi teen asioita mit\u00e4 teen, ja mik\u00e4 on mielest\u00e4ni siihen johtanut, Saario kuvaili teoksen l\u00e4ht\u00f6kohtia syyskuussa <a href=\"https:\/\/www.instagram.com\/p\/DOx84O8DNL5\/?utm_source=ig_web_copy_link&amp;igsh=MzRlODBiNWFlZA%3D%3D\" target=\"_blank\" rel=\"noopener nofollow\">Instagram-julkaisussaan<\/a>.<\/p>\n<p class=\"paragraph\">H\u00e4n my\u00f6s arveli, ett\u00e4 kirjaan tulisi sis\u00e4lt\u00f6\u00e4 soudusta Kap Hornista Kapkaupunkiin \u2013 eli t\u00e4st\u00e4 viimeisimm\u00e4st\u00e4 reissusta, joka j\u00e4i kesken veneen laitteiston vaurioiduttua myrskyss\u00e4. Atlantin ylityssoudut k\u00e4siteltiin kattavasti jo edellisess\u00e4, vain reilu vuosi sitten julkaistussa kirjassa, joten etel\u00e4isest\u00e4 reissusta oli tarkoitus saada uutta seikkailusis\u00e4lt\u00f6\u00e4.<\/p>\n<p>Kokemuksia karttuu<\/p>\n<p class=\"paragraph\">Timgren arvioi, ett\u00e4 soutureissun tapahtumat tulevat osaksi kirjaa, vaikka matka ei mennytk\u00e4\u00e4n suunnitellusti. H\u00e4n ei miell\u00e4 Saarion reissua ep\u00e4onnistumiseksi.<\/p>\n<p class=\"paragraph\">\u2013 Ylip\u00e4\u00e4ns\u00e4, jos kaikki el\u00e4m\u00e4ss\u00e4 menee niin kuin Str\u00f6ms\u00f6ss\u00e4, kokemuksia ja viisautta ei hirve\u00e4sti kartu. Mutta sitten jos joutuu vaikeuksiin ja niist\u00e4 selvi\u00e4\u00e4, niin seh\u00e4n on se, mist\u00e4 tulee opittavaa ja muille jaettavaa.<\/p>\n<p class=\"paragraph\">Nimenomaan \u00e4\u00e4rimm\u00e4isten haasteiden ja kohtaamiensa vastoink\u00e4ymisten ansiosta Saariolla on muille annettavaa, Timgren pohtii.<\/p>\n<p class=\"paragraph\">H\u00e4n on kuitenkin helpottunut Saarion pelastumisesta ja kehuu kauppalaivan miehist\u00f6n toimintaa pelastustilanteessa, josta h\u00e4n on n\u00e4hnyt sosiaalisessa mediassa julkaistun videon.<\/p>\n<p class=\"paragraph\">\u2013 Kylm\u00e4t v\u00e4reeth\u00e4n siin\u00e4 tulivat, kun sit\u00e4 katseli.<\/p>\n<p class=\"paragraph\">WSOY on julkaissut Jari Saariosta jo kaksi kirjaa. Marraskuussa 2024 julkaistu Jari Saario, Soutaja on h\u00e4nen el\u00e4m\u00e4nkertansa, jossa keskityt\u00e4\u00e4n h\u00e4nen Atlantin edestakaiseen yksinsoutu-urakkaansa. Kirjan kirjoittaja vaihtui varsin yll\u00e4tt\u00e4en kesken prosessin, ja julkaistun teoksen kirjoitti <strong>Annika Hyt\u00f6nen<\/strong>, joka on lupautunut kirjoittamaan my\u00f6s seuraavan kirjan. Kirjoitusty\u00f6 alkanee l\u00e4hikuukausina.<\/p>\n<p class=\"paragraph\">Maaliskuussa 2025 soutumatkasta julkaistiin <strong>Mikko Kalajoen<\/strong> kirjoittama ja <strong>Petteri Mattilan<\/strong> kuvittama lapsille suunnattu kuvakirja Atlantin yli, Jari Saarion suuri soutumatka.<\/p>\n<p><script async src=\"\/\/www.instagram.com\/embed.js\"><\/script><\/p>\n","protected":false},"excerpt":{"rendered":"Kustannusyhti\u00f6 WSOY solmi Jari Saarion kanssa kustannussopimuksen jo ennen huolestuttavan k\u00e4\u00e4nteen saanutta soutureissua. Jari Saario joutui merih\u00e4t\u00e4\u00e4n 9.&hellip;\n","protected":false},"author":2,"featured_media":140606,"comment_status":"","ping_status":"","sticky":false,"template":"","format":"standard","meta":{"footnotes":""},"categories":[136],"tags":[35,407,137,33,31,30,408,379,121,1616,32,2569,2568,109],"class_list":{"0":"post-140605","1":"post","2":"type-post","3":"status-publish","4":"format-standard","5":"has-post-thumbnail","7":"category-julkkikset","8":"tag-24h","9":"tag-celebrities","10":"tag-entertainment","11":"tag-fi","12":"tag-finland","13":"tag-finnish","14":"tag-julkkikset","15":"tag-kirjallisuus","16":"tag-liikenne-ja-kuljetus","17":"tag-media-viestinta","18":"tag-suomi","19":"tag-vesikulkuneuvot","20":"tag-vesiliikenne","21":"tag-viihde"},"share_on_mastodon":{"url":"https:\/\/pubeurope.com\/@fi\/115883429233644243","error":""},"_links":{"self":[{"href":"https:\/\/www.europesays.com\/fi\/wp-json\/wp\/v2\/posts\/140605","targetHints":{"allow":["GET"]}}],"collection":[{"href":"https:\/\/www.europesays.com\/fi\/wp-json\/wp\/v2\/posts"}],"about":[{"href":"https:\/\/www.europesays.com\/fi\/wp-json\/wp\/v2\/types\/post"}],"author":[{"embeddable":true,"href":"https:\/\/www.europesays.com\/fi\/wp-json\/wp\/v2\/users\/2"}],"replies":[{"embeddable":true,"href":"https:\/\/www.europesays.com\/fi\/wp-json\/wp\/v2\/comments?post=140605"}],"version-history":[{"count":0,"href":"https:\/\/www.europesays.com\/fi\/wp-json\/wp\/v2\/posts\/140605\/revisions"}],"wp:featuredmedia":[{"embeddable":true,"href":"https:\/\/www.europesays.com\/fi\/wp-json\/wp\/v2\/media\/140606"}],"wp:attachment":[{"href":"https:\/\/www.europesays.com\/fi\/wp-json\/wp\/v2\/media?parent=140605"}],"wp:term":[{"taxonomy":"category","embeddable":true,"href":"https:\/\/www.europesays.com\/fi\/wp-json\/wp\/v2\/categories?post=140605"},{"taxonomy":"post_tag","embeddable":true,"href":"https:\/\/www.europesays.com\/fi\/wp-json\/wp\/v2\/tags?post=140605"}],"curies":[{"name":"wp","href":"https:\/\/api.w.org\/{rel}","templated":true}]}}