{"id":140650,"date":"2026-01-12T19:28:07","date_gmt":"2026-01-12T19:28:07","guid":{"rendered":"https:\/\/www.europesays.com\/fi\/140650\/"},"modified":"2026-01-12T19:28:07","modified_gmt":"2026-01-12T19:28:07","slug":"suomalaispoliitikot-syyttavat-kovaan-aaneen-toisiaan-siita-kuka-on-hiljaa-iranin-mielenosoituksista","status":"publish","type":"post","link":"https:\/\/www.europesays.com\/fi\/140650\/","title":{"rendered":"Suomalaispoliitikot syytt\u00e4v\u00e4t kovaan \u00e4\u00e4neen toisiaan siit\u00e4, kuka on hiljaa Iranin mielenosoituksista"},"content":{"rendered":"<p>Iran|Suomalaispoliitikot kiistelev\u00e4t siit\u00e4, kuka vaikenee Iranin mielenosoituksista.<\/p>\n<p>Lue tiivistelm\u00e4<\/p>\n<p class=\"article-body mb-nof-24 px-nof-16 sndp-summary-bullet-point-font\">Kristillisdemokraattien eduskuntaryhm\u00e4n puheenjohtaja Peter \u00d6stman moitti vihervasemmistoa Iranin tilanteesta vaikenemisesta.<\/p>\n<p class=\"article-body mb-nof-24 px-nof-16 sndp-summary-bullet-point-font\">Iranissa on parin viikon ajan osoitettu mielt\u00e4 hallintoa vastaan, ja ihmisoikeusj\u00e4rjest\u00f6 Iran Human Rights vahvisti ainakin 192 mielenosoittajan kuoleman.<\/p>\n<p class=\"article-body mb-nof-24 px-nof-16 sndp-summary-bullet-point-font\">Vihreiden europarlamentaarikko Ville Niinist\u00f6 v\u00e4itti, ett\u00e4 laitavasemmistossa on hiljaisempaa Iranin kysymyksess\u00e4.<\/p>\n<p class=\"article-body mb-nof-24 px-nof-16 sndp-summary-bullet-point-font\">Vasemmistopuolueiden edustajat torjuivat syyt\u00f6kset ja kehottivat kristillisdemokraatteja katsomaan peiliin ennen muiden syytt\u00e4mist\u00e4.<\/p>\n<p class=\"article-body mb-nof-24 px-nof-16\">Iran ja maan mielenosoitukset nousivat maanantaina Suomessa politiikan kiistakapulaksi, kun kristillisdemokraattisen edus\u00adkuntaryhm\u00e4n puheenjohtaja <a class=\"font-bold underline-offset-[0.12em] [text-decoration:var(--person-link-text-decoration)] ![text-decoration-color:var(--person-link-text-decoration-color)]\" href=\"https:\/\/www.hs.fi\/haku\/?query=Peter%20%C3%96stman\" rel=\"nofollow noopener\" target=\"_blank\">Peter \u00d6stman<\/a> moitti \u201dviher\u00advasemmistoa\u201d maan tilanteesta vaikenemisesta.<\/p>\n<p class=\"article-body mb-nof-24 px-nof-16\">\u201dSuomessa monet \u2013 usein vihervasemmistoon lukeutuvat \u2013 poliittiset toimijat, jotka normaalisti profiloituvat ihmisoikeuksien voimakkaina puolustajina, ovat olleet poikkeuksellisen hiljaa Iranin tilanteesta\u201d, \u00d6stman kirjoitti tiedotteessaan.<\/p>\n<p class=\"article-body mb-nof-24 px-nof-16\">\u201dT\u00e4m\u00e4 vaikeneminen paljastaa ihmisoikeuspuheen kaksinais\u00admoralismin ja ep\u00e4johdon\u00admukaisuuden\u201d, \u00d6stman jatkoi.<\/p>\n<p class=\"article-body mb-nof-24 px-nof-16\">Iranissa on parin viikon ajan osoitettu mielt\u00e4 maan hallintoa vastaan. Mielenosoituksia on tukahdutettu v\u00e4kivaltaisesti. Esimerkiksi ihmisoikeusj\u00e4rjest\u00f6 Iran Human Rights <a class=\"underline underline-offset-[0.12em] [text-decoration-thickness:var(--generic-link-underline-thickness)] [text-decoration-color:var(--generic-link-underline-color)] [text-decoration-skip-ink:var(--generic-link-underline-skip-ink)] break-words\" href=\"https:\/\/www.hs.fi\/maailma\/art-2000011742866.html\" rel=\"nofollow noopener\" target=\"_blank\">kertoi <\/a>maanantaina satojen mielenosoittajan kuolleen. Todellinen uhriluku voi olla j\u00e4rjest\u00f6n mukaan huomattavasti enemm\u00e4n, jopa tuhansia.<\/p>\n<p class=\"article-body mb-nof-24 px-nof-16\">Vett\u00e4 politiikan myllyyn lis\u00e4si vihreiden europarlamentaarikko <a class=\"font-bold underline-offset-[0.12em] [text-decoration:var(--person-link-text-decoration)] ![text-decoration-color:var(--person-link-text-decoration-color)]\" href=\"https:\/\/www.hs.fi\/haku\/?query=Ville%20Niinist%C3%B6n\" rel=\"nofollow noopener\" target=\"_blank\">Ville Niinist\u00f6n<\/a> sunnuntainen kirjoitus viestipalvelu X:ss\u00e4. Niinist\u00f6 v\u00e4itti, ett\u00e4 Iranin kysymyksess\u00e4 n\u00e4kee, ketk\u00e4 ovat l\u00e4nness\u00e4 demokratian, oikeusvaltion ja ihmisoikeuksien puolella.<\/p>\n<p class=\"article-body mb-nof-24 px-nof-16\">\u201dVihre\u00e4t ovat. Laitavasemmistossa on hiljaisempaa\u201d, Niinist\u00f6 kirjoitti.<\/p>\n<p class=\"article-body mb-nof-24 px-nof-16\">Vasemmistopuolueissa ulostuloja ei katsottu hyv\u00e4ll\u00e4. Sdp:n varapuheenjohtaja, kansanedustaja <a class=\"font-bold underline-offset-[0.12em] [text-decoration:var(--person-link-text-decoration)] ![text-decoration-color:var(--person-link-text-decoration-color)]\" href=\"https:\/\/www.hs.fi\/haku\/?query=Nasima%20Razmyar\" rel=\"nofollow noopener\" target=\"_blank\">Nasima Razmyar<\/a> kehotti tiedotteessaan kristillisdemokraatteja katsomaan peiliin ennen muiden syytt\u00e4mist\u00e4 kaksoisstandardeista.<\/p>\n<p class=\"article-body mb-nof-24 px-nof-16\">Kansanedustaja <a class=\"font-bold underline-offset-[0.12em] [text-decoration:var(--person-link-text-decoration)] ![text-decoration-color:var(--person-link-text-decoration-color)]\" href=\"https:\/\/www.hs.fi\/haku\/?query=Veronika%20Honkasalo\" rel=\"nofollow noopener\" target=\"_blank\">Veronika Honkasalo<\/a> (vas) taas toivoi keskusteluun \u201dv\u00e4h\u00e4n jarrua ja fokusta\u201d, sill\u00e4 mielenosoittajien turvallisuus on kaikki kaikessa.<\/p>\n<p class=\"article-body mb-nof-24 px-nof-16\">\u201dKollegat voisivat k\u00e4yd\u00e4 katsomassa esimerkiksi vasemmistoliiton puheenjohtajan somekanavat ennen t\u00f6t\u00f6ily\u00e4\u00e4n mediassa\u201d, Honkasalo kirjoitti tiedotteessaan viitaten \u00d6stmanin ja Niinist\u00f6n kommentteihin.<\/p>\n<p class=\"article-body mb-nof-24 px-nof-16\">Niinist\u00f6 sanoo HS:lle, ett\u00e4 h\u00e4n tarkoitti vaikenemisella laitavasemmistoa Euroopan tasolla. H\u00e4nen mukaansa europarlamentin GUE\/NGL-vasemmistoryhm\u00e4n suhtautuminen Iraniin on kaksijakoinen.<\/p>\n<p class=\"article-body mb-nof-24 px-nof-16\">\u201dEi varmaan kukaan Euroopan vasemmistosta tue Iranin islamistista hallintoa, mutta on sellaista, ett\u00e4 aina pit\u00e4\u00e4 sotkea Yhdysvaltain ja Israelin vastustaminen n\u00e4ihin kysymyksiin.\u201d<\/p>\n<p class=\"article-body mb-nof-24 px-nof-16\">Vasemmistoliitto on GUE\/NGL-ryhm\u00e4ss\u00e4, mutta Niinist\u00f6 sanoo, ett\u00e4 h\u00e4n ei kritisoi suomalaispolitiikkoja vaikenemisesta. H\u00e4nen mukaansa vasemmistoliiton europarlamentaarikot <a class=\"font-bold underline-offset-[0.12em] [text-decoration:var(--person-link-text-decoration)] ![text-decoration-color:var(--person-link-text-decoration-color)]\" href=\"https:\/\/www.hs.fi\/haku\/?query=Li%20Andersson\" rel=\"nofollow noopener\" target=\"_blank\">Li Andersson<\/a> ja <a class=\"font-bold underline-offset-[0.12em] [text-decoration:var(--person-link-text-decoration)] ![text-decoration-color:var(--person-link-text-decoration-color)]\" href=\"https:\/\/www.hs.fi\/haku\/?query=Jussi%20Saramo\" rel=\"nofollow noopener\" target=\"_blank\">Jussi Saramo<\/a> antavat kuitenkin v\u00e4lill\u00e4 \u201daika positiivisen kuvan heid\u00e4n ryhm\u00e4ns\u00e4 kannoista\u201d.<\/p>\n<p class=\"article-body mb-nof-24 px-nof-16\">\u201dEuroparlamentin n\u00e4k\u00f6kulmasta on relevantti huoli, onko osalla vasemmistoa analyysi L\u00e4hi-id\u00e4st\u00e4 ja Ven\u00e4j\u00e4st\u00e4 aivan v\u00e4\u00e4r\u00e4 sen takia, ett\u00e4 he vastustavat niin voimakkaasti Yhdysvaltain imperialismia.\u201d<\/p>\n<p class=\"article-body mb-nof-24 px-nof-16\">Niinist\u00f6 sanoo viittaavansa eritoten Saksan ja Ranskan vasemmistopuolueisiin. H\u00e4nen mielest\u00e4 niiss\u00e4 vastustetaan niin kiivaasti Yhdysvaltoja, ett\u00e4 Iranin ja Ven\u00e4j\u00e4n kaltaiset vastavoimat ollaan valmiita hyv\u00e4ksym\u00e4\u00e4n ja niiden niiden v\u00e4\u00e4ryyksilt\u00e4 \u201dsokaistutaan\u201d.<\/p>\n<p class=\"article-body mb-nof-24 px-nof-16\">\u201dHeid\u00e4n analyysinsa on toistuvasti sellaista, ett\u00e4 Yhdysvaltain ja Israelin vastustaminen on niin kiivasta, ett\u00e4 ollaan valmiita siet\u00e4m\u00e4\u00e4n tai ymm\u00e4rt\u00e4m\u00e4\u00e4n vastatoimia Ven\u00e4j\u00e4lt\u00e4 ja L\u00e4hi-id\u00e4ss\u00e4 meid\u00e4n kannalta arvoiltaan aivan v\u00e4\u00e4r\u00e4nlaisilta hallituksilta.\u201d<\/p>\n<p class=\"article-body mb-nof-24 px-nof-16\">Yhdysvaltojen ja sen liittolaismaa Israelin suhteet Iraniin ovat olleet vuosikausia surkeat.<\/p>\n","protected":false},"excerpt":{"rendered":"Iran|Suomalaispoliitikot kiistelev\u00e4t siit\u00e4, kuka vaikenee Iranin mielenosoituksista. Lue tiivistelm\u00e4 Kristillisdemokraattien eduskuntaryhm\u00e4n puheenjohtaja Peter \u00d6stman moitti vihervasemmistoa Iranin tilanteesta&hellip;\n","protected":false},"author":2,"featured_media":140651,"comment_status":"","ping_status":"","sticky":false,"template":"","format":"standard","meta":{"footnotes":""},"categories":[14],"tags":[22,23,26,27,33,31,30,17,46,24,25,28,29,15,18,21,32,19,20,56,16,59,60,61],"class_list":{"0":"post-140650","1":"post","2":"type-post","3":"status-publish","4":"format-standard","5":"has-post-thumbnail","7":"category-ulkomaat","8":"tag-breaking-news","9":"tag-breakingnews","10":"tag-featured-news","11":"tag-featurednews","12":"tag-fi","13":"tag-finland","14":"tag-finnish","15":"tag-headlines","16":"tag-helsingin-sanomat","17":"tag-latest-news","18":"tag-latestnews","19":"tag-main-news","20":"tag-mainnews","21":"tag-news","22":"tag-otsikot","23":"tag-paauutiset","24":"tag-suomi","25":"tag-top-stories","26":"tag-topstories","27":"tag-ulkomaat","28":"tag-uutiset","29":"tag-world","30":"tag-world-news","31":"tag-worldnews"},"share_on_mastodon":{"url":"https:\/\/pubeurope.com\/@fi\/115883783199966488","error":""},"_links":{"self":[{"href":"https:\/\/www.europesays.com\/fi\/wp-json\/wp\/v2\/posts\/140650","targetHints":{"allow":["GET"]}}],"collection":[{"href":"https:\/\/www.europesays.com\/fi\/wp-json\/wp\/v2\/posts"}],"about":[{"href":"https:\/\/www.europesays.com\/fi\/wp-json\/wp\/v2\/types\/post"}],"author":[{"embeddable":true,"href":"https:\/\/www.europesays.com\/fi\/wp-json\/wp\/v2\/users\/2"}],"replies":[{"embeddable":true,"href":"https:\/\/www.europesays.com\/fi\/wp-json\/wp\/v2\/comments?post=140650"}],"version-history":[{"count":0,"href":"https:\/\/www.europesays.com\/fi\/wp-json\/wp\/v2\/posts\/140650\/revisions"}],"wp:featuredmedia":[{"embeddable":true,"href":"https:\/\/www.europesays.com\/fi\/wp-json\/wp\/v2\/media\/140651"}],"wp:attachment":[{"href":"https:\/\/www.europesays.com\/fi\/wp-json\/wp\/v2\/media?parent=140650"}],"wp:term":[{"taxonomy":"category","embeddable":true,"href":"https:\/\/www.europesays.com\/fi\/wp-json\/wp\/v2\/categories?post=140650"},{"taxonomy":"post_tag","embeddable":true,"href":"https:\/\/www.europesays.com\/fi\/wp-json\/wp\/v2\/tags?post=140650"}],"curies":[{"name":"wp","href":"https:\/\/api.w.org\/{rel}","templated":true}]}}