{"id":140674,"date":"2026-01-12T20:20:07","date_gmt":"2026-01-12T20:20:07","guid":{"rendered":"https:\/\/www.europesays.com\/fi\/140674\/"},"modified":"2026-01-12T20:20:07","modified_gmt":"2026-01-12T20:20:07","slug":"trump-tapaa-machadon-ilta-sanomat","status":"publish","type":"post","link":"https:\/\/www.europesays.com\/fi\/140674\/","title":{"rendered":"Trump tapaa Machadon &#8211; Ilta-Sanomat"},"content":{"rendered":"<p>Trump tapaa Nobel-voittajan.<\/p>\n<p class=\"article-body mb-nof-24 px-nof-16\">Yhdysvaltain presidentti <a class=\"font-bold underline-offset-[0.12em] [text-decoration:var(--person-link-text-decoration)] ![text-decoration-color:var(--person-link-text-decoration-color)]\" href=\"https:\/\/www.is.fi\/haku\/?query=Donald%20Trump\" rel=\"nofollow noopener\" target=\"_blank\">Donald Trump<\/a> tapaa venezuelalaisen oppositiojohtaja <a class=\"font-bold underline-offset-[0.12em] [text-decoration:var(--person-link-text-decoration)] ![text-decoration-color:var(--person-link-text-decoration-color)] article-strong\" href=\"https:\/\/www.is.fi\/haku\/?query=Mar%C3%ADa%20Corina%20Machadon\" rel=\"nofollow noopener\" target=\"_blank\">Mar\u00eda Corina Machadon<\/a> torstaina, kertoo uutistoimisto Reuters.<\/p>\n<p class=\"article-body mb-nof-24 px-nof-16\">Reutersin mukaan asiasta kertoo Trumpin hallinnon virkamies.<\/p>\n<p class=\"article-body mb-nof-24 px-nof-16\">Machado sai Nobelin rauhanpalkinnon viime joulukuussa. Trump on havitellut palkintoa itselleen.<\/p>\n<p class=\"article-body mb-nof-24 px-nof-16\">Yhdysvaltalaislehti <a class=\"underline underline-offset-[0.12em] [text-decoration-thickness:var(--generic-link-underline-thickness)] [text-decoration-color:var(--generic-link-underline-color)] [text-decoration-skip-ink:var(--generic-link-underline-skip-ink)] break-words\" href=\"https:\/\/www.washingtonpost.com\/national-security\/2026\/01\/04\/us-venezuela-plan-trump-rubio-miller\/\" rel=\"nofollow noopener\" target=\"_blank\">Washington Postin<\/a> l\u00e4hteet Valkoisessa talossa kertoivat aiemmin Machadon syyllistyneen Trumpin n\u00e4k\u00f6kulmasta \u201d\u00e4\u00e4rimm\u00e4iseen syntiin\u201d ottamalla Nobelin vastaan.<\/p>\n<p class=\"article-body mb-nof-24 px-nof-16\">\u2013 Jos h\u00e4n olisi luopunut siit\u00e4 ja sanonut: \u201dEn voi hyv\u00e4ksy\u00e4 sit\u00e4, koska se kuuluu Donald Trumpille\u201d, h\u00e4n olisi t\u00e4n\u00e4\u00e4n Venezuelan presidentti, l\u00e4hde kertoi.<\/p>\n<p class=\"article-body mb-nof-24 px-nof-16\">Yhdysvallat iski toissa viikolla Venezuelaan ja otti kiinni maan presidentin <a class=\"font-bold underline-offset-[0.12em] [text-decoration:var(--person-link-text-decoration)] ![text-decoration-color:var(--person-link-text-decoration-color)]\" href=\"https:\/\/www.is.fi\/haku\/?query=Nicol%C3%A1s%20Maduron\" rel=\"nofollow noopener\" target=\"_blank\">Nicol\u00e1s Maduron<\/a>, mutta ei kuitenkaan nostanut ket\u00e4\u00e4n maan oppositiosta valtaan.<\/p>\n<p class=\"article-body mb-nof-24 px-nof-16\">Machado on yksi Venezuelan opposition t\u00e4rkeimmist\u00e4 hahmoista. Maduron kannattajien hallitsema parlamentti kielsi h\u00e4nelt\u00e4 osallistumisen vuoden 2024 vaaleihin.<\/p>\n<p class=\"article-body mb-nof-24 px-nof-16\">Machadon korvaajaksi opposition ehdokkaana nousi <a class=\"font-bold underline-offset-[0.12em] [text-decoration:var(--person-link-text-decoration)] ![text-decoration-color:var(--person-link-text-decoration-color)] article-strong\" href=\"https:\/\/www.is.fi\/haku\/?query=Edmundo%20Gonzalez\" rel=\"nofollow noopener\" target=\"_blank\">Edmundo Gonzalez<\/a>. Maduro julistautui vaalien voittajaksi, vaikka useiden kansainv\u00e4listen tarkkailijoiden mukaan Gonzalez sai todellisuudessa 70 prosenttia \u00e4\u00e4nist\u00e4.<\/p>\n<p class=\"article-body mb-nof-24 px-nof-16\">Machado on ilmoittanut tukevansa Gonzalesia Venezuelan presidentiksi. H\u00e4nell\u00e4 itsell\u00e4\u00e4nkin on kuitenkin runsaasti kannatusta venezuelalaisten keskuudessa.<\/p>\n<p class=\"article-body mb-nof-24 px-nof-16\">Kun Trumpilta kysyttiin mediatilaisuudessa Machadosta, kuittasi t\u00e4m\u00e4 oppositiojohtajan aseman kylm\u00e4sti, muutamalla sanalla. H\u00e4n v\u00e4itti, ettei t\u00e4ll\u00e4 ole ole kannatusta eik\u00e4 kunnioitusta kotimaassaan.<\/p>\n<p class=\"article-body mb-nof-24 px-nof-16\">Machado on pyrkinyt jo pitk\u00e4\u00e4n p\u00e4\u00e4sem\u00e4\u00e4n Trumpin suosioon. Viime viikolla kerrottiin, ett\u00e4 h\u00e4n on ilmaissut haluavansa luovuttaa saamansa rauhanpalkinnon Trumpille kiitollisuudenosoituksena siit\u00e4, ett\u00e4 Yhdysvallat poisti Maduron Venezuelan johdosta.<\/p>\n<p class=\"article-body mb-nof-24 px-nof-16\">Asiasta uutisoi muun muassa <a class=\"underline underline-offset-[0.12em] [text-decoration-thickness:var(--generic-link-underline-thickness)] [text-decoration-color:var(--generic-link-underline-color)] [text-decoration-skip-ink:var(--generic-link-underline-skip-ink)] break-words\" href=\"https:\/\/www.nytimes.com\/2026\/01\/09\/world\/americas\/trump-venezuela-machado-nobel-prize.html\" rel=\"nofollow noopener\" target=\"_blank\">New York Times<\/a>. Trump on sanonut, ett\u00e4 palkinnon vastaanottaminen Machadolta olisi suuri kunnia.<\/p>\n<p class=\"article-body mb-nof-24 px-nof-16\">Nobel-komitea on puolestaan korostanut, ettei palkinnon luovuttaminen eteenp\u00e4in ole mahdollista.<\/p>\n<p class=\"article-body mb-nof-24 px-nof-16\">Viime viikon torstaina Trump <a class=\"underline underline-offset-[0.12em] [text-decoration-thickness:var(--generic-link-underline-thickness)] [text-decoration-color:var(--generic-link-underline-color)] [text-decoration-skip-ink:var(--generic-link-underline-skip-ink)] break-words\" href=\"https:\/\/www.is.fi\/ulkomaat\/art-2000011735527.html\" rel=\"nofollow noopener\" target=\"_blank\">haukkui<\/a> julkisesti Norjan, jonka parlamentin asettama komitea p\u00e4\u00e4tt\u00e4\u00e4 palkinnon saajasta.<\/p>\n<p class=\"article-body mb-nof-24 px-nof-16\">\u2013 Muistakaa my\u00f6s, ett\u00e4 min\u00e4 yksin p\u00e4\u00e4tin kahdeksan sotaa, ja Norja, Naton j\u00e4sen, p\u00e4\u00e4tti typer\u00e4sti olla antamatta Nobelin rauhanpalkintoa minulle, Trump tilitti Truth Social -tilill\u00e4\u00e4n.<\/p>\n","protected":false},"excerpt":{"rendered":"Trump tapaa Nobel-voittajan. Yhdysvaltain presidentti Donald Trump tapaa venezuelalaisen oppositiojohtaja Mar\u00eda Corina Machadon torstaina, kertoo uutistoimisto Reuters. Reutersin&hellip;\n","protected":false},"author":2,"featured_media":140675,"comment_status":"","ping_status":"","sticky":false,"template":"","format":"standard","meta":{"footnotes":""},"categories":[14],"tags":[22,23,26,27,33,31,30,17,34,24,25,28,29,15,18,21,32,19,20,56,16,59,60,61],"class_list":{"0":"post-140674","1":"post","2":"type-post","3":"status-publish","4":"format-standard","5":"has-post-thumbnail","7":"category-ulkomaat","8":"tag-breaking-news","9":"tag-breakingnews","10":"tag-featured-news","11":"tag-featurednews","12":"tag-fi","13":"tag-finland","14":"tag-finnish","15":"tag-headlines","16":"tag-ilta-sanomat","17":"tag-latest-news","18":"tag-latestnews","19":"tag-main-news","20":"tag-mainnews","21":"tag-news","22":"tag-otsikot","23":"tag-paauutiset","24":"tag-suomi","25":"tag-top-stories","26":"tag-topstories","27":"tag-ulkomaat","28":"tag-uutiset","29":"tag-world","30":"tag-world-news","31":"tag-worldnews"},"share_on_mastodon":{"url":"https:\/\/pubeurope.com\/@fi\/115883987699355804","error":""},"_links":{"self":[{"href":"https:\/\/www.europesays.com\/fi\/wp-json\/wp\/v2\/posts\/140674","targetHints":{"allow":["GET"]}}],"collection":[{"href":"https:\/\/www.europesays.com\/fi\/wp-json\/wp\/v2\/posts"}],"about":[{"href":"https:\/\/www.europesays.com\/fi\/wp-json\/wp\/v2\/types\/post"}],"author":[{"embeddable":true,"href":"https:\/\/www.europesays.com\/fi\/wp-json\/wp\/v2\/users\/2"}],"replies":[{"embeddable":true,"href":"https:\/\/www.europesays.com\/fi\/wp-json\/wp\/v2\/comments?post=140674"}],"version-history":[{"count":0,"href":"https:\/\/www.europesays.com\/fi\/wp-json\/wp\/v2\/posts\/140674\/revisions"}],"wp:featuredmedia":[{"embeddable":true,"href":"https:\/\/www.europesays.com\/fi\/wp-json\/wp\/v2\/media\/140675"}],"wp:attachment":[{"href":"https:\/\/www.europesays.com\/fi\/wp-json\/wp\/v2\/media?parent=140674"}],"wp:term":[{"taxonomy":"category","embeddable":true,"href":"https:\/\/www.europesays.com\/fi\/wp-json\/wp\/v2\/categories?post=140674"},{"taxonomy":"post_tag","embeddable":true,"href":"https:\/\/www.europesays.com\/fi\/wp-json\/wp\/v2\/tags?post=140674"}],"curies":[{"name":"wp","href":"https:\/\/api.w.org\/{rel}","templated":true}]}}