{"id":140678,"date":"2026-01-12T20:22:08","date_gmt":"2026-01-12T20:22:08","guid":{"rendered":"https:\/\/www.europesays.com\/fi\/140678\/"},"modified":"2026-01-12T20:22:08","modified_gmt":"2026-01-12T20:22:08","slug":"janni-hussista-tulikuuma-huhu-sanotaan-nain-etta","status":"publish","type":"post","link":"https:\/\/www.europesays.com\/fi\/140678\/","title":{"rendered":"Janni Hussista tulikuuma huhu \u2013 \u201dSanotaan n\u00e4in, ett\u00e4&#8230;\u201d"},"content":{"rendered":"<p>Janni Hussi vastasi v\u00e4itteisiin.<\/p>\n<p class=\"article-body mb-nof-24 px-nof-16\">Ralliautoilussa uraa luovan <a class=\"font-bold underline-offset-[0.12em] [text-decoration:var(--person-link-text-decoration)] ![text-decoration-color:var(--person-link-text-decoration-color)]\" href=\"https:\/\/www.is.fi\/haku\/?query=Janni%20Hussin\" rel=\"nofollow noopener\" target=\"_blank\">Janni Hussin<\/a>, 34, t\u00e4m\u00e4n kauden suunnitelmat ovat olleet toistaiseksi h\u00e4m\u00e4r\u00e4n peitossa.<\/p>\n<p class=\"article-body mb-nof-24 px-nof-16\">Viime ajat Hussi on ty\u00f6skennellyt <a class=\"font-bold underline-offset-[0.12em] [text-decoration:var(--person-link-text-decoration)] ![text-decoration-color:var(--person-link-text-decoration-color)]\" href=\"https:\/\/www.is.fi\/haku\/?query=Jari-Matti%20Latvalan\" rel=\"nofollow noopener\" target=\"_blank\">Jari-Matti Latvalan<\/a>, 40, kakkoskuljettajana, eli kartturina. P\u00e4\u00e4osin historic-luokan kilpailuissa nostalgisella Toyota Celicalla hurjasteleva Latvala on aiemmin kertonut puhuneensa yhteisty\u00f6n jatkamisesta Hussin kanssa my\u00f6s t\u00e4n\u00e4 vuonna, mutta sen jatkuminen on kuitenkin ollut ep\u00e4varmaa jo jonkin aikaa.<\/p>\n<p class=\"article-body mb-nof-24 px-nof-16\">Rallin sis\u00e4piirist\u00e4 saatujen tietojen mukaan Hussi on ensisijaisesti havitellut t\u00e4ksi vuodeksi kartturin paikkaa MM-sarjan kakkoskilpakategoriassa, eli WRC2-luokassa kilpailevan kuljettajan rinnalle.<\/p>\n<p class=\"article-body mb-nof-24 px-nof-16\">Onko n\u00e4in, Janni Hussi?<\/p>\n<p class=\"article-body mb-nof-24 px-nof-16\">\u2013 Mahdollisesti. En voi ihan hirve\u00e4sti n\u00e4ist\u00e4 nyt puhua. Sanotaan n\u00e4in, ett\u00e4 pyrin t\u00e4ytt\u00e4m\u00e4\u00e4n kalenterini rallilla t\u00e4n\u00e4 vuonna, Hussi vastasi maanantai-iltana puhelimitse.<\/p>\n<p class=\"article-body mb-nof-24 px-nof-16\">\u2013 Tavoite on p\u00e4\u00e4st\u00e4 eteenp\u00e4in uralla. Jos WRC2:ta ajetaan, niin onhan se jo maailman toiseksi kovin sarja. Toivottavasti p\u00e4\u00e4sen joskus ihan MM-sarjan p\u00e4\u00e4luokkaan asti, aiemminkin WRC2-luokan MM-osakilpailuissa kisannut Hussi jatkoi.<\/p>\n<p><img decoding=\"async\" src=\"https:\/\/www.europesays.com\/fi\/wp-content\/uploads\/2026\/01\/1768249328_979_468.jpg\" alt=\"Janni Hussi, 34, on luonut menestyksekk\u00e4\u00e4sti uraa ralliautoilun kakkoskuljettajana.\" class=\"_Img_1rerz_1\" style=\"aspect-ratio:1.3333333333333333\" loading=\"eager\"\/><\/p>\n<p class=\"article-picture-caption\">Janni Hussi, 34, on luonut menestyksekk\u00e4\u00e4sti uraa ralliautoilun kakkoskuljettajana. Kuva:\u00a0Tuomas Arkimies<\/p>\n<p class=\"article-body mb-nof-24 px-nof-16\">Huhut vellovat my\u00f6s siit\u00e4, ett\u00e4 Hussi saattaisi ryhty\u00e4 paluuta MM-sarjaan hautovan <a class=\"font-bold underline-offset-[0.12em] [text-decoration:var(--person-link-text-decoration)] ![text-decoration-color:var(--person-link-text-decoration-color)]\" href=\"https:\/\/www.is.fi\/haku\/?query=Teemu%20Sunisen\" rel=\"nofollow noopener\" target=\"_blank\">Teemu Sunisen<\/a> kakkoskuljettajaksi WRC2-luokassa. Asiasta on kirjoitettu ainakin <a class=\"underline underline-offset-[0.12em] [text-decoration-thickness:var(--generic-link-underline-thickness)] [text-decoration-color:var(--generic-link-underline-color)] [text-decoration-skip-ink:var(--generic-link-underline-skip-ink)] break-words\" href=\"https:\/\/urheiluuutiset.com\/teemu-sunisesta-yllatysuutinen-en-kiella\/?utm_source=rss&amp;utm_medium=rss&amp;utm_campaign=teemu-sunisesta-yllatysuutinen-en-kiella\" rel=\"nofollow noopener\" target=\"_blank\">urheiluuutiset.com -sivustolla. <\/a><\/p>\n<p class=\"article-body mb-nof-24 px-nof-16\">Kilpailetko vastedes Teemu Sunisen kakkoskuljettajana?<\/p>\n<p class=\"article-body mb-nof-24 px-nof-16\">\u2013 En kommentoi, Hussi vastasi kohteliaasti.<\/p>\n<blockquote class=\"p-[var(--citation-padding)] m-[var(--citation-margin)] border-y-[length:var(--citation-border-width)] border-y-[color:var(--citation-border-color)]\">\n<p>Tavoite on p\u00e4\u00e4st\u00e4 eteenp\u00e4in uralla. Jos WRC2:ta ajetaan, niin onhan se jo maailman toiseksi kovin sarja.<\/p>\n<\/blockquote>\n<p class=\"article-body mb-nof-24 px-nof-16\">MM-kauden avausrallissa Monte Carlossa Hussi ei ainakaan viel\u00e4 kilpaile, sill\u00e4 h\u00e4n ty\u00f6skentelee kyseisess\u00e4 rallissa Toyotan japanilaiskuljettajan <a class=\"font-bold underline-offset-[0.12em] [text-decoration:var(--person-link-text-decoration)] ![text-decoration-color:var(--person-link-text-decoration-color)]\" href=\"https:\/\/www.is.fi\/haku\/?query=Takamoto%20Katsutan\" rel=\"nofollow noopener\" target=\"_blank\">Takamoto Katsutan<\/a>, 32, etuautoteht\u00e4viss\u00e4.<\/p>\n<p class=\"article-body mb-nof-24 px-nof-16\">Sunisen aikomuksena olisi ajaa ainakin joitain MM-ralleja t\u00e4n\u00e4 vuonna sarjan WRC2-luokassa. H\u00e4nen tavoitteenaan olisi antaa WRC2-luokassa hyvi\u00e4 n\u00e4ytt\u00f6j\u00e4 noustakseen takaisin MM-sarjan p\u00e4\u00e4luokkaan kaudeksi 2027.<\/p>\n<p class=\"article-body mb-nof-24 px-nof-16\">MM-sarjan autojen uusi s\u00e4\u00e4nt\u00f6jakso tulee voimaan 2027. Sen uskotaan tuovan MM-sarjaan uusia autonvalmistajia ja ylip\u00e4\u00e4t\u00e4\u00e4n p\u00e4\u00e4luokassa kilpailevia talleja. T\u00e4h\u00e4n mahdollisuuteen Suninen on aikeissa iske\u00e4.<\/p>\n<p class=\"article-body mb-nof-24 px-nof-16\">Puhelimitse tavoitettu Suninen totesi maanantaina, ettei h\u00e4nen kuluvan vuoden WRC2-suunnitelma olisi viel\u00e4 varmistunut.<\/p>\n<p class=\"article-body mb-nof-24 px-nof-16\">\u2013\u2009Se ei ole viel\u00e4 selv\u00e4 juttu, h\u00e4n sanoi.<\/p>\n<p class=\"article-body mb-nof-24 px-nof-16\">Sunisen ajokkina WRC2-luokassa saattaisi olla Toyotan Rally2-auto.<\/p>\n<p class=\"article-body mb-nof-24 px-nof-16\">On ollut puheita siit\u00e4, ett\u00e4 Janni Hussi tulisi sinulle mahdollisesti kakkoskuljettajaksi. Mit\u00e4 sanot t\u00e4st\u00e4 asiasta?<\/p>\n<p class=\"article-body mb-nof-24 px-nof-16\">\u2013\u2009Ei ole selv\u00e4 asia sek\u00e4\u00e4n, Suninen vastasi maanantaina.<\/p>\n<p><img decoding=\"async\" src=\"https:\/\/www.europesays.com\/fi\/wp-content\/uploads\/2026\/01\/1768249328_553_468.jpg\" alt=\"Teemu Suninen, 31, on kokenut rallijermu.\" class=\"_Img_1rerz_1\" style=\"aspect-ratio:1.5\" loading=\"eager\"\/><\/p>\n<p class=\"article-picture-caption\">Teemu Suninen, 31, on kokenut rallijermu. Kuva:\u00a0Aleksi Jalava \/ IS<\/p>\n<p class=\"article-body mb-nof-24 px-nof-16\">Sunisen ura ammattilaiskuljettajana on ollut viime ajat j\u00e4iss\u00e4. H\u00e4n ei ole silti j\u00e4\u00e4nyt kotiinsa p\u00f6lyttym\u00e4\u00e4n.<\/p>\n<p class=\"article-body mb-nof-24 px-nof-16\">Suninen on ty\u00f6skennellyt viime aikoina rallivalmentajana, eik\u00e4 ole my\u00f6sk\u00e4\u00e4n hyl\u00e4nnyt ajatusta oman kuljettajauransa elvytt\u00e4misest\u00e4.<\/p>\n<p class=\"article-body mb-nof-24 px-nof-16\">Suninen kilpaili MM-sarjassa Rally2-luokan Hyundailla viel\u00e4 vuonna 2024, mutta viime vuodesta tuli h\u00e4nelle kilpailullisesti v\u00e4livuosi. Vuonna 2023 h\u00e4n kilpaili osan MM-sarjan ralleista p\u00e4\u00e4luokan Hyundailla.<\/p>\n<p class=\"article-body mb-nof-24 px-nof-16\">Suninen on saavuttanut ajajana yhteens\u00e4 kolme palkintopallisijoitusta MM-sarjan p\u00e4\u00e4luokassa. H\u00e4nen paras tuloksensa on Sardinian MM-rallin toinen sija Fordilla vuonna 2019.<\/p>\n<p><img decoding=\"async\" src=\"https:\/\/www.europesays.com\/fi\/wp-content\/uploads\/2026\/01\/1768249328_461_468.jpg\" alt=\"Teemu Suninen lenn\u00e4tti Hyundaita vuonna 2023.\" class=\"_Img_1rerz_1\" style=\"aspect-ratio:1.5\" loading=\"eager\"\/><\/p>\n<p class=\"article-picture-caption\">Teemu Suninen lenn\u00e4tti Hyundaita vuonna 2023. Kuva:\u00a0Hannu Rainamo<\/p>\n<p class=\"article-body mb-nof-24 px-nof-16\">Valmennushommien lis\u00e4ksi h\u00e4n on pit\u00e4nyt omaa ajotuntumaansa yll\u00e4, jotta mahdollinen paluu kisakuljettajaksi olisi sujuva. H\u00e4n on ajanut testej\u00e4 sek\u00e4 tallien ett\u00e4 rengasvalmistaja Hankookin piikkiin.<\/p>\n<p class=\"article-body mb-nof-24 px-nof-16\">\u2013\u2009Olen koettanut pit\u00e4\u00e4 ranteet pois ruosteesta. Jos mahdollisuus kisaamiseen tulee, niin pystyn aika nopeasti hypp\u00e4\u00e4m\u00e4\u00e4n \u201dajosaappaisiin\u201d, Suninen totesi viime vuoden lopulla.<\/p>\n<p class=\"article-body mb-nof-24 px-nof-16\">Valmennuksen ja testit\u00f6iden lis\u00e4ksi Suninen on ty\u00f6skennellyt my\u00f6s lajiasiantuntijana televisiossa.<\/p>\n","protected":false},"excerpt":{"rendered":"Janni Hussi vastasi v\u00e4itteisiin. Ralliautoilussa uraa luovan Janni Hussin, 34, t\u00e4m\u00e4n kauden suunnitelmat ovat olleet toistaiseksi h\u00e4m\u00e4r\u00e4n peitossa.&hellip;\n","protected":false},"author":2,"featured_media":140679,"comment_status":"","ping_status":"","sticky":false,"template":"","format":"standard","meta":{"footnotes":""},"categories":[5],"tags":[22,23,26,27,33,31,30,17,34,24,25,28,29,15,18,21,32,19,20,16],"class_list":{"0":"post-140678","1":"post","2":"type-post","3":"status-publish","4":"format-standard","5":"has-post-thumbnail","7":"category-otsikot","8":"tag-breaking-news","9":"tag-breakingnews","10":"tag-featured-news","11":"tag-featurednews","12":"tag-fi","13":"tag-finland","14":"tag-finnish","15":"tag-headlines","16":"tag-ilta-sanomat","17":"tag-latest-news","18":"tag-latestnews","19":"tag-main-news","20":"tag-mainnews","21":"tag-news","22":"tag-otsikot","23":"tag-paauutiset","24":"tag-suomi","25":"tag-top-stories","26":"tag-topstories","27":"tag-uutiset"},"share_on_mastodon":{"url":"https:\/\/pubeurope.com\/@fi\/115883995578933738","error":""},"_links":{"self":[{"href":"https:\/\/www.europesays.com\/fi\/wp-json\/wp\/v2\/posts\/140678","targetHints":{"allow":["GET"]}}],"collection":[{"href":"https:\/\/www.europesays.com\/fi\/wp-json\/wp\/v2\/posts"}],"about":[{"href":"https:\/\/www.europesays.com\/fi\/wp-json\/wp\/v2\/types\/post"}],"author":[{"embeddable":true,"href":"https:\/\/www.europesays.com\/fi\/wp-json\/wp\/v2\/users\/2"}],"replies":[{"embeddable":true,"href":"https:\/\/www.europesays.com\/fi\/wp-json\/wp\/v2\/comments?post=140678"}],"version-history":[{"count":0,"href":"https:\/\/www.europesays.com\/fi\/wp-json\/wp\/v2\/posts\/140678\/revisions"}],"wp:featuredmedia":[{"embeddable":true,"href":"https:\/\/www.europesays.com\/fi\/wp-json\/wp\/v2\/media\/140679"}],"wp:attachment":[{"href":"https:\/\/www.europesays.com\/fi\/wp-json\/wp\/v2\/media?parent=140678"}],"wp:term":[{"taxonomy":"category","embeddable":true,"href":"https:\/\/www.europesays.com\/fi\/wp-json\/wp\/v2\/categories?post=140678"},{"taxonomy":"post_tag","embeddable":true,"href":"https:\/\/www.europesays.com\/fi\/wp-json\/wp\/v2\/tags?post=140678"}],"curies":[{"name":"wp","href":"https:\/\/api.w.org\/{rel}","templated":true}]}}