{"id":140680,"date":"2026-01-12T20:23:06","date_gmt":"2026-01-12T20:23:06","guid":{"rendered":"https:\/\/www.europesays.com\/fi\/140680\/"},"modified":"2026-01-12T20:23:06","modified_gmt":"2026-01-12T20:23:06","slug":"intiassa-etsitaan-norsua-joka-on-tappanut-20","status":"publish","type":"post","link":"https:\/\/www.europesays.com\/fi\/140680\/","title":{"rendered":"Intiassa etsit\u00e4\u00e4n norsua, joka on tappanut 20"},"content":{"rendered":"<p><strong class=\"typography-bold\">Ainakin 20 ihmist\u00e4 on kuollut lyhyess\u00e4 ajassa yhden ja saman norsun hy\u00f6kk\u00e4yksiss\u00e4 Intiassa.<\/strong><\/p>\n<p><a class=\"underline\" data-testid=\"external-link\" href=\"https:\/\/www.bbc.com\/news\/articles\/cn0ygqjvq1ko\" rel=\"noopener noreferrer nofollow\" target=\"_blank\" data-sentry-component=\"ExternalLink\" data-sentry-source-file=\"ExternalLink.tsx\">BBC<\/a> kertoo, ett\u00e4 tapaukset ovat sattuneet maan it\u00e4osassa Jharkhandin osavaltiossa Sarandan mets\u00e4ss\u00e4 tammikuun 1. ja 9. p\u00e4iv\u00e4n v\u00e4lill\u00e4. Niist\u00e4 ep\u00e4ill\u00e4\u00e4n yht\u00e4 urosnorsua.\u00a0<\/p>\n<p>Viranomaisten mukaan vastaavaa kuolemantapausten sarjaa ei ole n\u00e4hty alueella koskaan aikaisemmin.\u00a0<\/p>\n<p>Suurin osa tapauksista on sattunut y\u00f6aikaan, kun asukkaat ovat paikalliseen tapaan olleet vartioimassa pelloille ja latoihin varastoitua riisi\u00e4. Toistaiseksi alueella liikkuvia kehotetaan viett\u00e4m\u00e4\u00e4n y\u00f6t sis\u00e4tiloissa.<\/p>\n<p>Alustavan arvion mukaan norsun ep\u00e4tavallisen aggressiivinen k\u00e4yt\u00f6s saattaa johtua parittelukaudesta ja testosteronitasojen noususta. T\u00e4ll\u00f6in k\u00e4yt\u00f6ksen voisi odottaa laantuvan parin viikon kuluessa.\u00a0<\/p>\n<p>Yksil\u00f6 saattaa olla my\u00f6s ajautunut eksyksiin mets\u00e4ss\u00e4 asuvasta laumastaan.\u00a0<\/p>\n<p>Norsu pyrit\u00e4\u00e4n ottamaan kiinni ja palauttamaan turvallisesti luontoon.\u00a0<\/p>\n<p>Ihmisten ja norsujen v\u00e4liset kohtaamiset ovat aiheuttaneet ongelmia samalla alueella jo vuosien ajan. Viranomaiset ja tutkijat uskovat, ett\u00e4 taustalla vaikuttaa mets\u00e4pinta-alan v\u00e4heneminen, elinymp\u00e4rist\u00f6jen pirstoutuminen sek\u00e4 ihmisten lis\u00e4\u00e4ntynyt toiminta l\u00e4hell\u00e4 norsujen kulkureittej\u00e4.<\/p>\n<p><strong class=\"typography-bold\">Lue my\u00f6s: <\/strong><a class=\"cursor-pointer underline\" data-testid=\"internal-link\" role=\"link\" data-sentry-element=\"Link\" data-sentry-component=\"InternalLink\" data-sentry-source-file=\"InternalLink.tsx\" href=\"https:\/\/www.mtvuutiset.fi\/artikkeli\/virtahepo-kaatoi-veneen-norsunluurannikolla-11-kateissa\/9217560\" rel=\"nofollow noopener\" target=\"_blank\"><strong class=\"typography-bold\">Virtahepo kaatoi veneen Norsunluurannikolla<\/strong><\/a><a class=\"cursor-pointer underline\" data-testid=\"internal-link\" role=\"link\" data-sentry-element=\"Link\" data-sentry-component=\"InternalLink\" data-sentry-source-file=\"InternalLink.tsx\" href=\"https:\/\/www.mtvuutiset.fi\/artikkeli\/mies-kiipesi-leijonan-aitaukseen-brasiliassa-ei-kaynyt-hyvin\/9264314\" rel=\"nofollow noopener\" target=\"_blank\"><strong class=\"typography-bold\">Mies kiipesi leijonan aitaukseen Brasiliassa \u2013 ei k\u00e4ynyt hyvin<\/strong><\/a><\/p>\n","protected":false},"excerpt":{"rendered":"Ainakin 20 ihmist\u00e4 on kuollut lyhyess\u00e4 ajassa yhden ja saman norsun hy\u00f6kk\u00e4yksiss\u00e4 Intiassa. BBC kertoo, ett\u00e4 tapaukset ovat&hellip;\n","protected":false},"author":2,"featured_media":140681,"comment_status":"","ping_status":"","sticky":false,"template":"","format":"standard","meta":{"footnotes":""},"categories":[117],"tags":[33,31,30,72,476,118,32,119,477],"class_list":{"0":"post-140680","1":"post","2":"type-post","3":"status-publish","4":"format-standard","5":"has-post-thumbnail","7":"category-luonto","8":"tag-fi","9":"tag-finland","10":"tag-finnish","11":"tag-luonto","12":"tag-nature","13":"tag-science","14":"tag-suomi","15":"tag-tiede","16":"tag-wildlife"},"share_on_mastodon":{"url":"https:\/\/pubeurope.com\/@fi\/115883999404170015","error":""},"_links":{"self":[{"href":"https:\/\/www.europesays.com\/fi\/wp-json\/wp\/v2\/posts\/140680","targetHints":{"allow":["GET"]}}],"collection":[{"href":"https:\/\/www.europesays.com\/fi\/wp-json\/wp\/v2\/posts"}],"about":[{"href":"https:\/\/www.europesays.com\/fi\/wp-json\/wp\/v2\/types\/post"}],"author":[{"embeddable":true,"href":"https:\/\/www.europesays.com\/fi\/wp-json\/wp\/v2\/users\/2"}],"replies":[{"embeddable":true,"href":"https:\/\/www.europesays.com\/fi\/wp-json\/wp\/v2\/comments?post=140680"}],"version-history":[{"count":0,"href":"https:\/\/www.europesays.com\/fi\/wp-json\/wp\/v2\/posts\/140680\/revisions"}],"wp:featuredmedia":[{"embeddable":true,"href":"https:\/\/www.europesays.com\/fi\/wp-json\/wp\/v2\/media\/140681"}],"wp:attachment":[{"href":"https:\/\/www.europesays.com\/fi\/wp-json\/wp\/v2\/media?parent=140680"}],"wp:term":[{"taxonomy":"category","embeddable":true,"href":"https:\/\/www.europesays.com\/fi\/wp-json\/wp\/v2\/categories?post=140680"},{"taxonomy":"post_tag","embeddable":true,"href":"https:\/\/www.europesays.com\/fi\/wp-json\/wp\/v2\/tags?post=140680"}],"curies":[{"name":"wp","href":"https:\/\/api.w.org\/{rel}","templated":true}]}}