{"id":140703,"date":"2026-01-12T21:14:08","date_gmt":"2026-01-12T21:14:08","guid":{"rendered":"https:\/\/www.europesays.com\/fi\/140703\/"},"modified":"2026-01-12T21:14:08","modified_gmt":"2026-01-12T21:14:08","slug":"kuolonkolari-siilinjarvella-ilta-sanomat","status":"publish","type":"post","link":"https:\/\/www.europesays.com\/fi\/140703\/","title":{"rendered":"Kuolonkolari Siilinj\u00e4rvell\u00e4 &#8211; Ilta-Sanomat"},"content":{"rendered":"<p>Viitostie suljettiin onnettomuuden takia.<\/p>\n<p class=\"article-body mb-nof-24 px-nof-16\">Henkil\u00f6auton kuljettaja on kuollut Valtatie 5:ll\u00e4 Siilinj\u00e4rvell\u00e4 tapahtuneessa nokkakolarissa maanantai-iltap\u00e4iv\u00e4n\u00e4, kertoo poliisi.<\/p>\n<p class=\"article-body mb-nof-24 px-nof-16\">Valtatie 5 suljettiin kokonaan liikenteelt\u00e4 Siilinj\u00e4rven R\u00e4is\u00e4l\u00e4n kohdalla tapahtuneen liikenneonnettomuuden takia. Ilmoitus onnettomuudesta tuli kello 15.18 maanantaina.<\/p>\n<p class=\"article-body mb-nof-24 px-nof-16\">Pohjoista kohti ajanut henkil\u00f6auto ajautui toistaiseksi tuntemattomasta syyst\u00e4 vastaantulevien kaistalle ja t\u00f6rm\u00e4si rekan keulaan. Henkil\u00f6auton kuljettaja kuoli t\u00f6rm\u00e4yksess\u00e4.<\/p>\n<p class=\"article-body mb-nof-24 px-nof-16\">Kuorma-auton kuljettaja toimitettiin sairaalaan tarkastettavaksi. Kolarissa ei ollut muita osallisia.<\/p>\n<p class=\"article-body mb-nof-24 px-nof-16\">Poliisi ja pelastuslaitos ohjaavat liikennett\u00e4 onnettomuuspaikan l\u00e4heisyydess\u00e4.<\/p>\n<p class=\"article-body mb-nof-24 px-nof-16\">Viranomaiset tiedottivat puoli kuuden aikaan, ett\u00e4 pelastus- ja raivaust\u00f6ist\u00e4 aiheutuu yh\u00e4 merkitt\u00e4v\u00e4\u00e4 haittaa molempiin ajosuuntiin.<\/p>\n<p class=\"article-body mb-nof-24 px-nof-16\">Paikalle l\u00e4hetettiin useita pelastuslaitoksen, ensihoidon ja poliisin yksik\u00f6it\u00e4.<\/p>\n","protected":false},"excerpt":{"rendered":"Viitostie suljettiin onnettomuuden takia. Henkil\u00f6auton kuljettaja on kuollut Valtatie 5:ll\u00e4 Siilinj\u00e4rvell\u00e4 tapahtuneessa nokkakolarissa maanantai-iltap\u00e4iv\u00e4n\u00e4, kertoo poliisi. Valtatie 5&hellip;\n","protected":false},"author":2,"featured_media":140704,"comment_status":"","ping_status":"","sticky":false,"template":"","format":"standard","meta":{"footnotes":""},"categories":[5],"tags":[22,23,26,27,33,31,30,17,34,24,25,28,29,15,18,21,32,19,20,16],"class_list":{"0":"post-140703","1":"post","2":"type-post","3":"status-publish","4":"format-standard","5":"has-post-thumbnail","7":"category-otsikot","8":"tag-breaking-news","9":"tag-breakingnews","10":"tag-featured-news","11":"tag-featurednews","12":"tag-fi","13":"tag-finland","14":"tag-finnish","15":"tag-headlines","16":"tag-ilta-sanomat","17":"tag-latest-news","18":"tag-latestnews","19":"tag-main-news","20":"tag-mainnews","21":"tag-news","22":"tag-otsikot","23":"tag-paauutiset","24":"tag-suomi","25":"tag-top-stories","26":"tag-topstories","27":"tag-uutiset"},"share_on_mastodon":{"url":"https:\/\/pubeurope.com\/@fi\/115884199970404920","error":""},"_links":{"self":[{"href":"https:\/\/www.europesays.com\/fi\/wp-json\/wp\/v2\/posts\/140703","targetHints":{"allow":["GET"]}}],"collection":[{"href":"https:\/\/www.europesays.com\/fi\/wp-json\/wp\/v2\/posts"}],"about":[{"href":"https:\/\/www.europesays.com\/fi\/wp-json\/wp\/v2\/types\/post"}],"author":[{"embeddable":true,"href":"https:\/\/www.europesays.com\/fi\/wp-json\/wp\/v2\/users\/2"}],"replies":[{"embeddable":true,"href":"https:\/\/www.europesays.com\/fi\/wp-json\/wp\/v2\/comments?post=140703"}],"version-history":[{"count":0,"href":"https:\/\/www.europesays.com\/fi\/wp-json\/wp\/v2\/posts\/140703\/revisions"}],"wp:featuredmedia":[{"embeddable":true,"href":"https:\/\/www.europesays.com\/fi\/wp-json\/wp\/v2\/media\/140704"}],"wp:attachment":[{"href":"https:\/\/www.europesays.com\/fi\/wp-json\/wp\/v2\/media?parent=140703"}],"wp:term":[{"taxonomy":"category","embeddable":true,"href":"https:\/\/www.europesays.com\/fi\/wp-json\/wp\/v2\/categories?post=140703"},{"taxonomy":"post_tag","embeddable":true,"href":"https:\/\/www.europesays.com\/fi\/wp-json\/wp\/v2\/tags?post=140703"}],"curies":[{"name":"wp","href":"https:\/\/api.w.org\/{rel}","templated":true}]}}