{"id":140711,"date":"2026-01-12T21:38:07","date_gmt":"2026-01-12T21:38:07","guid":{"rendered":"https:\/\/www.europesays.com\/fi\/140711\/"},"modified":"2026-01-12T21:38:07","modified_gmt":"2026-01-12T21:38:07","slug":"ihmisoikeusjarjesto-iranin-mielenosoituksissa-kuollut-vahintaan-648-ihmista","status":"publish","type":"post","link":"https:\/\/www.europesays.com\/fi\/140711\/","title":{"rendered":"Ihmisoikeusj\u00e4rjest\u00f6: Iranin mielenosoituksissa kuollut v\u00e4hint\u00e4\u00e4n 648 ihmist\u00e4"},"content":{"rendered":"<p>Iranin mielenosoitukset|Ihmisoikeusj\u00e4rjest\u00f6 Iran Human Rights varoittaa todellisen kuolonuhrien m\u00e4\u00e4r\u00e4n olevan paljon suurempi. Internet-katkos vaikeuttaa tietojen vahvistamista.<\/p>\n<p>Lue tiivistelm\u00e4<\/p>\n<p class=\"article-body mb-nof-24 px-nof-16 sndp-summary-bullet-point-font\">Iranin mielenosoituksissa on kuollut v\u00e4hint\u00e4\u00e4n 648 ihmist\u00e4, kertoo norjalainen ihmisoikeusj\u00e4rjest\u00f6 Iran Human Rights.<\/p>\n<p class=\"article-body mb-nof-24 px-nof-16 sndp-summary-bullet-point-font\">J\u00e4rjest\u00f6 varoittaa todellisen kuolonuhrim\u00e4\u00e4r\u00e4n olevan paljon suurempi, ja internet-katkos vaikeuttaa tietojen vahvistamista.<\/p>\n<p class=\"article-body mb-nof-24 px-nof-16 sndp-summary-bullet-point-font\">Mielenosoitukset alkoivat joulukuun lopussa taloudellisista syist\u00e4 ja ovat kasvaneet yhdeksi suurimmista haasteista Iranin hallinnolle sitten vuoden 1979 vallankumouksen.<\/p>\n<p class=\"article-body mb-nof-24 px-nof-16\">Iranin mielenosoituksissa on kuollut v\u00e4hint\u00e4\u00e4n 648 ihmist\u00e4, kertoo norjalainen ihmisoikeusj\u00e4rjest\u00f6 Iran Human Rights (IHR) maanantai-iltana. Uhrien joukossa on yhdeks\u00e4n alaik\u00e4ist\u00e4. IHR-tietoja levitti uutistoimisto AFP.<\/p>\n<p class=\"article-body mb-nof-24 px-nof-16\">J\u00e4rjest\u00f6 varoittaa todellisen kuolonuhrim\u00e4\u00e4r\u00e4n olevan paljon suurempi. Joidenkin arvioiden mukaan kuolleita olisi yli 6\u202f000. Tuhansia ihmisi\u00e4 on loukkaantunut ja arviolta 10\u202f000 on pid\u00e4tetty.<\/p>\n<p class=\"article-body mb-nof-24 px-nof-16\">\u201dKansainv\u00e4lisell\u00e4 yhteis\u00f6ll\u00e4 on velvollisuus suojella siviilimielenosoittajia Iranin islamilaisen tasavallan joukkomurhilta\u201d, sanoi j\u00e4rjest\u00f6n johtaja <a class=\"font-bold underline-offset-[0.12em] [text-decoration:var(--person-link-text-decoration)] ![text-decoration-color:var(--person-link-text-decoration-color)]\" href=\"https:\/\/www.hs.fi\/haku\/?query=Mahmood%20Amiry-Moghaddam\" rel=\"nofollow noopener\" target=\"_blank\">Mahmood Amiry-Moghaddam<\/a> AFP:lle.<\/p>\n<p class=\"article-body mb-nof-24 px-nof-16\">IHR -j\u00e4rjest\u00f6n tietoja ei ole voitu vahvistaa riippumattomasti. Eri l\u00e4hteet esitt\u00e4v\u00e4t toisistaan poikkeavia arvioita uhrien m\u00e4\u00e4r\u00e4st\u00e4.<\/p>\n<p class=\"article-body mb-nof-24 px-nof-16\">Esimerkiksi ven\u00e4l\u00e4inen uutistoimisto Ria <a class=\"underline underline-offset-[0.12em] [text-decoration-thickness:var(--generic-link-underline-thickness)] [text-decoration-color:var(--generic-link-underline-color)] [text-decoration-skip-ink:var(--generic-link-underline-skip-ink)] break-words\" href=\"https:\/\/ria.ru\/20260112\/iran-2067450296.html\" rel=\"nofollow noopener\" target=\"_blank\">kertoi <\/a>maanantai iltana Iranin lainvalvontaviranomaisten omiin l\u00e4hteisiin viitaten, ett\u00e4 levottomuuksien aikana on kuollut yli 500 poliisia ja siviili\u00e4.<\/p>\n<p class=\"article-body mb-nof-24 px-nof-16\">Maanantaiaamuna Yhdysvalloissa toimiva Human Rights Activists News Agency (HRNA) raportoi 599 kuolleesta. Uutistoimisto AP kertoi pit\u00e4v\u00e4ns\u00e4 HRNA:n tietoja luotettavina. Samalla kuitenkin todettiin, ett\u00e4 kuolonuhrien m\u00e4\u00e4r\u00e4n seuraaminen on vaikeaa, koska sek\u00e4 internet ett\u00e4 kansainv\u00e4liset puhelinyhteydet Iranissa on katkaistu.<\/p>\n<p class=\"article-body mb-nof-24 px-nof-16\">Mielenosoitukset alkoivat Iranissa joulukuun lopussa alun perin taloudellisista syist\u00e4. Ne ovat kasvaneet yhdeksi suurimmista haasteista Iranin teokraattiselle hallinnolle sitten vuoden 1979 vallankumouksen.<\/p>\n<p class=\"article-body mb-nof-24 px-nof-16\">Viimeksi Iranissa oli laajoja mielenosoituksia vuonna 2022, kun 22-vuotias <a class=\"font-bold underline-offset-[0.12em] [text-decoration:var(--person-link-text-decoration)] ![text-decoration-color:var(--person-link-text-decoration-color)]\" href=\"https:\/\/www.hs.fi\/haku\/?query=Mahsa%20Amini\" rel=\"nofollow noopener\" target=\"_blank\">Mahsa Amini <\/a>kuoli poliisin pid\u00e4tt\u00e4m\u00e4n\u00e4. Tuolloin mielenosoituksissa kuoli ihmisoikeusj\u00e4rjest\u00f6jen mukaan ainakin 551 ihmist\u00e4.<\/p>\n","protected":false},"excerpt":{"rendered":"Iranin mielenosoitukset|Ihmisoikeusj\u00e4rjest\u00f6 Iran Human Rights varoittaa todellisen kuolonuhrien m\u00e4\u00e4r\u00e4n olevan paljon suurempi. Internet-katkos vaikeuttaa tietojen vahvistamista. Lue tiivistelm\u00e4&hellip;\n","protected":false},"author":2,"featured_media":140712,"comment_status":"","ping_status":"","sticky":false,"template":"","format":"standard","meta":{"footnotes":""},"categories":[14],"tags":[22,23,26,27,33,31,30,17,46,24,25,28,29,15,18,21,32,19,20,56,16,59,60,61],"class_list":{"0":"post-140711","1":"post","2":"type-post","3":"status-publish","4":"format-standard","5":"has-post-thumbnail","7":"category-ulkomaat","8":"tag-breaking-news","9":"tag-breakingnews","10":"tag-featured-news","11":"tag-featurednews","12":"tag-fi","13":"tag-finland","14":"tag-finnish","15":"tag-headlines","16":"tag-helsingin-sanomat","17":"tag-latest-news","18":"tag-latestnews","19":"tag-main-news","20":"tag-mainnews","21":"tag-news","22":"tag-otsikot","23":"tag-paauutiset","24":"tag-suomi","25":"tag-top-stories","26":"tag-topstories","27":"tag-ulkomaat","28":"tag-uutiset","29":"tag-world","30":"tag-world-news","31":"tag-worldnews"},"share_on_mastodon":{"url":"https:\/\/pubeurope.com\/@fi\/115884294331622521","error":""},"_links":{"self":[{"href":"https:\/\/www.europesays.com\/fi\/wp-json\/wp\/v2\/posts\/140711","targetHints":{"allow":["GET"]}}],"collection":[{"href":"https:\/\/www.europesays.com\/fi\/wp-json\/wp\/v2\/posts"}],"about":[{"href":"https:\/\/www.europesays.com\/fi\/wp-json\/wp\/v2\/types\/post"}],"author":[{"embeddable":true,"href":"https:\/\/www.europesays.com\/fi\/wp-json\/wp\/v2\/users\/2"}],"replies":[{"embeddable":true,"href":"https:\/\/www.europesays.com\/fi\/wp-json\/wp\/v2\/comments?post=140711"}],"version-history":[{"count":0,"href":"https:\/\/www.europesays.com\/fi\/wp-json\/wp\/v2\/posts\/140711\/revisions"}],"wp:featuredmedia":[{"embeddable":true,"href":"https:\/\/www.europesays.com\/fi\/wp-json\/wp\/v2\/media\/140712"}],"wp:attachment":[{"href":"https:\/\/www.europesays.com\/fi\/wp-json\/wp\/v2\/media?parent=140711"}],"wp:term":[{"taxonomy":"category","embeddable":true,"href":"https:\/\/www.europesays.com\/fi\/wp-json\/wp\/v2\/categories?post=140711"},{"taxonomy":"post_tag","embeddable":true,"href":"https:\/\/www.europesays.com\/fi\/wp-json\/wp\/v2\/tags?post=140711"}],"curies":[{"name":"wp","href":"https:\/\/api.w.org\/{rel}","templated":true}]}}