{"id":140714,"date":"2026-01-12T21:40:09","date_gmt":"2026-01-12T21:40:09","guid":{"rendered":"https:\/\/www.europesays.com\/fi\/140714\/"},"modified":"2026-01-12T21:40:09","modified_gmt":"2026-01-12T21:40:09","slug":"jari-saario-pelastettiin-kuka-maksaa-ei-saario-tai-suomi-2","status":"publish","type":"post","link":"https:\/\/www.europesays.com\/fi\/140714\/","title":{"rendered":"Jari Saario pelastettiin \u2013 kuka maksaa? Ei Saario tai Suomi"},"content":{"rendered":"<p>Merih\u00e4t\u00e4|Jari Saario ei itse joudu maksamaan euroakaan pelastusoperaatiosta.<\/p>\n<p>Lue tiivistelm\u00e4<\/p>\n<p class=\"article-body mb-nof-24 px-nof-16 sndp-summary-bullet-point-font\">Soutaja Jari Saario pelastettiin Etel\u00e4-Atlantilta sunnuntain vastaisena y\u00f6n\u00e4, eik\u00e4 h\u00e4nen tarvitse maksaa pelastusoperaatiosta mit\u00e4\u00e4n.<\/p>\n<p class=\"article-body mb-nof-24 px-nof-16 sndp-summary-bullet-point-font\">Merilaki velvoittaa aluksen p\u00e4\u00e4llik\u00f6n pelastamaan ihmishengen vastaanottaessaan h\u00e4t\u00e4sanoman, ja pelastettava ei joudu maksumieheksi.<\/p>\n<p class=\"article-body mb-nof-24 px-nof-16 sndp-summary-bullet-point-font\">Saarion pelastaneen kauppa-aluksen Cymona Eaglen lis\u00e4kustannukset korvaa varustamoiden yll\u00e4pit\u00e4m\u00e4 P&amp;I-vastuuvakuutus.<\/p>\n<p class=\"article-body mb-nof-24 px-nof-16\">Soutaja <a class=\"font-bold underline-offset-[0.12em] [text-decoration:var(--person-link-text-decoration)] ![text-decoration-color:var(--person-link-text-decoration-color)]\" href=\"https:\/\/www.hs.fi\/haku\/?query=Jari%20Saarion\" rel=\"nofollow noopener\" target=\"_blank\">Jari Saarion<\/a> pelastamiseen liittyv\u00e4t kustannukset ovat her\u00e4tt\u00e4neet pohdintoja miehen yksinsoutua seuranneissa.<\/p>\n<p class=\"article-body mb-nof-24 px-nof-16\">Saario joutui merih\u00e4t\u00e4\u00e4n perjantai-iltana Suomen aikaa matkallaan Etel\u00e4-Amerikan etel\u00e4k\u00e4rjest\u00e4 Kap Hornista Afrikan etel\u00e4k\u00e4rkeen Kapkaupunkiin.<\/p>\n<p class=\"article-body mb-nof-24 px-nof-16\">Merenkulun lehtori ja merikapteeni <a class=\"font-bold underline-offset-[0.12em] [text-decoration:var(--person-link-text-decoration)] ![text-decoration-color:var(--person-link-text-decoration-color)]\" href=\"https:\/\/www.hs.fi\/haku\/?query=Sampsa%20Sihvola\" rel=\"nofollow noopener\" target=\"_blank\">Sampsa Sihvola<\/a> vahvistaa, ett\u00e4 hengenpelastuksesta ei l\u00e4ht\u00f6kohtaisesti makseta korvausta. Miss\u00e4\u00e4n tapauksessa pelastettava ei joudu maksumieheksi. My\u00f6sk\u00e4\u00e4n Suomelle ei pelastusoperaatiosta kuluja tule.<\/p>\n<p class=\"article-body mb-nof-24 px-nof-16\">\u201dMerilaki velvoittaa pelastamaan ihmishengen. Eli aluksen p\u00e4\u00e4llikk\u00f6 on \u2013 vaarantamatta omaa alusta tai omassa aluksessa olevia \u2013 velvoitettu pelastamaan ihmishengen vastaanottaessaan h\u00e4t\u00e4sanoman\u201d, Sihvola toteaa.<\/p>\n<p class=\"article-body mb-nof-24 px-nof-16\">\u201dJos vastaanottaa h\u00e4t\u00e4sanoman eik\u00e4 ala pelastustoimiin, siit\u00e4 tulee rangaista.\u201d<\/p>\n<p><img decoding=\"async\" src=\"https:\/\/www.europesays.com\/fi\/wp-content\/uploads\/2026\/01\/1768239907_488_468.jpg\" alt=\"Jari Saario kertoi pelastumisestaan Instagramin tarinoissaan sunnuntaina.\" class=\"_Img_1rerz_1\" style=\"aspect-ratio:0.5666666666666667\" loading=\"eager\"\/><\/p>\n<p class=\"article-picture-caption\">Jari Saario kertoi pelastumisestaan Instagramin tarinoissaan sunnuntaina. Kuva:\u00a0Jari Saarion kuva-albumi<\/p>\n<p class=\"article-body mb-nof-24 px-nof-16\">Kustannusten kannalta merkityst\u00e4 on sill\u00e4, ett\u00e4 Saarion vene j\u00e4i Atlantille. Vene oli Saarion mukaan maksanut noin 140\u202f000 euroa. Jos vene olisi otettu mukaan, olisi pelastuksen hoitaneella varustamolla oikeus korvauksiin.<\/p>\n<p class=\"article-body mb-nof-24 px-nof-16\">\u201dMeripelastuspalkkio lasketaan omaisuuden arvosta, ja palkkion laskemisessa otetaan huomioon muun muassa tilanteen vakavuus ja vaara, johon pelastaja on itsens\u00e4 asettanut.\u201d<\/p>\n<p class=\"article-body mb-nof-24 px-nof-16\">\u201dVelvollisuus on pelastaa ihmishenki, ei omaisuutta. Ihmishengelle ei voi laskea arvoa.\u201d<\/p>\n<p><img decoding=\"async\" src=\"https:\/\/www.europesays.com\/fi\/wp-content\/uploads\/2026\/01\/1768204028_699_468.jpg\" alt=\"Saarion vene j\u00e4i Atlantille.\" class=\"_Img_1rerz_1\" style=\"aspect-ratio:0.80625\" loading=\"eager\"\/><\/p>\n<p class=\"article-picture-caption\">Saarion vene j\u00e4i Atlantille. Kuva:\u00a0Jari Saarion kuva-albumi<\/p>\n<p class=\"article-body mb-nof-24 px-nof-16\">Ent\u00e4 viiv\u00e4stymisest\u00e4 aiheutuvat kustannukset?<\/p>\n<p class=\"article-body mb-nof-24 px-nof-16\">Saario pelastettiin Cymona Eagle -nimisen kauppa-aluksen kyytiin. Meripelastuslaitoksen arvion mukaan aluksen matka Kapkaupunkiin kest\u00e4\u00e4 noin viisi vuorokautta, joten se olisi perill\u00e4 16. tammikuuta.<\/p>\n<p class=\"article-body mb-nof-24 px-nof-16\">Aluksen m\u00e4\u00e4r\u00e4np\u00e4\u00e4 on tietojen mukaan Bangladesh, joten viiv\u00e4styst\u00e4 ja sit\u00e4 kautta lis\u00e4kustannuksia koituu.<\/p>\n<p class=\"article-body mb-nof-24 px-nof-16\">Kaikilla laivayhti\u00f6ill\u00e4 on kuitenkin P&amp;I (Protection &amp; Indemnity) -vastuuvakuutus, jonka on tarkoitus korvata esimerkiksi pelastusteht\u00e4vien aiheuttamat ylim\u00e4\u00e4r\u00e4iset kustannukset.<\/p>\n<p class=\"article-body mb-nof-24 px-nof-16\">P&amp;I-vakuutusj\u00e4rjestelm\u00e4 on varustamoiden yll\u00e4pit\u00e4m\u00e4. Saarion tapauksen kannalta olennaista on, ett\u00e4 vakuutuksen ansiosta Cymona Eaglen kapteenin ei tarvinnut puntaroida pelastamisen mahdollisia kustannuksia.<\/p>\n<p class=\"article-body mb-nof-24 px-nof-16\">\u201dSysteemi on tehty sellaiseksi, ett\u00e4 jos h\u00e4t\u00e4kutsu tulee, niin siihen reagoidaan\u201d, Sihvola tiivist\u00e4\u00e4.<\/p>\n","protected":false},"excerpt":{"rendered":"Merih\u00e4t\u00e4|Jari Saario ei itse joudu maksamaan euroakaan pelastusoperaatiosta. Lue tiivistelm\u00e4 Soutaja Jari Saario pelastettiin Etel\u00e4-Atlantilta sunnuntain vastaisena y\u00f6n\u00e4,&hellip;\n","protected":false},"author":2,"featured_media":140715,"comment_status":"","ping_status":"","sticky":false,"template":"","format":"standard","meta":{"footnotes":""},"categories":[5],"tags":[22,23,26,27,33,31,30,17,46,24,25,28,29,15,18,21,32,19,20,16],"class_list":{"0":"post-140714","1":"post","2":"type-post","3":"status-publish","4":"format-standard","5":"has-post-thumbnail","7":"category-otsikot","8":"tag-breaking-news","9":"tag-breakingnews","10":"tag-featured-news","11":"tag-featurednews","12":"tag-fi","13":"tag-finland","14":"tag-finnish","15":"tag-headlines","16":"tag-helsingin-sanomat","17":"tag-latest-news","18":"tag-latestnews","19":"tag-main-news","20":"tag-mainnews","21":"tag-news","22":"tag-otsikot","23":"tag-paauutiset","24":"tag-suomi","25":"tag-top-stories","26":"tag-topstories","27":"tag-uutiset"},"share_on_mastodon":{"url":"https:\/\/pubeurope.com\/@fi\/115884302188505932","error":""},"_links":{"self":[{"href":"https:\/\/www.europesays.com\/fi\/wp-json\/wp\/v2\/posts\/140714","targetHints":{"allow":["GET"]}}],"collection":[{"href":"https:\/\/www.europesays.com\/fi\/wp-json\/wp\/v2\/posts"}],"about":[{"href":"https:\/\/www.europesays.com\/fi\/wp-json\/wp\/v2\/types\/post"}],"author":[{"embeddable":true,"href":"https:\/\/www.europesays.com\/fi\/wp-json\/wp\/v2\/users\/2"}],"replies":[{"embeddable":true,"href":"https:\/\/www.europesays.com\/fi\/wp-json\/wp\/v2\/comments?post=140714"}],"version-history":[{"count":0,"href":"https:\/\/www.europesays.com\/fi\/wp-json\/wp\/v2\/posts\/140714\/revisions"}],"wp:featuredmedia":[{"embeddable":true,"href":"https:\/\/www.europesays.com\/fi\/wp-json\/wp\/v2\/media\/140715"}],"wp:attachment":[{"href":"https:\/\/www.europesays.com\/fi\/wp-json\/wp\/v2\/media?parent=140714"}],"wp:term":[{"taxonomy":"category","embeddable":true,"href":"https:\/\/www.europesays.com\/fi\/wp-json\/wp\/v2\/categories?post=140714"},{"taxonomy":"post_tag","embeddable":true,"href":"https:\/\/www.europesays.com\/fi\/wp-json\/wp\/v2\/tags?post=140714"}],"curies":[{"name":"wp","href":"https:\/\/api.w.org\/{rel}","templated":true}]}}