{"id":140740,"date":"2026-01-12T22:32:08","date_gmt":"2026-01-12T22:32:08","guid":{"rendered":"https:\/\/www.europesays.com\/fi\/140740\/"},"modified":"2026-01-12T22:32:08","modified_gmt":"2026-01-12T22:32:08","slug":"nain-varustamon-toimitusjohtaja-kommentoi-jari-saarion-pelastamista","status":"publish","type":"post","link":"https:\/\/www.europesays.com\/fi\/140740\/","title":{"rendered":"N\u00e4in varustamon toimitusjohtaja kommentoi Jari Saarion pelastamista"},"content":{"rendered":"<p>Jari Saario on rahtilaivan kyydiss\u00e4 matkalla kohti Kapkaupunkia.<\/p>\n<p>Jari Saario pelastettiin merih\u00e4d\u00e4st\u00e4.<\/p>\n<p>12.1. 20:50<\/p>\n<p class=\"article-body mb-nof-24 px-nof-16\">Soutaja <a class=\"font-bold underline-offset-[0.12em] [text-decoration:var(--person-link-text-decoration)] ![text-decoration-color:var(--person-link-text-decoration-color)]\" href=\"https:\/\/www.is.fi\/haku\/?query=Jari%20Saario\" rel=\"nofollow noopener\" target=\"_blank\">Jari Saario<\/a> voi hyvin, ja h\u00e4nen vointiaan tarkkaillaan jatkuvasti, kertoo Alassia-varustamon toimitusjohtaja <a class=\"font-bold underline-offset-[0.12em] [text-decoration:var(--person-link-text-decoration)] ![text-decoration-color:var(--person-link-text-decoration-color)]\" href=\"https:\/\/www.is.fi\/haku\/?query=Basil%20Sakellis\" rel=\"nofollow noopener\" target=\"_blank\">Basil Sakellis<\/a>.<\/p>\n<p class=\"article-body mb-nof-24 px-nof-16\">Alassia-varustamon alus Cymona Eagle pelasti merih\u00e4t\u00e4\u00e4n joutuneen Saarion viikonloppuna. Toimitus pyysi Alassiaa auttamaan saamaan yhteyden Cymona Eaglella pelastusoperaatioista tiet\u00e4v\u00e4\u00e4n tahoon. Sen sijasta toimitukseen soitti Sakellis.<\/p>\n<p class=\"article-body mb-nof-24 px-nof-16\">Sakellis kertoo, ett\u00e4 Saarion pelastusoperaatio oli vaikea, mutta t\u00e4rkein onnistui eli soutajan pelastaminen. Muilta osin Sakellis on vaitonainen. H\u00e4n ei kerro yksityiskohtia operaatiosta.<\/p>\n<p class=\"article-body mb-nof-24 px-nof-16\">\u2013\u2009H\u00e4n on tiet\u00e4\u00e4kseni hyv\u00e4ss\u00e4 kunnossa. Aluksemme on ohjattu Kapkaupunkiin, ja siell\u00e4 soutaja poistuu laivasta. Tilanne oli kaikkiaan haastava, mutta lopputulos oli onnellinen, Sakellis kertoo.<\/p>\n<p class=\"article-body mb-nof-24 px-nof-16\">\u2013\u2009Kaikki t\u00e4m\u00e4 tapahtui viikonlopun aikana. Kaikki konttorilla ja aluksella ovat olleet hyvin kiireisi\u00e4 pelastustoimien kanssa ja varmistaakseen soutajan turvallisuuden, joten yksityiskohtia pelastustoimista ei voi t\u00e4ll\u00e4 hetkell\u00e4 antaa.<\/p>\n<p class=\"article-body mb-nof-24 px-nof-16\">Alus oli matkalla Argentiinan Puerto Williamsista Bangladeshiin ennen kuin se sai Saarion h\u00e4t\u00e4kutsun ja m\u00e4\u00e4r\u00e4ttiin viem\u00e4\u00e4n soutaja Kapkaupunkiin.<\/p>\n<p class=\"article-body mb-nof-24 px-nof-16\">Aiheutuiko alukselle merkitt\u00e4v\u00e4 viiv\u00e4stys tai varustamolle kustannuksia operaation vuoksi?<\/p>\n<p class=\"article-body mb-nof-24 px-nof-16\">\u2013\u2009Itse rahdin suhteen ei ole ongelmia. Toki on selv\u00e4\u00e4, ett\u00e4 aluksen aikataulu on viiv\u00e4stynyt. Se on kuitenkin toissijaista t\u00e4ll\u00e4 hetkell\u00e4, kuten kaikki rahtiin ja taloudellisiin seikkoihin liittyen. Saarion saaminen turvaan on t\u00e4rkeint\u00e4. Merenkulkijamme ansaitsevat suuren kunnian toiminnastaan.<\/p>\n<p class=\"article-body mb-nof-24 px-nof-16\">Sakellis kertoo olevansa eritt\u00e4in ylpe\u00e4 aluksen miehist\u00f6n toiminnasta.<\/p>\n<p class=\"article-body mb-nof-24 px-nof-16\">\u2013\u2009Miehist\u00f6 toimi eritt\u00e4in ammattimaisesti, kun he kuulivat, ett\u00e4 joku oli merih\u00e4d\u00e4ss\u00e4. ihmishenkien varjeleminen on yksi keskeisist\u00e4 eettisist\u00e4 vastuistamme merell\u00e4. Sek\u00e4 v\u00e4ki t\u00e4\u00e4ll\u00e4 toimistolla ett\u00e4 erityisesti aluksen miehist\u00f6 toimi todella humaanisti, eettisesti ja ammattimaisesti.<\/p>\n","protected":false},"excerpt":{"rendered":"Jari Saario on rahtilaivan kyydiss\u00e4 matkalla kohti Kapkaupunkia. Jari Saario pelastettiin merih\u00e4d\u00e4st\u00e4. 12.1. 20:50 Soutaja Jari Saario voi&hellip;\n","protected":false},"author":2,"featured_media":140741,"comment_status":"","ping_status":"","sticky":false,"template":"","format":"standard","meta":{"footnotes":""},"categories":[5],"tags":[22,23,26,27,33,31,30,17,34,24,25,28,29,15,18,21,32,19,20,16],"class_list":{"0":"post-140740","1":"post","2":"type-post","3":"status-publish","4":"format-standard","5":"has-post-thumbnail","7":"category-otsikot","8":"tag-breaking-news","9":"tag-breakingnews","10":"tag-featured-news","11":"tag-featurednews","12":"tag-fi","13":"tag-finland","14":"tag-finnish","15":"tag-headlines","16":"tag-ilta-sanomat","17":"tag-latest-news","18":"tag-latestnews","19":"tag-main-news","20":"tag-mainnews","21":"tag-news","22":"tag-otsikot","23":"tag-paauutiset","24":"tag-suomi","25":"tag-top-stories","26":"tag-topstories","27":"tag-uutiset"},"share_on_mastodon":{"url":"https:\/\/pubeurope.com\/@fi\/115884506675164303","error":""},"_links":{"self":[{"href":"https:\/\/www.europesays.com\/fi\/wp-json\/wp\/v2\/posts\/140740","targetHints":{"allow":["GET"]}}],"collection":[{"href":"https:\/\/www.europesays.com\/fi\/wp-json\/wp\/v2\/posts"}],"about":[{"href":"https:\/\/www.europesays.com\/fi\/wp-json\/wp\/v2\/types\/post"}],"author":[{"embeddable":true,"href":"https:\/\/www.europesays.com\/fi\/wp-json\/wp\/v2\/users\/2"}],"replies":[{"embeddable":true,"href":"https:\/\/www.europesays.com\/fi\/wp-json\/wp\/v2\/comments?post=140740"}],"version-history":[{"count":0,"href":"https:\/\/www.europesays.com\/fi\/wp-json\/wp\/v2\/posts\/140740\/revisions"}],"wp:featuredmedia":[{"embeddable":true,"href":"https:\/\/www.europesays.com\/fi\/wp-json\/wp\/v2\/media\/140741"}],"wp:attachment":[{"href":"https:\/\/www.europesays.com\/fi\/wp-json\/wp\/v2\/media?parent=140740"}],"wp:term":[{"taxonomy":"category","embeddable":true,"href":"https:\/\/www.europesays.com\/fi\/wp-json\/wp\/v2\/categories?post=140740"},{"taxonomy":"post_tag","embeddable":true,"href":"https:\/\/www.europesays.com\/fi\/wp-json\/wp\/v2\/tags?post=140740"}],"curies":[{"name":"wp","href":"https:\/\/api.w.org\/{rel}","templated":true}]}}