{"id":140742,"date":"2026-01-12T22:47:07","date_gmt":"2026-01-12T22:47:07","guid":{"rendered":"https:\/\/www.europesays.com\/fi\/140742\/"},"modified":"2026-01-12T22:47:07","modified_gmt":"2026-01-12T22:47:07","slug":"salkkarit-hahmot-tyrmistyvat-ehdotuksesta-voittehan-te-vahan-skarpata","status":"publish","type":"post","link":"https:\/\/www.europesays.com\/fi\/140742\/","title":{"rendered":"Salkkarit-hahmot tyrmistyv\u00e4t ehdotuksesta: &#8221;Voittehan te v\u00e4h\u00e4n skarpata&#8221;"},"content":{"rendered":"<p><strong class=\"typography-bold\">Salkkareissa Dahlia ja Salla p\u00e4\u00e4tt\u00e4v\u00e4t uudistaa miestens\u00e4 tyylin.\u00a0<\/strong><\/p>\n<p><a class=\"cursor-pointer underline\" data-testid=\"internal-link\" role=\"link\" data-sentry-element=\"Link\" data-sentry-component=\"InternalLink\" data-sentry-source-file=\"InternalLink.tsx\" href=\"https:\/\/www.mtvuutiset.fi\/aihe\/salatut-elamat\/2889940\" rel=\"nofollow noopener\" target=\"_blank\">Salatut el\u00e4m\u00e4t<\/a> -sarjassa maanantaina n\u00e4ht\u00e4v\u00e4ss\u00e4 jaksossa Salla ja Dahlia p\u00e4ivittelev\u00e4t Karin ja Gunnarin v\u00e4linpit\u00e4m\u00e4t\u00f6nt\u00e4 asennetta tulevaa tv-t\u00e4hteytt\u00e4\u00e4n kohtaan.\u00a0<\/p>\n<p>He p\u00e4\u00e4tt\u00e4v\u00e4t p\u00e4ivitt\u00e4\u00e4 miestens\u00e4 tyylin kuvaruutuun sopivammaksi.\u00a0<\/p>\n<p><img alt=\"4873 02 salla kari gunnar dahlia (1)\" data-testid=\"crops-image\" class=\"h-full w-full object-cover transition duration-700 ease-in-out hover:scale-[1.05]\" fetchpriority=\"low\" loading=\"lazy\" width=\"1024\" height=\"576\" decoding=\"async\" style=\"color:transparent;background-size:cover;background-position:50% 50%;background-repeat:no-repeat;background-image:url(&quot;data:image\/svg+xml;base64,Cjxzdmcgd2lkdGg9IjEwMjQiIGhlaWdodD0iNTc2IiB2ZXJzaW9uPSIxLjEiIHhtbG5zPSJodHRwOi8vd3d3LnczLm9yZy8yMDAwL3N2ZyIgeG1sbnM6eGxpbms9Imh0dHA6Ly93d3cudzMub3JnLzE5OTkveGxpbmsiPgogIDxkZWZzPgogICAgPGxpbmVhckdyYWRpZW50IGlkPSJnIj4KICAgICAgPHN0b3Agc3RvcC1jb2xvcj0iIzBCMTgyMyIgb2Zmc2V0PSIyMCUiIC8+CiAgICAgIDxzdG9wIHN0b3AtY29sb3I9IiMxQTI3MzIiIG9mZnNldD0iNTAlIiAvPgogICAgICA8c3RvcCBzdG9wLWNvbG9yPSIjMEIxODIzIiBvZmZzZXQ9IjcwJSIgLz4KICAgIDwvbGluZWFyR3JhZGllbnQ+CiAgPC9kZWZzPgogIDxyZWN0IHdpZHRoPSIxMDI0IiBoZWlnaHQ9IjU3NiIgZmlsbD0iIzBCMTgyMyIgLz4KICA8cmVjdCBpZD0iciIgd2lkdGg9IjEwMjQiIGhlaWdodD0iNTc2IiBmaWxsPSJ1cmwoI2cpIiAvPgogIDxhbmltYXRlIHhsaW5rOmhyZWY9IiNyIiBhdHRyaWJ1dGVOYW1lPSJ4IiBmcm9tPSItMTAyNCIgdG89IjEwMjQiIGR1cj0iMXMiIHJlcGVhdENvdW50PSJpbmRlZmluaXRlIiAgLz4KPC9zdmc+&quot;)\" src=\"https:\/\/www.mtvuutiset.fi\/_next\/image?url=https%3A%2F%2Fapi.mtvuutiset.fi%2Fgraphql%2Fcaas%2Fv1%2Fmedia%2F9281204%2Fdata%2F34ee2013ced0d58527c5186a5ca8706e%2Flandscape16_9%2F1024%2F4873-02-salla-kari-gunnar-dahlia-1.jpg&amp;w=1600&amp;q=80\"\/>Salkkareissa Dahlia ja Salla p\u00e4\u00e4tt\u00e4v\u00e4t uudistaa miestens\u00e4 tyylin.<\/p>\n<p>Mieskaksikko harmistuu, kun kuulee Sallan ja Dahlian muodonmuutossuunnitelmista.\u00a0<\/p>\n<p>\u2013 Ei se ole mik\u00e4\u00e4n muotiohjelma, Gunnar valittaa.\u00a0<\/p>\n<p>\u2013 Mutta voittehan te nyt v\u00e4h\u00e4n skarpata tyylillisesti ja muutenkin, Salla vastaa.\u00a0<\/p>\n<p><strong class=\"typography-bold\">Katso esimakua jaksosta ylh\u00e4\u00e4ll\u00e4 olevalta videolta!<\/strong><\/p>\n<p><strong class=\"typography-bold\">Salatut el\u00e4m\u00e4t<\/strong><strong class=\"typography-bold\">\u00a0ma-to <\/strong><a class=\"underline\" data-testid=\"external-link\" href=\"http:\/\/mtv.fi\" rel=\"noopener noreferrer nofollow\" target=\"_blank\" data-sentry-component=\"ExternalLink\" data-sentry-source-file=\"ExternalLink.tsx\"><strong class=\"typography-bold\">MTV Katsomossa<\/strong><\/a><strong class=\"typography-bold\">\u00a0ja klo 19.30 MTV3-kanavalla. Jaksot ennakkoon <\/strong><a class=\"underline\" data-testid=\"external-link\" href=\"https:\/\/www.mtv.fi\/ohjelma\/b7cd2861074f79d2ca1e\/salatut-elamat\" rel=\"noopener noreferrer nofollow\" data-sentry-component=\"ExternalLink\" data-sentry-source-file=\"ExternalLink.tsx\" target=\"_blank\"><strong class=\"typography-bold\">MTV Katsomo+ <\/strong><\/a><strong class=\"typography-bold\">-tilauksella perjantaisin.<\/strong><\/p>\n","protected":false},"excerpt":{"rendered":"Salkkareissa Dahlia ja Salla p\u00e4\u00e4tt\u00e4v\u00e4t uudistaa miestens\u00e4 tyylin.\u00a0 Salatut el\u00e4m\u00e4t -sarjassa maanantaina n\u00e4ht\u00e4v\u00e4ss\u00e4 jaksossa Salla ja Dahlia p\u00e4ivittelev\u00e4t&hellip;\n","protected":false},"author":2,"featured_media":140743,"comment_status":"","ping_status":"","sticky":false,"template":"","format":"standard","meta":{"footnotes":""},"categories":[133],"tags":[137,33,31,30,32,206,156,109],"class_list":{"0":"post-140742","1":"post","2":"type-post","3":"status-publish","4":"format-standard","5":"has-post-thumbnail","7":"category-televisiot","8":"tag-entertainment","9":"tag-fi","10":"tag-finland","11":"tag-finnish","12":"tag-suomi","13":"tag-televisiot","14":"tag-tv","15":"tag-viihde"},"share_on_mastodon":{"url":"https:\/\/pubeurope.com\/@fi\/115884565642251556","error":""},"_links":{"self":[{"href":"https:\/\/www.europesays.com\/fi\/wp-json\/wp\/v2\/posts\/140742","targetHints":{"allow":["GET"]}}],"collection":[{"href":"https:\/\/www.europesays.com\/fi\/wp-json\/wp\/v2\/posts"}],"about":[{"href":"https:\/\/www.europesays.com\/fi\/wp-json\/wp\/v2\/types\/post"}],"author":[{"embeddable":true,"href":"https:\/\/www.europesays.com\/fi\/wp-json\/wp\/v2\/users\/2"}],"replies":[{"embeddable":true,"href":"https:\/\/www.europesays.com\/fi\/wp-json\/wp\/v2\/comments?post=140742"}],"version-history":[{"count":0,"href":"https:\/\/www.europesays.com\/fi\/wp-json\/wp\/v2\/posts\/140742\/revisions"}],"wp:featuredmedia":[{"embeddable":true,"href":"https:\/\/www.europesays.com\/fi\/wp-json\/wp\/v2\/media\/140743"}],"wp:attachment":[{"href":"https:\/\/www.europesays.com\/fi\/wp-json\/wp\/v2\/media?parent=140742"}],"wp:term":[{"taxonomy":"category","embeddable":true,"href":"https:\/\/www.europesays.com\/fi\/wp-json\/wp\/v2\/categories?post=140742"},{"taxonomy":"post_tag","embeddable":true,"href":"https:\/\/www.europesays.com\/fi\/wp-json\/wp\/v2\/tags?post=140742"}],"curies":[{"name":"wp","href":"https:\/\/api.w.org\/{rel}","templated":true}]}}