{"id":140746,"date":"2026-01-12T22:52:07","date_gmt":"2026-01-12T22:52:07","guid":{"rendered":"https:\/\/www.europesays.com\/fi\/140746\/"},"modified":"2026-01-12T22:52:07","modified_gmt":"2026-01-12T22:52:07","slug":"tavara-asema-tayttaa-3-vuotta-koe-useasti-palkitun-tapahtumatalon-keikat-itse-uutiset","status":"publish","type":"post","link":"https:\/\/www.europesays.com\/fi\/140746\/","title":{"rendered":"Tavara-asema t\u00e4ytt\u00e4\u00e4 3 vuotta \u2013 koe useasti palkitun tapahtumatalon keikat itse! &#8211; Uutiset"},"content":{"rendered":"<p>          13.1.2026 00:01<\/p>\n<p><strong>Tavara-asema t\u00e4ytt\u00e4\u00e4 3 vuotta \u2013 koe useasti palkitun tapahtumatalon keikat itse!<\/strong><\/p>\n<p>Historiallisessa talossa keikkailevat esimerkiksi pop-duo <strong>emma &amp; matilda<\/strong>, ikoninen <strong>Ismo Alanko<\/strong>, Norjan metallisuuruus <strong>Leprous<\/strong>, tuoreimmalta Vain El\u00e4m\u00e4\u00e4 -kaudelta tuttu <strong>Vesta <\/strong>ja Emma-ehdokkuuksia kahminut r\u00e4pp\u00e4ri <strong>Ares<\/strong>. <\/p>\n<p>Tampereen Tavara-asema kutsuu viett\u00e4m\u00e4\u00e4n syntym\u00e4p\u00e4iv\u00e4\u00e4ns\u00e4 vauhdikkaaseen kulttuurikev\u00e4\u00e4seen, joka pit\u00e4\u00e4 sis\u00e4ll\u00e4\u00e4n enn\u00e4tyksellisesti yli 80 tapahtumaa. Ohjelmassa on herkk\u00e4\u00e4 indie-tunnelmointia, suosikkiartistien keikkoja ja metallimusiikin erikoisiltoja \u2013 unohtamatta rakastettuja y\u00f6kerhoja ja p\u00e4iv\u00e4tansseja.<\/p>\n<p>Tavara-asema palkittiin syksyll\u00e4 toistamiseen Music x Median Industry Awards -gaalassa vuoden tapahtumapaikkana, ja liput vuoden 2026 konsertteihin ovat liikkuneet vilkkaasti. Esimerkiksi <strong>KUUMAA<\/strong>-yhtyeell\u00e4 on talossa nelj\u00e4n p\u00e4iv\u00e4n keikkaputki, josta kolme iltaa on jo myyty loppuun. Loppuunmyytyj\u00e4 ovat my\u00f6s tuplakonsertti, jonka <strong>Vesterinen yhtyeineen<\/strong> soittaa maaliskuussa, sek\u00e4<strong> Isac Elliotin<\/strong> huhtikuiset keikat. <\/p>\n<p>\u2013 Meill\u00e4 on kev\u00e4tkaudella enn\u00e4tyksellisen paljon loppuunmyytyj\u00e4 keikkoja, mutta paljon uutta ja j\u00e4nnitt\u00e4v\u00e4\u00e4kin on viel\u00e4 luvassa. Tapahtumakalenteri t\u00e4ydentyy koko ajan, kertoo Tavara-aseman ohjelmap\u00e4\u00e4llikk\u00f6 <strong>Janne Laurila<\/strong>.<\/p>\n<p><strong>Tyylik\u00e4st\u00e4 indiet\u00e4 ja rakastettuja rock-konkareita<\/strong><\/p>\n<p>Omaehtoiset artistit ovat ohjelmistossa vahvasti edustettuina. Tavara-aseman valloittavat muun muassa viidell\u00e4 Emma-ehdokkuudella noteerattu duo emma &amp; matilda, intensiivisen\u00e4 live-esiintyj\u00e4n\u00e4 tunnettu <strong>Antti Autio<\/strong> sek\u00e4 persoonalliset lauluntekij\u00e4t Vesta ja <strong>Orvokki<\/strong>. <\/p>\n<p>Lis\u00e4ksi lavalle nousevat rock-ilmi\u00f6 <strong>Ursus Factory<\/strong>,taidokkaasti improvisoiva <strong>Arppa <\/strong>sek\u00e4 <strong>Maustetyt\u00f6t<\/strong>, joiden keikalle alkuillan tunnelmaa loihtii syd\u00e4nsuruista indiefolkia tarjoileva <strong>helmi marleena<\/strong>.<\/p>\n<p>Pitk\u00e4n linjan suosikeista talossa konsertoivat esimerkiksi klubikiertueelle l\u00e4htev\u00e4 <strong>Egotrippi<\/strong>, suomalaisten sielunmaisemaa useilla vuosikymmenill\u00e4 muovannut Ismo Alanko ja 40-vuotista uraansa juhlistava<strong> A. W. Yrj\u00e4n\u00e4<\/strong>. Nostalgiseen tunnelmointiin kutsuu Suomen suosituin Pink Floyd -tribuuttiyhtye <strong>Pulse<\/strong>, joka esiintyy Tavara-asemalla tammikuussa.<\/p>\n<p>Kev\u00e4\u00e4n kuluessa yleis\u00f6\u00e4 villitsev\u00e4t my\u00f6s roppakaupalla hittej\u00e4 tehtaillut <strong>Arttu <\/strong><strong>Wiskari<\/strong>, positiivisuudellaan hurmaava <strong>Portion Boys<\/strong> ja lavakarismastaan tunnettu <strong>Nelli Matula<\/strong>.<\/p>\n<p><strong>Kiehtovia tulokkaita ja metallimusiikin lumoa<\/strong><\/p>\n<p>Kev\u00e4\u00e4n tapahtumiin on myynniss\u00e4 my\u00f6s ik\u00e4rajattomia lippuja. Nuoret fanit ovat tervetulleita esimerkiksi suosikkivaikuttajien TubeTrio-kiertueelle. Lis\u00e4ksi he p\u00e4\u00e4sev\u00e4t katsomaan Emma-ehdokkuuksia kahmineita r\u00e4pp\u00e4reit\u00e4 Aresia ja <strong>Averagekidlukea <\/strong>sek\u00e4 talvilomalla Tampereelle saapuvia <strong>Jorea &amp; Zpoppaa<\/strong>, jotka ovat tuttuja my\u00f6s Yle X:n L\u00e4pimurto-listalta.<\/p>\n<p>Raskaiden soundien yst\u00e4vi\u00e4 ilahduttavat lukuisat ulkomaiset vieraat: esimerkiksi progemetallin t\u00e4hti Leprous (NOR), kriitikoiden ylist\u00e4m\u00e4 <strong>Jinjer <\/strong>(UKR) ja hard rockin aateliin lukeutuva <strong>Mustasch <\/strong>(SWE). My\u00f6s kovat kotimaiset ovat vahvasti mukana. Tavara-asemalla tykittelev\u00e4t esimerkiksi goottiyhtye <strong>Cemetery Skyline <\/strong>sek\u00e4 doom- ja death-metallia yhdistelev\u00e4 <strong>Swallow The Sun.<\/strong><\/p>\n<p>Erikoisiltojakin on luvassa: <strong>Mokoma <\/strong>hemmottelee yleis\u00f6\u00e4 soittamalla Kuoleman laulukunnaat -levyn koko komeudessaan. \u00c4\u00e4rimetallin taituri <strong>Diablo <\/strong>juhlistaa niin ik\u00e4\u00e4n 20-vuotiasta Mimic47-albumia esitt\u00e4m\u00e4ll\u00e4 kappaleita, joita ei ole aikaisemmin kuultu liven\u00e4. Raskaammaan musiikin yst\u00e4vi\u00e4 kutsuu tanssilattialle puolestaan huhtikuinen <strong>Emodisko<\/strong>.<\/p>\n<p><strong>Juhlahumua ja idyllisi\u00e4 Uusi Tampere -iltoja<\/strong><\/p>\n<p>Tavara-aseman kev\u00e4tkausi pit\u00e4\u00e4 sis\u00e4ll\u00e4\u00e4n useita riemukkaita erikoistapahtumia. Helmikuussa kokoonnutaan <strong>Hang The DJ<\/strong>:n yst\u00e4v\u00e4np\u00e4iv\u00e4bileisiin, ja talon omissa p\u00e4\u00e4si\u00e4iskarkeloissa tunnelmaa nostattavat energinen<strong> good boys <\/strong>ja genrerajoja venytt\u00e4v\u00e4 <strong>Keiju<\/strong>. Kiinnostava erikoisuus on lis\u00e4ksi <strong>Martti Servon &amp; Napanderin<\/strong> vappumatinea, jossa yhtye soittaa kaksi setti\u00e4 ja yleis\u00f6 voi nauttia musiikin s\u00e4estyksell\u00e4 brunssista.<\/p>\n<p>L\u00e4pi kev\u00e4\u00e4n jatkuvat my\u00f6s Tavara-asemalle kotiutuneet <strong>P\u00e4iv\u00e4tanssit<\/strong>. Niiden solisteina n\u00e4hd\u00e4\u00e4n muun muassa tangokuningatar <strong>Johanna Debreczeni<\/strong> ja useissa laulukilpailuissa mainetta niitt\u00e4nyt <strong>Mia Leivo.<\/strong><\/p>\n<p>Kes\u00e4kauden vetonaula ovat puolestaan idylliset Uusi Tampere -illat, jotka valloittavat Tavara-aseman korttelin kes\u00e4\u2013hein\u00e4kuussa kolmena perjantaina. Ensimm\u00e4iset artistikiinnitykset niihin on jo julkaistu: historiallisessa talossa esiintyv\u00e4t muun muassa jyt\u00e4ilyn sanansaattajana tunnettu <strong>R\u00e4j\u00e4ytt\u00e4j\u00e4t<\/strong>, kaihoisan punkrockin mestari <strong>Teini-P\u00e4\u00e4<\/strong>, modernia r\u00e4ppi\u00e4 hyperpopiin yhdistelev\u00e4 <strong>louna0nline<\/strong>, t\u00e4m\u00e4n hetken kiinnostavimpiin tulokkaisiin lukeutuva <strong>D1DANI <\/strong>ja post-punk-yhtye <strong>She Past Away <\/strong>(TUR).<\/p>\n<p>Lis\u00e4\u00e4 Uusi Tampere -artisteja kerrotaan my\u00f6hemmin kev\u00e4\u00e4ll\u00e4. Silloin selvi\u00e4v\u00e4t my\u00f6s Tavara-aseman Juhannusriehan ja Tammerfestin ohjelmistot. Muitakin tapahtumia tulevalle kes\u00e4lle on tiedossa \u2013 esimerkiksi hein\u00e4kuinen<strong> Leavings-<\/strong>Orkesterin keikka, jonka solistina kuullaan <strong>Timo Rautiaista.<\/strong><\/p>\n<p>Kurkkaa kaikki tapahtumat Tavara-aseman sivuilta ja ota Tavara-asema seurantaan somessa!<\/p>\n<p><a href=\"http:\/\/www.tavara-asema.fi\" target=\"_blank\" rel=\"nofollow noopener\">www.tavara-asema.fi<\/a> | <a href=\"https:\/\/www.facebook.com\/tavaraasematre\/?locale=fi_FI\" target=\"_blank\" rel=\"nofollow noopener\">Facebook <\/a>| <a href=\"https:\/\/www.instagram.com\/tavaraasematre\/\" target=\"_blank\" rel=\"nofollow noopener\">Instagram <\/a>| <a href=\"https:\/\/www.tiktok.com\/@tavaraasema\" target=\"_blank\" rel=\"nofollow noopener\">TikTok<\/a><\/p>\n<p>        <script async src=\"\/\/www.instagram.com\/embed.js\"><\/script><script async src=\"\/\/www.tiktok.com\/embed.js\"><\/script><\/p>\n","protected":false},"excerpt":{"rendered":"13.1.2026 00:01 Tavara-asema t\u00e4ytt\u00e4\u00e4 3 vuotta \u2013 koe useasti palkitun tapahtumatalon keikat itse! Historiallisessa talossa keikkailevat esimerkiksi pop-duo&hellip;\n","protected":false},"author":2,"featured_media":140747,"comment_status":"","ping_status":"","sticky":false,"template":"","format":"standard","meta":{"footnotes":""},"categories":[130],"tags":[16941,137,23940,33,31,30,23941,8972,4810,6746,23938,23937,32,11758,1667,23939,109],"class_list":{"0":"post-140746","1":"post","2":"type-post","3":"status-publish","4":"format-standard","5":"has-post-thumbnail","7":"category-viihde","8":"tag-bileet","9":"tag-entertainment","10":"tag-entrance-fee","11":"tag-fi","12":"tag-finland","13":"tag-finnish","14":"tag-gigs","15":"tag-keikat","16":"tag-keikka","17":"tag-lippu","18":"tag-lippuja","19":"tag-liput","20":"tag-suomi","21":"tag-tapahtuma","22":"tag-tapahtumat","23":"tag-tickets","24":"tag-viihde"},"share_on_mastodon":{"url":"https:\/\/pubeurope.com\/@fi\/115884585288627713","error":""},"_links":{"self":[{"href":"https:\/\/www.europesays.com\/fi\/wp-json\/wp\/v2\/posts\/140746","targetHints":{"allow":["GET"]}}],"collection":[{"href":"https:\/\/www.europesays.com\/fi\/wp-json\/wp\/v2\/posts"}],"about":[{"href":"https:\/\/www.europesays.com\/fi\/wp-json\/wp\/v2\/types\/post"}],"author":[{"embeddable":true,"href":"https:\/\/www.europesays.com\/fi\/wp-json\/wp\/v2\/users\/2"}],"replies":[{"embeddable":true,"href":"https:\/\/www.europesays.com\/fi\/wp-json\/wp\/v2\/comments?post=140746"}],"version-history":[{"count":0,"href":"https:\/\/www.europesays.com\/fi\/wp-json\/wp\/v2\/posts\/140746\/revisions"}],"wp:featuredmedia":[{"embeddable":true,"href":"https:\/\/www.europesays.com\/fi\/wp-json\/wp\/v2\/media\/140747"}],"wp:attachment":[{"href":"https:\/\/www.europesays.com\/fi\/wp-json\/wp\/v2\/media?parent=140746"}],"wp:term":[{"taxonomy":"category","embeddable":true,"href":"https:\/\/www.europesays.com\/fi\/wp-json\/wp\/v2\/categories?post=140746"},{"taxonomy":"post_tag","embeddable":true,"href":"https:\/\/www.europesays.com\/fi\/wp-json\/wp\/v2\/tags?post=140746"}],"curies":[{"name":"wp","href":"https:\/\/api.w.org\/{rel}","templated":true}]}}