{"id":140750,"date":"2026-01-12T22:57:07","date_gmt":"2026-01-12T22:57:07","guid":{"rendered":"https:\/\/www.europesays.com\/fi\/140750\/"},"modified":"2026-01-12T22:57:07","modified_gmt":"2026-01-12T22:57:07","slug":"helsingin-poliisi-iranin-suurlahetystolla-kaadettu-lipputanko-ja-tohritty-aitaa","status":"publish","type":"post","link":"https:\/\/www.europesays.com\/fi\/140750\/","title":{"rendered":"Helsingin poliisi: Iranin suurl\u00e4hetyst\u00f6ll\u00e4 kaadettu lipputanko ja t\u00f6hritty aitaa"},"content":{"rendered":"<p>Helsinki|Kaksi ihmist\u00e4 on otettu kiinni, kertoo Helsingin poliisi.<\/p>\n<p>12.1. 21:32 | P\u00e4ivitetty 12.1. 22:55<\/p>\n<p class=\"article-body mb-nof-24 px-nof-16\">Iranin suurl\u00e4hetyst\u00f6ll\u00e4 on poliisin saaman ilmoituksen mukaan kaadettu pihalla lipputanko ja t\u00f6hritty aitaa. Asiasta tiedottava Helsingin poliisi kertoo saaneensa ilmoituksen tapauksesta noin kello 17.<\/p>\n<p class=\"article-body mb-nof-24 px-nof-16\">Kaksi ihmist\u00e4 on otettu kiinni. Poliisi ep\u00e4ilee kaksikkoa t\u00f6rke\u00e4st\u00e4 julkisrauhan rikkomisesta ja vahingonteosta.<\/p>\n<p class=\"article-body mb-nof-24 px-nof-16\">Iranin suurl\u00e4hetyst\u00f6 sijaitsee Helsingin Kulosaaressa.<\/p>\n<p class=\"article-body mb-nof-24 px-nof-16\">Helsingin poliisilaitoksen tilannekeskuksesta ei maanantai-iltana annettu HS:lle lis\u00e4tietoa esimerkiksi tapauksesta ep\u00e4illyist\u00e4 tai motiiveista.<\/p>\n<p class=\"article-body mb-nof-24 px-nof-16\">Aitaan on t\u00f6hritty persiankielist\u00e4 teksti\u00e4. Tekstiss\u00e4 viitataan kauan el\u00e4k\u00f6\u00f6n \u0161aahi -iskulauseeseen, jota on k\u00e4ytetty Iranin mielenosoitusten yhteydess\u00e4 ilmaisemaan tyytym\u00e4tt\u00f6myytt\u00e4 nykyhallintoon.<\/p>\n<p class=\"article-body mb-nof-24 px-nof-16\">\u0160aahi-nimell\u00e4 kutsuttiin Iranin hallitsijoita ennen vuoden 1979 vallankumousta. Sielt\u00e4 saakka Irania on hallinnut pappisvalta. Viimeisen \u0161aahin <a class=\"font-bold underline-offset-[0.12em] [text-decoration:var(--person-link-text-decoration)] ![text-decoration-color:var(--person-link-text-decoration-color)]\" href=\"https:\/\/www.hs.fi\/haku\/?query=Mohammad%20Reza%20Pahlavin\" rel=\"nofollow noopener\" target=\"_blank\">Mohammad Reza Pahlavin<\/a> vanhin poika, kruununprinssi <a class=\"font-bold underline-offset-[0.12em] [text-decoration:var(--person-link-text-decoration)] ![text-decoration-color:var(--person-link-text-decoration-color)]\" href=\"https:\/\/www.hs.fi\/haku\/?query=Reza%20Pahlavi\" rel=\"nofollow noopener\" target=\"_blank\">Reza Pahlavi<\/a>, on el\u00e4nyt vuosikymmenet maanpaossa.<\/p>\n<p class=\"article-body mb-nof-24 px-nof-16\">Sosiaalisessa mediassa on levinnyt videomateriaalia, joka vaikuttaa olevan Iranin Helsingin-suurl\u00e4hetyst\u00f6lt\u00e4. Videolla muun muassa kaadetaan lipputanko ja ripustetaan suurl\u00e4hetyst\u00f6n aitaan \u0161aahivallasta muistuttava lippu ja kuva.<\/p>\n<p class=\"article-body mb-nof-24 px-nof-16\">Lipputankoa ei en\u00e4\u00e4 n\u00e4kynyt maassa Helsingin Sanomien kuvaajan k\u00e4ydess\u00e4 suurl\u00e4hetyst\u00f6ll\u00e4 noin kello 22. My\u00f6sk\u00e4\u00e4n lippua ei n\u00e4kynyt aidassa.<\/p>\n<p><img decoding=\"async\" src=\"https:\/\/www.europesays.com\/fi\/wp-content\/uploads\/2026\/01\/1768258627_757_468.jpg\" alt=\"Esimerkiksi kyltti\u00e4 oli sotkettu.\" class=\"_Img_1rerz_1\" style=\"aspect-ratio:1.5\" loading=\"eager\"\/><\/p>\n<p class=\"article-picture-caption\">Esimerkiksi kyltti\u00e4 oli sotkettu. Kuva:\u00a0Juha Salminen \/ HS<\/p>\n<p><img decoding=\"async\" src=\"https:\/\/www.europesays.com\/fi\/wp-content\/uploads\/2026\/01\/1768258627_420_468.jpg\" alt=\"Poliisi oli paikalla suurl\u00e4hetyst\u00f6ll\u00e4 maanantai-iltana noin kello 22.\" class=\"_Img_1rerz_1\" style=\"aspect-ratio:1.5\" loading=\"eager\"\/><\/p>\n<p class=\"article-picture-caption\">Poliisi oli paikalla suurl\u00e4hetyst\u00f6ll\u00e4 maanantai-iltana noin kello 22. Kuva:\u00a0Juha Salminen \/ HS<\/p>\n<p class=\"article-body mb-nof-24 px-nof-16\">Iranissa on parhaillaan meneill\u00e4\u00e4n laajoja mielenosoituksia. Niiden <a class=\"underline underline-offset-[0.12em] [text-decoration-thickness:var(--generic-link-underline-thickness)] [text-decoration-color:var(--generic-link-underline-color)] [text-decoration-skip-ink:var(--generic-link-underline-skip-ink)] break-words\" href=\"https:\/\/www.hs.fi\/maailma\/art-2000011742254.html\" rel=\"nofollow noopener\" target=\"_blank\">taustalla<\/a> ovat muun muassa taloudellinen ahdinko ja esimerkiksi naisten oikeuksiin ja maan hallintoon liittyv\u00e4t, jo pitk\u00e4\u00e4n kyteneet j\u00e4nnitteet.<\/p>\n<p class=\"article-body mb-nof-24 px-nof-16\">Iranin hallinto on pyrkinyt tukahduttamaan mielenilmaukset voimalla ja sulkenut nettiyhteydet. Ainakin <a class=\"underline underline-offset-[0.12em] [text-decoration-thickness:var(--generic-link-underline-thickness)] [text-decoration-color:var(--generic-link-underline-color)] [text-decoration-skip-ink:var(--generic-link-underline-skip-ink)] break-words\" href=\"https:\/\/www.hs.fi\/maailma\/art-2000011745096.html\" rel=\"nofollow noopener\" target=\"_blank\">satojen ihmisten arvioidaan kuolleen<\/a>.<\/p>\n<p class=\"article-body mb-nof-24 px-nof-16\">Muun muassa Yhdysvallat on ilmoittanut harkitsevansa jonkinlaista v\u00e4liintuloa.<\/p>\n","protected":false},"excerpt":{"rendered":"Helsinki|Kaksi ihmist\u00e4 on otettu kiinni, kertoo Helsingin poliisi. 12.1. 21:32 | P\u00e4ivitetty 12.1. 22:55 Iranin suurl\u00e4hetyst\u00f6ll\u00e4 on poliisin&hellip;\n","protected":false},"author":2,"featured_media":140751,"comment_status":"","ping_status":"","sticky":false,"template":"","format":"standard","meta":{"footnotes":""},"categories":[12],"tags":[22,23,26,27,33,31,30,17,46,24,25,28,29,15,18,21,32,19,20,16],"class_list":{"0":"post-140750","1":"post","2":"type-post","3":"status-publish","4":"format-standard","5":"has-post-thumbnail","7":"category-suomi","8":"tag-breaking-news","9":"tag-breakingnews","10":"tag-featured-news","11":"tag-featurednews","12":"tag-fi","13":"tag-finland","14":"tag-finnish","15":"tag-headlines","16":"tag-helsingin-sanomat","17":"tag-latest-news","18":"tag-latestnews","19":"tag-main-news","20":"tag-mainnews","21":"tag-news","22":"tag-otsikot","23":"tag-paauutiset","24":"tag-suomi","25":"tag-top-stories","26":"tag-topstories","27":"tag-uutiset"},"share_on_mastodon":{"url":"https:\/\/pubeurope.com\/@fi\/115884605103671600","error":""},"_links":{"self":[{"href":"https:\/\/www.europesays.com\/fi\/wp-json\/wp\/v2\/posts\/140750","targetHints":{"allow":["GET"]}}],"collection":[{"href":"https:\/\/www.europesays.com\/fi\/wp-json\/wp\/v2\/posts"}],"about":[{"href":"https:\/\/www.europesays.com\/fi\/wp-json\/wp\/v2\/types\/post"}],"author":[{"embeddable":true,"href":"https:\/\/www.europesays.com\/fi\/wp-json\/wp\/v2\/users\/2"}],"replies":[{"embeddable":true,"href":"https:\/\/www.europesays.com\/fi\/wp-json\/wp\/v2\/comments?post=140750"}],"version-history":[{"count":0,"href":"https:\/\/www.europesays.com\/fi\/wp-json\/wp\/v2\/posts\/140750\/revisions"}],"wp:featuredmedia":[{"embeddable":true,"href":"https:\/\/www.europesays.com\/fi\/wp-json\/wp\/v2\/media\/140751"}],"wp:attachment":[{"href":"https:\/\/www.europesays.com\/fi\/wp-json\/wp\/v2\/media?parent=140750"}],"wp:term":[{"taxonomy":"category","embeddable":true,"href":"https:\/\/www.europesays.com\/fi\/wp-json\/wp\/v2\/categories?post=140750"},{"taxonomy":"post_tag","embeddable":true,"href":"https:\/\/www.europesays.com\/fi\/wp-json\/wp\/v2\/tags?post=140750"}],"curies":[{"name":"wp","href":"https:\/\/api.w.org\/{rel}","templated":true}]}}