{"id":140759,"date":"2026-01-12T23:21:17","date_gmt":"2026-01-12T23:21:17","guid":{"rendered":"https:\/\/www.europesays.com\/fi\/140759\/"},"modified":"2026-01-12T23:21:17","modified_gmt":"2026-01-12T23:21:17","slug":"myvallox-125-cfi-korjasi-alipaineen-ja-paransi-sisailman","status":"publish","type":"post","link":"https:\/\/www.europesays.com\/fi\/140759\/","title":{"rendered":"MyVallox 125 CFi korjasi alipaineen ja paransi sis\u00e4ilman"},"content":{"rendered":"<p>Mit\u00e4 alipaine voi tehd\u00e4 kodin sis\u00e4ilmalle?<\/p>\n<p>Julkaistu 12.01.2026\u20223 min<\/p>\n<ul class=\"MuiBox-root css-2ep6zf\">\n<li class=\"MuiBox-root css-0\">TallennaTallenna<\/li>\n<li class=\"MuiBox-root css-0\"\/>\n<li class=\"MuiBox-root css-0\">TulostaTulosta<\/li>\n<\/ul>\n<p><img fetchpriority=\"high\" alt=\"LVIKemppi-Ilmavirt\" loading=\"eager\" width=\"1920\" height=\"1080\" decoding=\"async\" data-nimg=\"1\" style=\"color:transparent;width:100%;height:auto\"   src=\"https:\/\/www.europesays.com\/fi\/wp-content\/uploads\/2026\/01\/.webp\"\/><\/p>\n<p class=\"MuiBox-root css-15k1q0e\">Kun sis\u00e4ilma alkaa tuntua tunkkaiselta, syy saattaa l\u00f6yty\u00e4 ilmanvaihdon tasapainosta ja alipaineesta.(Kuva Vallox Oy) <\/p>\n<p>Nelihenkisen perheen koti on vuonna 2008 rakennettu omakotitalo Rovaniemell\u00e4. Viime vuosina talon sis\u00e4ilma alkoi tuntua tunkkaiselta ja ilmanvaihto riitt\u00e4m\u00e4tt\u00f6m\u00e4lt\u00e4. Ajan kuluessa perheenj\u00e4senet alkoivat saada hengitystieoireita. Perheess\u00e4 her\u00e4si huoli, ett\u00e4 olisiko talossa kenties jopa rakennevaurioita.<\/p>\n<p>Alipaineen vuoksi sis\u00e4ilmassa oli kuituja<\/p>\n<p>Asiaa tutkittiin ja onneksi talo on terve ja kunnossa. Ongelmien syyksi paljastui alipaine. Alipaineesta johtuen kuitumittauksessa paljastui merkitt\u00e4v\u00e4sti toimenpiderajan (0,20 kuitua\/cm2) ylitt\u00e4v\u00e4 m\u00e4\u00e4r\u00e4 rakenteista l\u00e4ht\u00f6isin olevia ep\u00e4puhtauksia ja my\u00f6s VOC-arvot olivat hiukan koholla.<\/p>\n<p>Tilannetta ei saatu yrityksist\u00e4 huolimatta tasapainotettua vanhalla Vallox Digit SE -ilmanvaihtokoneella. Vanhan koneen vaihtovirtapuhaltimet eiv\u00e4t mahdollista puhaltimien keskin\u00e4isen suhteen muutosta, niinp\u00e4 ilmanvaihtokone oli vaihdettava uuteen.<\/p>\n<p>Mik\u00e4 on VOC?<\/p>\n<p>VOC (volatile organic compounds) tarkoittaa haihtuvia orgaanisia yhdisteit\u00e4, eli sis\u00e4ilmaan helposti h\u00f6yrystyvi\u00e4 kemikaaleja, joita voi vapautua esimerkiksi rakennus ja sisustusmateriaaleista, hajusteista ja puhdistusaineista. Mittauksissa VOC-arvoilla kuvataan n\u00e4iden yhdisteiden m\u00e4\u00e4r\u00e4\u00e4 sis\u00e4ilmassa. Asunnoissa pitoisuudet ovat usein matalia, ja matalilla tasoilla haitta liittyy tyypillisimmin hajuihin ja \u00e4rsytysoireisiin.<\/p>\n<p>Uusi kone vanhan paikalle helposti<\/p>\n<p>Talon asukas alkoi etsi\u00e4 korvaavaa ilmanvaihtokonetta ja l\u00f6ysi Valloxin uutuuden. <a rel=\"sponsored noopener noreferrer nofollow\" href=\"https:\/\/www.vallox.com\/tuotteet\/ilmanvaihtokoneet\/myvallox-125-cfi\/\" target=\"_blank\" style=\"color: #1A73E8;\">MyVallox 125 CFi<\/a> voidaan asentaa suoraan vanhan Digit SE:n paikalle ilman kanavien muutost\u00f6it\u00e4, mik\u00e4 luonnollisesti toisi rahallista s\u00e4\u00e4st\u00f6\u00e4 asennuskustannuksissa. Uuden koneen l\u00e4mm\u00f6ntalteenottokykykin on huomattavasti parempi kuin vanhan Digit SE:n, joten koneen vaihtamalla syntyy paremman sis\u00e4ilman lis\u00e4ksi s\u00e4\u00e4st\u00f6j\u00e4. Uuden koneen vakiovirtausominaisuus pit\u00e4\u00e4 lis\u00e4ksi tulo- ja poistoilmavirrat asetetulla tasolla olosuhteista riippumatta, joka on asukkaille loistava uutinen.<\/p>\n<p>\u2013 Ilmavirtojen pysyminen aina tasapainossa tuntui erityisen t\u00e4rke\u00e4lt\u00e4, koska alipaineesta johtuvat ep\u00e4puhtaudet sis\u00e4ilmassa aiheuttivat jo terveysongelmia perheellemme. Olimme erityisen huolissamme lastemme puolesta, toteaa asukas.<\/p>\n<p><img alt=\"&lt;p data-block-key=&quot;5j7wv&quot;&gt;LVI Kempin ty\u00f6ntekij\u00e4t ovat tottuneet asentamaan Valloxin koneita, joten vanhan koneen poisto ja uuden asennus sujui nopeasti ja asiantuntevasti. (Kuva Vallox Oy)&lt;\/p&gt;\" loading=\"lazy\" width=\"1920\" height=\"1080\" decoding=\"async\" data-nimg=\"1\" style=\"color:transparent;width:revert-layer;height:auto;background-size:cover;background-position:50% 50%;background-repeat:no-repeat;background-image:url(&quot;data:image\/svg+xml;charset=utf-8,%3Csvg xmlns='http:\/\/www.w3.org\/2000\/svg' viewBox='0 0 1920 1080'%3E%3Cfilter id='b' color-interpolation-filters='sRGB'%3E%3CfeGaussianBlur stdDeviation='20'\/%3E%3CfeColorMatrix values='1 0 0 0 0 0 1 0 0 0 0 0 1 0 0 0 0 0 100 -1' result='s'\/%3E%3CfeFlood x='0' y='0' width='100%25' height='100%25'\/%3E%3CfeComposite operator='out' in='s'\/%3E%3CfeComposite in2='SourceGraphic'\/%3E%3CfeGaussianBlur stdDeviation='20'\/%3E%3C\/filter%3E%3Cimage width='100%25' height='100%25' x='0' y='0' preserveAspectRatio='none' style='filter: url(%23b);' href='data:image\/svg+xml;base64,Cjxzdmcgd2lkdGg9IjE5MjAiIGhlaWdodD0iMTA4MCIgdmVyc2lvbj0iMS4xIiB4bWxucz0iaHR0cDovL3d3dy53My5vcmcvMjAwMC9zdmciIHhtbG5zOnhsaW5rPSJodHRwOi8vd3d3LnczLm9yZy8xOTk5L3hsaW5rIj4KICA8ZGVmcz4KICAgIDxsaW5lYXJHcmFkaWVudCBpZD0iZyI+CiAgICAgIDxzdG9wIHN0b3AtY29sb3I9IiNlZWVkZjIiIG9mZnNldD0iMjAlIiAvPgogICAgICA8c3RvcCBzdG9wLWNvbG9yPSIjZjFmM2Y0IiBvZmZzZXQ9IjUwJSIgLz4KICAgICAgPHN0b3Agc3RvcC1jb2xvcj0iI2VlZWRmMiIgb2Zmc2V0PSI3MCUiIC8+CiAgICA8L2xpbmVhckdyYWRpZW50PgogIDwvZGVmcz4KICA8cmVjdCB3aWR0aD0iMTkyMCIgaGVpZ2h0PSIxMDgwIiBmaWxsPSIjZWVlZGYyIiAvPgogIDxyZWN0IGlkPSJyIiB3aWR0aD0iMTkyMCIgaGVpZ2h0PSIxMDgwIiBmaWxsPSJ1cmwoI2cpIiAvPgogIDxhbmltYXRlIHhsaW5rOmhyZWY9IiNyIiBhdHRyaWJ1dGVOYW1lPSJ4IiBmcm9tPSItMTkyMCIgdG89IjE5MjAiIGR1cj0iMXMiIHJlcGVhdENvdW50PSJpbmRlZmluaXRlIiAgLz4KPC9zdmc+'\/%3E%3C\/svg%3E&quot;)\"   src=\"https:\/\/www.europesays.com\/fi\/wp-content\/uploads\/2026\/01\/.png\"\/><\/p>\n<p>LVI Kempin ty\u00f6ntekij\u00e4t ovat tottuneet asentamaan Valloxin koneita, joten vanhan koneen poisto ja uuden asennus sujui nopeasti ja asiantuntevasti. (Kuva Vallox Oy)<\/p>\n<p>Vanha ilmanvaihtokone sijaitsi hyvin tyypilliseen tapaan talon teknisess\u00e4 tilassa l\u00e4mminvesivaraajan p\u00e4\u00e4ll\u00e4. Asennustilaa oli siis niukasti. Asennuksen teki kuitenkin kokenut ammattilainen, LVI-Kemppi, jolla on pitk\u00e4 kokemus Valloxin koneista ja niiden asentamisesta.<\/p>\n<p>\u2013 Vanhan ilmanvaihtokoneen irrotus sujui nopeasti, ja vaikka uuden koneen nostaminen joka suuntaan vaaterissa kattoasennuslevyyn oli tarkkaa hommaa, niin uusi kone oli tuota pikaa paikoillaan. Kaiken kaikkiaan homma toimi todella nopeasti ja asiantuntevasti, kiittelee asukas.<\/p>\n<p>Tuttu ja turvallinen ilmanvaihtokone t\u00e4ysin uudella ominaisuudella<\/p>\n<p>Yritt\u00e4j\u00e4 <b>Petri Kemppainen<\/b> LVI Kempist\u00e4 toteaa, ett\u00e4 heille on kertynyt paljon kokemusta Valloxin laitteista, vaikka uudet CFi-koneet eiv\u00e4t viel\u00e4 tuttuja olleetkaan, tulivathan ne vasta hiljan myyntiin.<\/p>\n<p>\u2013 Asennamme paljon Valloxin laitteita, pid\u00e4n sit\u00e4 luotettavana merkkin\u00e4. Valloxin tuote on tuttu ja turvallinen! T\u00e4m\u00e4 uusi vakiovirtausominaisuus vaikuttaa hienolta ominaisuudelta.<\/p>\n<p>Kemppaisen mukaan ilmanpaineen vaihtelu on yleist\u00e4. Uusien koneiden puhaltimien ilmam\u00e4\u00e4r\u00e4t s\u00e4\u00e4det\u00e4\u00e4n erikseen, ja kone pit\u00e4\u00e4 ilmavirrat s\u00e4\u00e4detyll\u00e4 tasolla olosuhteiden muuttuessa, joten oikein s\u00e4\u00e4dettyn\u00e4 CFi-koneella v\u00e4ltyt\u00e4\u00e4n ali- tai ylipaineen aiheuttamilta haitoilta.<\/p>\n<p><img alt=\"&lt;p data-block-key=&quot;5j7wv&quot;&gt;Ilmanvaihtokoneen vaihto ja oikein s\u00e4\u00e4detyt ilmavirrat voivat v\u00e4hent\u00e4\u00e4 rakenteista sis\u00e4ilmaan kulkeutuvia ep\u00e4puhtauksia. (Kuva Vallox Oy)&lt;\/p&gt;\" loading=\"lazy\" width=\"1920\" height=\"1080\" decoding=\"async\" data-nimg=\"1\" style=\"color:transparent;width:revert-layer;height:auto;background-size:cover;background-position:50% 50%;background-repeat:no-repeat;background-image:url(&quot;data:image\/svg+xml;charset=utf-8,%3Csvg xmlns='http:\/\/www.w3.org\/2000\/svg' viewBox='0 0 1920 1080'%3E%3Cfilter id='b' color-interpolation-filters='sRGB'%3E%3CfeGaussianBlur stdDeviation='20'\/%3E%3CfeColorMatrix values='1 0 0 0 0 0 1 0 0 0 0 0 1 0 0 0 0 0 100 -1' result='s'\/%3E%3CfeFlood x='0' y='0' width='100%25' height='100%25'\/%3E%3CfeComposite operator='out' in='s'\/%3E%3CfeComposite in2='SourceGraphic'\/%3E%3CfeGaussianBlur stdDeviation='20'\/%3E%3C\/filter%3E%3Cimage width='100%25' height='100%25' x='0' y='0' preserveAspectRatio='none' style='filter: url(%23b);' href='data:image\/svg+xml;base64,Cjxzdmcgd2lkdGg9IjE5MjAiIGhlaWdodD0iMTA4MCIgdmVyc2lvbj0iMS4xIiB4bWxucz0iaHR0cDovL3d3dy53My5vcmcvMjAwMC9zdmciIHhtbG5zOnhsaW5rPSJodHRwOi8vd3d3LnczLm9yZy8xOTk5L3hsaW5rIj4KICA8ZGVmcz4KICAgIDxsaW5lYXJHcmFkaWVudCBpZD0iZyI+CiAgICAgIDxzdG9wIHN0b3AtY29sb3I9IiNlZWVkZjIiIG9mZnNldD0iMjAlIiAvPgogICAgICA8c3RvcCBzdG9wLWNvbG9yPSIjZjFmM2Y0IiBvZmZzZXQ9IjUwJSIgLz4KICAgICAgPHN0b3Agc3RvcC1jb2xvcj0iI2VlZWRmMiIgb2Zmc2V0PSI3MCUiIC8+CiAgICA8L2xpbmVhckdyYWRpZW50PgogIDwvZGVmcz4KICA8cmVjdCB3aWR0aD0iMTkyMCIgaGVpZ2h0PSIxMDgwIiBmaWxsPSIjZWVlZGYyIiAvPgogIDxyZWN0IGlkPSJyIiB3aWR0aD0iMTkyMCIgaGVpZ2h0PSIxMDgwIiBmaWxsPSJ1cmwoI2cpIiAvPgogIDxhbmltYXRlIHhsaW5rOmhyZWY9IiNyIiBhdHRyaWJ1dGVOYW1lPSJ4IiBmcm9tPSItMTkyMCIgdG89IjE5MjAiIGR1cj0iMXMiIHJlcGVhdENvdW50PSJpbmRlZmluaXRlIiAgLz4KPC9zdmc+'\/%3E%3C\/svg%3E&quot;)\"   src=\"https:\/\/www.europesays.com\/fi\/wp-content\/uploads\/2026\/01\/1768260077_687_.webp\"\/><\/p>\n<p>Ilmanvaihtokoneen vaihto ja oikein s\u00e4\u00e4detyt ilmavirrat voivat v\u00e4hent\u00e4\u00e4 rakenteista sis\u00e4ilmaan kulkeutuvia ep\u00e4puhtauksia. (Kuva Vallox Oy)<\/p>\n<p>J\u00e4lleenmyyj\u00e4n\u00e4 toimiva Kemppainen arvostaa sit\u00e4, ett\u00e4 Valloxin koneisiin saa varaosia pitk\u00e4nkin ajan p\u00e4\u00e4st\u00e4, jolloin vanhojenkin laitteiden korjaaminen on mahdollista.<\/p>\n<p>\u2013 J\u00e4lkimarkkinointi pelaa \u00e4\u00e4rimm\u00e4isen hyvin. Jos ostatte Valloxin tuotteita, niin voitte olla varmoja siit\u00e4, ett\u00e4 siihen tulevaisuudessakin saa varaosia, Kemppainen tiivist\u00e4\u00e4.<\/p>\n<p>Raikas ilma palasi kotiin<\/p>\n<p>Pari kuukautta my\u00f6hemmin perhe on sit\u00e4 mielt\u00e4, ett\u00e4 sis\u00e4ilman laadun muutoksen todella huomaa. Kodissa tehtiin uusi kuitumittaus 2 kuukautta koneen vaihtamisen j\u00e4lkeen. Tutkimus vahvisti perheen tuntemukset, ja kuitujen m\u00e4\u00e4r\u00e4 oli olennaisesti v\u00e4hentynyt. Esimerkiksi makuuhuoneessa kuitujen m\u00e4\u00e4r\u00e4 laski 0,43:sta reilusti alle toimenpiderajan eli 0,14:\u00e4\u00e4n\/cm2.<\/p>\n<p>Sen lis\u00e4ksi, ett\u00e4 vakiovirtausilmanvaihtokoneen ansiosta liiallista alipainetta ei p\u00e4\u00e4se muodostumaan, my\u00f6s suodatusteho on uudella ilmanvaihtokoneella selv\u00e4sti aiempaa parempi. Suodattimien vaihtotarvetta ei CFi-ominaisuuskaan poista, vaikka ilmavirrat pysyv\u00e4tkin tasapainossa silloinkin, kun suodattimet alkavat jo likaantua. S\u00e4\u00e4nn\u00f6llisell\u00e4 suodattimien vaihdolla varmistetaan sis\u00e4ilman puhtaus.<\/p>\n<p>Uusi kone toi helpotusta my\u00f6s ilmanvaihtokoneen k\u00e4ytt\u00f6\u00f6n. Uusi ohjain on selv\u00e4sti aiempaa helppok\u00e4ytt\u00f6isempi. Sen lis\u00e4ksi sis\u00e4\u00e4nrakennetut anturit huolehtivat nyt tehostuksesta tarpeen mukaan.<\/p>\n<p>\u2013 Saunassa huomasin, kun kone itsekseen tehosti ilmanvaihtoa \u2013 kyll\u00e4 nyt on helppoa ja mukavaa. Laitoin silti tekniseen tilaan reitittimen ja liitin koneen pilvipalveluun. Sen avulla voin ohjata kodin ilmanvaihtoa vaikka m\u00f6kilt\u00e4 k\u00e4sin. Kyll\u00e4 t\u00e4ss\u00e4 hyp\u00e4ttiin teknisesti ihan uudelle tasolle!<\/p>\n<p>Asukkaan mielest\u00e4 parasta on kuitenkin kodin raikas ilma.<\/p>\n<p>\u2013 Kukaan meist\u00e4 ei en\u00e4\u00e4 yski \u00f6isin. Se on aivan mahtavaa! Uusi ilmanvaihtokone on kyll\u00e4 t\u00e4ytt\u00e4nyt kaikki odotukset.<\/p>\n<p>Tilaa Valloxin esitteit\u00e4<\/p>\n","protected":false},"excerpt":{"rendered":"Mit\u00e4 alipaine voi tehd\u00e4 kodin sis\u00e4ilmalle? Julkaistu 12.01.2026\u20223 min TallennaTallenna TulostaTulosta Kun sis\u00e4ilma alkaa tuntua tunkkaiselta, syy saattaa&hellip;\n","protected":false},"author":2,"featured_media":140760,"comment_status":"","ping_status":"","sticky":false,"template":"","format":"standard","meta":{"footnotes":""},"categories":[76],"tags":[79,77,33,31,30,10947,24294,11387,32,78],"class_list":{"0":"post-140759","1":"post","2":"type-post","3":"status-publish","4":"format-standard","5":"has-post-thumbnail","7":"category-talous","8":"tag-business","9":"tag-economy","10":"tag-fi","11":"tag-finland","12":"tag-finnish","13":"tag-ilmanvaihto","14":"tag-koneellinen-ilmanvaihto","15":"tag-remontointi","16":"tag-suomi","17":"tag-talous"},"share_on_mastodon":{"url":"https:\/\/pubeurope.com\/@fi\/115884699529310981","error":""},"_links":{"self":[{"href":"https:\/\/www.europesays.com\/fi\/wp-json\/wp\/v2\/posts\/140759","targetHints":{"allow":["GET"]}}],"collection":[{"href":"https:\/\/www.europesays.com\/fi\/wp-json\/wp\/v2\/posts"}],"about":[{"href":"https:\/\/www.europesays.com\/fi\/wp-json\/wp\/v2\/types\/post"}],"author":[{"embeddable":true,"href":"https:\/\/www.europesays.com\/fi\/wp-json\/wp\/v2\/users\/2"}],"replies":[{"embeddable":true,"href":"https:\/\/www.europesays.com\/fi\/wp-json\/wp\/v2\/comments?post=140759"}],"version-history":[{"count":0,"href":"https:\/\/www.europesays.com\/fi\/wp-json\/wp\/v2\/posts\/140759\/revisions"}],"wp:featuredmedia":[{"embeddable":true,"href":"https:\/\/www.europesays.com\/fi\/wp-json\/wp\/v2\/media\/140760"}],"wp:attachment":[{"href":"https:\/\/www.europesays.com\/fi\/wp-json\/wp\/v2\/media?parent=140759"}],"wp:term":[{"taxonomy":"category","embeddable":true,"href":"https:\/\/www.europesays.com\/fi\/wp-json\/wp\/v2\/categories?post=140759"},{"taxonomy":"post_tag","embeddable":true,"href":"https:\/\/www.europesays.com\/fi\/wp-json\/wp\/v2\/tags?post=140759"}],"curies":[{"name":"wp","href":"https:\/\/api.w.org\/{rel}","templated":true}]}}