{"id":140788,"date":"2026-01-13T00:15:11","date_gmt":"2026-01-13T00:15:11","guid":{"rendered":"https:\/\/www.europesays.com\/fi\/140788\/"},"modified":"2026-01-13T00:15:11","modified_gmt":"2026-01-13T00:15:11","slug":"kaksi-vangittiin-epailtyna-helsingin-mikonkadun-taposta","status":"publish","type":"post","link":"https:\/\/www.europesays.com\/fi\/140788\/","title":{"rendered":"Kaksi vangittiin ep\u00e4iltyn\u00e4 Helsingin Mikonkadun taposta"},"content":{"rendered":"<p><strong class=\"typography-bold\">Taposta ep\u00e4illyll\u00e4 kaksikko ei ole ensimm\u00e4ist\u00e4 kertaa oikeudessa vastaamassa rikosep\u00e4ilyihin.<\/strong><\/p>\n<p>Kaksi 2000-luvulla syntynytt\u00e4 miest\u00e4 vangittiin t\u00e4n\u00e4\u00e4n Helsingin Mikonkadulla tapahtuneesta taposta ep\u00e4iltyn\u00e4. Yksi mies menehtyi puukotuksen uhrina karaokeravintolan edustalla viime viikon torstaina.<\/p>\n<p>Tapauksen tutkinnanjohtaja <strong class=\"typography-bold\">Tuomas Lindholm<\/strong> kertoo MTV Uutisille, ett\u00e4 toisen ep\u00e4illyist\u00e4 uskotaan k\u00e4ytt\u00e4neen ter\u00e4asetta ja toisen olleen muuten aktiivisessa roolissa tapahtumien kulussa. H\u00e4n ei t\u00e4ss\u00e4 vaiheessa tutkintaa halua tarkemmin kommentoida, miten toisen henkil\u00f6n uskotaan mahdollistaneen tai edesauttaneen henkirikoksen tekoa.<\/p>\n<p><strong class=\"typography-bold\">Lue my\u00f6s: <\/strong><a class=\"cursor-pointer underline\" data-testid=\"internal-link\" role=\"link\" data-sentry-element=\"Link\" data-sentry-component=\"InternalLink\" data-sentry-source-file=\"InternalLink.tsx\" href=\"https:\/\/www.mtvuutiset.fi\/artikkeli\/mikonkadulla-tapahtuneen-puukotuksen-uhri-kuoli-poliisi-tutkii-tappona\/9279954\" rel=\"nofollow noopener\" target=\"_blank\"><strong class=\"typography-bold\">Ydinkeskustan karaokebaarin edustalla puukotettu kuoli \u2013 poliisi tutkii tappona\u00a0<\/strong><\/a><\/p>\n<p>Miehet ovat Lindholmin mukaan kuulusteluissa ainakin osaltaan selitt\u00e4neen tilannetta, mutta poliisi toivoo saavansa viel\u00e4 tulevissa kuulusteluissa enemm\u00e4n tietoa tapahtumien etenemisest\u00e4 kohtalokkaana iltana.<\/p>\n<p>Poliisin k\u00e4sityksen mukaan entuudestaan toisensa tuntenut kaksikko oli p\u00e4iv\u00e4n aikana kohdannut ja siit\u00e4 eteenp\u00e4in viett\u00e4nyt p\u00e4iv\u00e4\u00e4 ja iltaa yhdess\u00e4 uhrin kanssa. Illanvietto oli lopulta p\u00e4\u00e4tynyt karaokeravintolaan.<\/p>\n<p>Poliisin k\u00e4sityksen mukaan viimeist\u00e4\u00e4n ravintolaan saapumisen j\u00e4lkeen tilanne oli alkanut k\u00e4rjisty\u00e4.<\/p>\n<p>\u2013 Muidenkin osalta oli huomattu, ett\u00e4 tunnelma on ollut v\u00e4h\u00e4n kire\u00e4, Lindholm kertoo poliisin tutkinnan tuloksista.<\/p>\n<p>Poliisin tiedossa ei kuitenkaan toistaiseksi ole, ett\u00e4 v\u00e4kivaltaa olisi k\u00e4ytetty ravintolan sis\u00e4ll\u00e4, vaan se olisi alkanut vasta ravintolan edustalla. Tapahtuneen j\u00e4lkeen miehet pakenivat paikalta, mutta heid\u00e4t saatiin nopeasti kiinni tuntomerkkien perusteella.<\/p>\n","protected":false},"excerpt":{"rendered":"Taposta ep\u00e4illyll\u00e4 kaksikko ei ole ensimm\u00e4ist\u00e4 kertaa oikeudessa vastaamassa rikosep\u00e4ilyihin. Kaksi 2000-luvulla syntynytt\u00e4 miest\u00e4 vangittiin t\u00e4n\u00e4\u00e4n Helsingin Mikonkadulla&hellip;\n","protected":false},"author":2,"featured_media":140789,"comment_status":"","ping_status":"","sticky":false,"template":"","format":"standard","meta":{"footnotes":""},"categories":[12],"tags":[22,23,26,27,33,31,30,17,24,25,28,29,15,18,21,32,19,20,16],"class_list":{"0":"post-140788","1":"post","2":"type-post","3":"status-publish","4":"format-standard","5":"has-post-thumbnail","7":"category-suomi","8":"tag-breaking-news","9":"tag-breakingnews","10":"tag-featured-news","11":"tag-featurednews","12":"tag-fi","13":"tag-finland","14":"tag-finnish","15":"tag-headlines","16":"tag-latest-news","17":"tag-latestnews","18":"tag-main-news","19":"tag-mainnews","20":"tag-news","21":"tag-otsikot","22":"tag-paauutiset","23":"tag-suomi","24":"tag-top-stories","25":"tag-topstories","26":"tag-uutiset"},"share_on_mastodon":{"url":"https:\/\/pubeurope.com\/@fi\/115884911690837682","error":""},"_links":{"self":[{"href":"https:\/\/www.europesays.com\/fi\/wp-json\/wp\/v2\/posts\/140788","targetHints":{"allow":["GET"]}}],"collection":[{"href":"https:\/\/www.europesays.com\/fi\/wp-json\/wp\/v2\/posts"}],"about":[{"href":"https:\/\/www.europesays.com\/fi\/wp-json\/wp\/v2\/types\/post"}],"author":[{"embeddable":true,"href":"https:\/\/www.europesays.com\/fi\/wp-json\/wp\/v2\/users\/2"}],"replies":[{"embeddable":true,"href":"https:\/\/www.europesays.com\/fi\/wp-json\/wp\/v2\/comments?post=140788"}],"version-history":[{"count":0,"href":"https:\/\/www.europesays.com\/fi\/wp-json\/wp\/v2\/posts\/140788\/revisions"}],"wp:featuredmedia":[{"embeddable":true,"href":"https:\/\/www.europesays.com\/fi\/wp-json\/wp\/v2\/media\/140789"}],"wp:attachment":[{"href":"https:\/\/www.europesays.com\/fi\/wp-json\/wp\/v2\/media?parent=140788"}],"wp:term":[{"taxonomy":"category","embeddable":true,"href":"https:\/\/www.europesays.com\/fi\/wp-json\/wp\/v2\/categories?post=140788"},{"taxonomy":"post_tag","embeddable":true,"href":"https:\/\/www.europesays.com\/fi\/wp-json\/wp\/v2\/tags?post=140788"}],"curies":[{"name":"wp","href":"https:\/\/api.w.org\/{rel}","templated":true}]}}