{"id":140792,"date":"2026-01-13T00:35:11","date_gmt":"2026-01-13T00:35:11","guid":{"rendered":"https:\/\/www.europesays.com\/fi\/140792\/"},"modified":"2026-01-13T00:35:11","modified_gmt":"2026-01-13T00:35:11","slug":"ayo-obileye-vahvistamaan-if-gnistanin-puolustusta","status":"publish","type":"post","link":"https:\/\/www.europesays.com\/fi\/140792\/","title":{"rendered":"Ayo Obileye vahvistamaan IF Gnistanin puolustusta"},"content":{"rendered":"<p>Obileye edusti viime kaudella SJK:a Veikkausliigassa. H\u00e4n pelasi 22 ottelua, teki kaksi maalia ja antoi yhden maalisy\u00f6t\u00f6n, ollen t\u00e4rke\u00e4 osa SJK:n puolustuslinjaa ja esitt\u00e4en tasaisia ja vahvoja otteita koko kauden ajan.<\/p>\n<p>Ayo on kokenut ammattilainen, jonka ura on kuljettanut h\u00e4nt\u00e4 useiden englantilaisten seurojen kautta aina Skotlannin p\u00e4\u00e4sarjaan ja Kiinan liigaan ennen Suomeen saapumistaan. H\u00e4n on iso ja fyysinen pelaaja, joka pystyy dominoimaan ilmatilaa ja johtamaan linjaa kokemuksellaan.<\/p>\n<p>Urheilutoimenjohtaja <strong>Jarkko Jokiranta<\/strong> siirrosta:<\/p>\n<p>\u2013 Ayo tuo joukkueeseen johtajuutta ja erikoistilanteisiin paljon voimaa sek\u00e4 sopii pelitapaan todella hyvin. Kun meilt\u00e4 useampi kokenut pelaaja j\u00e4i pois, oli t\u00e4rke\u00e4\u00e4 saada joukkueeseen lis\u00e4\u00e4 johtajuutta.<\/p>\n<p>195-senttinen englantilainen j\u00e4rk\u00e4le odottaa innolla tulevaa:<\/p>\n<p>\u2013 Olen todella innoissani t\u00e4st\u00e4 haasteesta. Keskustelut valmennuksen ja seuran johdon kanssa projektista ja tavoitteista vakuuttivat minut \u2013 halusin ehdottomasti olla osa t\u00e4t\u00e4. Tuon mukanani johtajuutta, kokemusta, aggressiivisuutta, maalisiltaa, fyysist\u00e4 l\u00e4sn\u00e4oloa ja tietenkin puolustustaitojani. Annan joka p\u00e4iv\u00e4 kaikkeni n\u00e4ytt\u00e4\u00e4kseni sen ja my\u00f6s auttaakseni nuorempia pelaajia kehittym\u00e4\u00e4n heid\u00e4n urallaan.<\/p>\n<p><strong>Tervetuloa Ogeliin, Ayo!<\/strong><\/p>\n","protected":false},"excerpt":{"rendered":"Obileye edusti viime kaudella SJK:a Veikkausliigassa. H\u00e4n pelasi 22 ottelua, teki kaksi maalia ja antoi yhden maalisy\u00f6t\u00f6n, ollen&hellip;\n","protected":false},"author":2,"featured_media":140793,"comment_status":"","ping_status":"","sticky":false,"template":"","format":"standard","meta":{"footnotes":""},"categories":[158],"tags":[33,31,30,159,32,160],"class_list":{"0":"post-140792","1":"post","2":"type-post","3":"status-publish","4":"format-standard","5":"has-post-thumbnail","7":"category-urheilu","8":"tag-fi","9":"tag-finland","10":"tag-finnish","11":"tag-sports","12":"tag-suomi","13":"tag-urheilu"},"share_on_mastodon":{"url":"https:\/\/pubeurope.com\/@fi\/115884990402885244","error":""},"_links":{"self":[{"href":"https:\/\/www.europesays.com\/fi\/wp-json\/wp\/v2\/posts\/140792","targetHints":{"allow":["GET"]}}],"collection":[{"href":"https:\/\/www.europesays.com\/fi\/wp-json\/wp\/v2\/posts"}],"about":[{"href":"https:\/\/www.europesays.com\/fi\/wp-json\/wp\/v2\/types\/post"}],"author":[{"embeddable":true,"href":"https:\/\/www.europesays.com\/fi\/wp-json\/wp\/v2\/users\/2"}],"replies":[{"embeddable":true,"href":"https:\/\/www.europesays.com\/fi\/wp-json\/wp\/v2\/comments?post=140792"}],"version-history":[{"count":0,"href":"https:\/\/www.europesays.com\/fi\/wp-json\/wp\/v2\/posts\/140792\/revisions"}],"wp:featuredmedia":[{"embeddable":true,"href":"https:\/\/www.europesays.com\/fi\/wp-json\/wp\/v2\/media\/140793"}],"wp:attachment":[{"href":"https:\/\/www.europesays.com\/fi\/wp-json\/wp\/v2\/media?parent=140792"}],"wp:term":[{"taxonomy":"category","embeddable":true,"href":"https:\/\/www.europesays.com\/fi\/wp-json\/wp\/v2\/categories?post=140792"},{"taxonomy":"post_tag","embeddable":true,"href":"https:\/\/www.europesays.com\/fi\/wp-json\/wp\/v2\/tags?post=140792"}],"curies":[{"name":"wp","href":"https:\/\/api.w.org\/{rel}","templated":true}]}}