{"id":140798,"date":"2026-01-13T00:40:10","date_gmt":"2026-01-13T00:40:10","guid":{"rendered":"https:\/\/www.europesays.com\/fi\/140798\/"},"modified":"2026-01-13T00:40:10","modified_gmt":"2026-01-13T00:40:10","slug":"iraniin-tehty-hieman-alle-sata-matkustusilmoitusta-suomesta-suomalaisten-pidatyksia-ei-tiedossa","status":"publish","type":"post","link":"https:\/\/www.europesays.com\/fi\/140798\/","title":{"rendered":"Iraniin tehty hieman alle sata matkustusilmoitusta Suomesta \u2013 suomalaisten pid\u00e4tyksi\u00e4 ei tiedossa"},"content":{"rendered":"<p>    <img decoding=\"async\" class=\"responsive-image article__image-image lozad\"   src=\"https:\/\/www.europesays.com\/fi\/wp-content\/uploads\/2026\/01\/sRpmh3HX-R1HQTDnDOBGr9rGCmzuFq8ShYP8bEsahqIlV9XXWlkuSqkfQMPyx7VAeQ-iEIykGr5Bu9wHLwnM0sGbTxq4rQyGikQV.jpeg\" alt=\"Suomen Teheranin-l\u00e4hetyst\u00f6 kertoi eilen, ett\u00e4 riski ulkomaalaisten mielivaltaisiin pid\u00e4tyksiin Iranissa on noussut.\"\/><\/p>\n<p>\n                Suomen Teheranin-l\u00e4hetyst\u00f6 kertoi eilen, ett\u00e4 riski ulkomaalaisten mielivaltaisiin pid\u00e4tyksiin Iranissa on noussut.\n              <\/p>\n<p>\n                Kuva: Jussi Nukari \/ Lehtikuva\n              <\/p>\n<p class=\"article__paragraph\">\n      Hieman alle sata suomalaista on tehnyt ulkoministeri\u00f6\u00f6n ilmoituksen Iraniin matkustamisesta. Asiasta kerrotaan STT:lle ministeri\u00f6n viestinn\u00e4st\u00e4.\n    <\/p>\n<p class=\"article__paragraph\">\n      Ministeri\u00f6n tiedossa ei ole, ett\u00e4 suomalaisia olisi pid\u00e4tetty tai loukkaantunut Iranissa puhjenneiden laajojen mielenosoitusten yhteydess\u00e4. Suomen <a href=\"https:\/\/finlandabroad.fi\/web\/irn\/etusivu\" rel=\"nofollow noopener\" target=\"_blank\">Teheranin-l\u00e4hetyst\u00f6<\/a> kertoi eilen, ett\u00e4 riski ulkomaalaisten mielivaltaisiin pid\u00e4tyksiin Iranissa on noussut.\n    <\/p>\n<p class=\"article__paragraph\">\n      Ministeri\u00f6 kehottaa kaikkia alueella olevia suomalaisia tekem\u00e4\u00e4n matkustusilmoituksen ja seuraamaan edustuston nettisivuja. Ministeri\u00f6 kuitenkin toteaa, ett\u00e4 Iranin tietoliikenneverkoissa on ollut h\u00e4iri\u00f6it\u00e4 ja internet- ja mobiiliverkkoa on rajoitettu.\n    <\/p>\n<p class=\"article__note\">\n      L\u00e4hteen\u00e4 my\u00f6s uutistoimisto AFP.\n    <\/p>\n","protected":false},"excerpt":{"rendered":"Suomen Teheranin-l\u00e4hetyst\u00f6 kertoi eilen, ett\u00e4 riski ulkomaalaisten mielivaltaisiin pid\u00e4tyksiin Iranissa on noussut. Kuva: Jussi Nukari \/ Lehtikuva Hieman&hellip;\n","protected":false},"author":2,"featured_media":140799,"comment_status":"","ping_status":"","sticky":false,"template":"","format":"standard","meta":{"footnotes":""},"categories":[14],"tags":[22,23,26,27,33,31,30,17,24,25,28,29,15,18,21,32,19,20,56,16,59,60,61],"class_list":{"0":"post-140798","1":"post","2":"type-post","3":"status-publish","4":"format-standard","5":"has-post-thumbnail","7":"category-ulkomaat","8":"tag-breaking-news","9":"tag-breakingnews","10":"tag-featured-news","11":"tag-featurednews","12":"tag-fi","13":"tag-finland","14":"tag-finnish","15":"tag-headlines","16":"tag-latest-news","17":"tag-latestnews","18":"tag-main-news","19":"tag-mainnews","20":"tag-news","21":"tag-otsikot","22":"tag-paauutiset","23":"tag-suomi","24":"tag-top-stories","25":"tag-topstories","26":"tag-ulkomaat","27":"tag-uutiset","28":"tag-world","29":"tag-world-news","30":"tag-worldnews"},"share_on_mastodon":{"url":"https:\/\/pubeurope.com\/@fi\/115885010010591909","error":""},"_links":{"self":[{"href":"https:\/\/www.europesays.com\/fi\/wp-json\/wp\/v2\/posts\/140798","targetHints":{"allow":["GET"]}}],"collection":[{"href":"https:\/\/www.europesays.com\/fi\/wp-json\/wp\/v2\/posts"}],"about":[{"href":"https:\/\/www.europesays.com\/fi\/wp-json\/wp\/v2\/types\/post"}],"author":[{"embeddable":true,"href":"https:\/\/www.europesays.com\/fi\/wp-json\/wp\/v2\/users\/2"}],"replies":[{"embeddable":true,"href":"https:\/\/www.europesays.com\/fi\/wp-json\/wp\/v2\/comments?post=140798"}],"version-history":[{"count":0,"href":"https:\/\/www.europesays.com\/fi\/wp-json\/wp\/v2\/posts\/140798\/revisions"}],"wp:featuredmedia":[{"embeddable":true,"href":"https:\/\/www.europesays.com\/fi\/wp-json\/wp\/v2\/media\/140799"}],"wp:attachment":[{"href":"https:\/\/www.europesays.com\/fi\/wp-json\/wp\/v2\/media?parent=140798"}],"wp:term":[{"taxonomy":"category","embeddable":true,"href":"https:\/\/www.europesays.com\/fi\/wp-json\/wp\/v2\/categories?post=140798"},{"taxonomy":"post_tag","embeddable":true,"href":"https:\/\/www.europesays.com\/fi\/wp-json\/wp\/v2\/tags?post=140798"}],"curies":[{"name":"wp","href":"https:\/\/api.w.org\/{rel}","templated":true}]}}