{"id":140810,"date":"2026-01-13T01:06:07","date_gmt":"2026-01-13T01:06:07","guid":{"rendered":"https:\/\/www.europesays.com\/fi\/140810\/"},"modified":"2026-01-13T01:06:07","modified_gmt":"2026-01-13T01:06:07","slug":"karjankasvattaja-pelkaa-halpa-liha-uhkaa-vyorya-suomeen-tasta-on-kyse-ilta-sanomat","status":"publish","type":"post","link":"https:\/\/www.europesays.com\/fi\/140810\/","title":{"rendered":"Karjankasvattaja pelk\u00e4\u00e4: halpa liha uhkaa vy\u00f6ry\u00e4 Suomeen \u2013 t\u00e4st\u00e4 on kyse &#8211; Ilta-Sanomat"},"content":{"rendered":"<ol>\n<li><a href=\"https:\/\/news.google.com\/rss\/articles\/CBMiZEFVX3lxTE9WRUY0dWJmQXZvQ2lsVkQ5am1UMTI2dmZoeVpvVFdOX3V6b0puU3QxaElRNkZLTENnYWtTZTRkcHB3ZUd6RkJORnhzUjA3NnRmZmRSLVNDbjkxOUJ6Nl91N0wtbnE?oc=5\" target=\"_blank\" rel=\"nofollow noopener\">Karjankasvattaja pelk\u00e4\u00e4: halpa liha uhkaa vy\u00f6ry\u00e4 Suomeen \u2013 t\u00e4st\u00e4 on kyse<\/a>&nbsp;&nbsp;Ilta-Sanomat<\/li>\n<li><a href=\"https:\/\/news.google.com\/rss\/articles\/CBMiQkFVX3lxTE1zSTZiRkNZRHBtdmhPQUNZdWhNWHNTMEppMEdYaDBJdXE4QWdmMHJ1SFA0bjlwR1Jwai1PYnJUY1Nqdw?oc=5\" target=\"_blank\" rel=\"nofollow noopener\">Jo vuosia odotettu vapaakauppasopimus Etel\u00e4-Amerikkaan tuo uusia mahdollisuuksia my\u00f6s Pohjanmaalle<\/a>&nbsp;&nbsp;Yle<\/li>\n<li><a href=\"https:\/\/news.google.com\/rss\/articles\/CBMiZ0FVX3lxTE9ZODBhamtPRkNsWVE1SkIyNWZCSVJUZ0NvRFZOdXdRNjB5UldabE9XX3Q3blkwWUlKTmZUVEdpOXc0dmdKTnpMQm9FVTdhMlRuTjBPTlZ0WkhYZWt5b2ZPUmdyQlpSTWM?oc=5\" target=\"_blank\" rel=\"nofollow noopener\">P\u00e4\u00e4kirjoitus | EU ei ole iso meijeri<\/a>&nbsp;&nbsp;HS.fi<\/li>\n<li><a href=\"https:\/\/news.google.com\/rss\/articles\/CBMif0FVX3lxTFBBYmF4c2dqa05leVpidW40TWJaWnc2bVl2b25NTVFoeU1RdFU4RWtWbzNILXdJVVYzdEpsaHFlR3JxUW9naGZRYU5JSlNxNHBheC1IbHlaVDFxQUp0Y1ZBMFVVMlFROHRLX3JkRlZDbEdUOUZ1aWQwMi15cTF1Q28?oc=5\" target=\"_blank\" rel=\"nofollow noopener\">Valtava lihavy\u00f6ry voi uhata Suomea<\/a>&nbsp;&nbsp;Iltalehti<\/li>\n<li><a href=\"https:\/\/news.google.com\/rss\/articles\/CBMie0FVX3lxTFB3cHR3YUQxaTM5QjBIY21pR1NVcVJOQWZ5ck0yRzAyZDV6MnpnQndZcUZ5c3N3VmwzamVSci1VbFRlTVExQzdyS1VKcnlreEVNZzVpZU5PZG5WMGxtY2ZBcTdaWDhieHMtY0kySGp3SEJGcVFFbGZMR2w3TQ?oc=5\" target=\"_blank\" rel=\"nofollow noopener\">\u201dPoistaa tullit 91 prosentista tavaroista\u201d \u2013 Niittaus tuli, \u201dEU:n historian suurin kauppasopimus\u201d<\/a>&nbsp;&nbsp;Uusi Suomi<\/li>\n<\/ol>\n","protected":false},"excerpt":{"rendered":"Karjankasvattaja pelk\u00e4\u00e4: halpa liha uhkaa vy\u00f6ry\u00e4 Suomeen \u2013 t\u00e4st\u00e4 on kyse&nbsp;&nbsp;Ilta-Sanomat Jo vuosia odotettu vapaakauppasopimus Etel\u00e4-Amerikkaan tuo uusia&hellip;\n","protected":false},"author":2,"featured_media":140811,"comment_status":"","ping_status":"","sticky":false,"template":"","format":"standard","meta":{"footnotes":""},"categories":[14],"tags":[22,23,26,27,33,31,30,17,34,24,25,28,29,15,18,21,32,19,20,56,16,59,60,61],"class_list":{"0":"post-140810","1":"post","2":"type-post","3":"status-publish","4":"format-standard","5":"has-post-thumbnail","7":"category-ulkomaat","8":"tag-breaking-news","9":"tag-breakingnews","10":"tag-featured-news","11":"tag-featurednews","12":"tag-fi","13":"tag-finland","14":"tag-finnish","15":"tag-headlines","16":"tag-ilta-sanomat","17":"tag-latest-news","18":"tag-latestnews","19":"tag-main-news","20":"tag-mainnews","21":"tag-news","22":"tag-otsikot","23":"tag-paauutiset","24":"tag-suomi","25":"tag-top-stories","26":"tag-topstories","27":"tag-ulkomaat","28":"tag-uutiset","29":"tag-world","30":"tag-world-news","31":"tag-worldnews"},"share_on_mastodon":{"url":"https:\/\/pubeurope.com\/@fi\/115885112322181722","error":""},"_links":{"self":[{"href":"https:\/\/www.europesays.com\/fi\/wp-json\/wp\/v2\/posts\/140810","targetHints":{"allow":["GET"]}}],"collection":[{"href":"https:\/\/www.europesays.com\/fi\/wp-json\/wp\/v2\/posts"}],"about":[{"href":"https:\/\/www.europesays.com\/fi\/wp-json\/wp\/v2\/types\/post"}],"author":[{"embeddable":true,"href":"https:\/\/www.europesays.com\/fi\/wp-json\/wp\/v2\/users\/2"}],"replies":[{"embeddable":true,"href":"https:\/\/www.europesays.com\/fi\/wp-json\/wp\/v2\/comments?post=140810"}],"version-history":[{"count":0,"href":"https:\/\/www.europesays.com\/fi\/wp-json\/wp\/v2\/posts\/140810\/revisions"}],"wp:featuredmedia":[{"embeddable":true,"href":"https:\/\/www.europesays.com\/fi\/wp-json\/wp\/v2\/media\/140811"}],"wp:attachment":[{"href":"https:\/\/www.europesays.com\/fi\/wp-json\/wp\/v2\/media?parent=140810"}],"wp:term":[{"taxonomy":"category","embeddable":true,"href":"https:\/\/www.europesays.com\/fi\/wp-json\/wp\/v2\/categories?post=140810"},{"taxonomy":"post_tag","embeddable":true,"href":"https:\/\/www.europesays.com\/fi\/wp-json\/wp\/v2\/tags?post=140810"}],"curies":[{"name":"wp","href":"https:\/\/api.w.org\/{rel}","templated":true}]}}