{"id":140812,"date":"2026-01-13T01:07:10","date_gmt":"2026-01-13T01:07:10","guid":{"rendered":"https:\/\/www.europesays.com\/fi\/140812\/"},"modified":"2026-01-13T01:07:10","modified_gmt":"2026-01-13T01:07:10","slug":"myos-kunnanhallitus-arvioi-etta-mervi-paakko-on-oikea-valinta-polvijarven-kunnanjohtajaksi","status":"publish","type":"post","link":"https:\/\/www.europesays.com\/fi\/140812\/","title":{"rendered":"My\u00f6s kunnanhallitus arvioi, ett\u00e4 Mervi P\u00e4\u00e4kk\u00f6 on oikea valinta Polvij\u00e4rven kunnanjohtajaksi"},"content":{"rendered":"<p class=\"kicker \" style=\"\">Ty\u00f6paikkauutiset<\/p>\n<p>    Mervi P\u00e4\u00e4kk\u00f6 toimii t\u00e4ll\u00e4 hetkell\u00e4 Parikkalan kunnanjohtajana.<\/p>\n<p>\n        Polvij\u00e4rvi on 4 000 asukkaan kunta Pohjois-Karjalassa.<br \/>\n        Kuva: Polvij\u00e4rven kunta\n    <\/p>\n<p>Polvij\u00e4rven kunnanhallitus n\u00e4ytt\u00e4\u00e4 vihre\u00e4\u00e4 valoa sille, ett\u00e4 Mervi P\u00e4\u00e4kk\u00f6 valittaisiin uudeksi kunnanjohtajaksi.<\/p>\n<p>Kunnanvaltuusto k\u00e4sittelee hallituksen esityst\u00e4 kokouksessaan 27. tammikuuta.<\/p>\n<p>\u2013 Se oli yksimielinen ja selke\u00e4 esitys, ei tullut vastaesityksi\u00e4, Polvij\u00e4rven kunnanhallituksen puheenjohtaja Urpo Leminen (kesk.) kertoi tuoreeltaan kokouksen j\u00e4lkeen maanantai-iltana Kuntalehdelle.<\/p>\n<p>Polvij\u00e4rven kunnanjohtajan viran hakuaikaa jatkettiin toiselle kierrokselle. Jatketulla hakuajalla virkaa havittelevien joukkoon liittyi muiden muassa Mervi P\u00e4\u00e4kk\u00f6.<\/p>\n<p>My\u00f6s kunnanjohtajan viran t\u00e4ytt\u00e4mist\u00e4 varten perustettu valmisteluryhm\u00e4 piti P\u00e4\u00e4kk\u00f6\u00e4 parhaimpana hakijana haastateltuaan viitt\u00e4 virkaa hakenutta vuoden lopulla.<\/p>\n<p class=\"font-weight-bold m-font-weight-bold italic m-italic\" data-lab-font_weight=\"font-weight-bold\" data-lab-italic=\"italic\">Lue my\u00f6s:<\/p>\n<p>        <a itemprop=\"url\" class=\"\" href=\"https:\/\/www.kuntalehti.fi\/tyoepaikkauutiset\/auran-kunnanjohtajaksi-30-hakijaa-haasteltavatkin-ovat-jo-tiedossa\/307260\" data-k5a-url=\"https:\/\/www.kuntalehti.fi\/a\/307260\" rel=\"nofollow noopener\" target=\"_blank\"><\/p>\n<p>            Auran kunnanjohtajaksi 30 hakijaa \u2013 Haasteltavatkin ovat jo tiedossa<\/p>\n<p>        <\/a><\/p>\n","protected":false},"excerpt":{"rendered":"Ty\u00f6paikkauutiset Mervi P\u00e4\u00e4kk\u00f6 toimii t\u00e4ll\u00e4 hetkell\u00e4 Parikkalan kunnanjohtajana. Polvij\u00e4rvi on 4 000 asukkaan kunta Pohjois-Karjalassa. Kuva: Polvij\u00e4rven kunta&hellip;\n","protected":false},"author":2,"featured_media":140813,"comment_status":"","ping_status":"","sticky":false,"template":"","format":"standard","meta":{"footnotes":""},"categories":[12],"tags":[22,23,26,27,33,31,30,17,24,25,28,29,15,18,21,32,19,20,16],"class_list":{"0":"post-140812","1":"post","2":"type-post","3":"status-publish","4":"format-standard","5":"has-post-thumbnail","7":"category-suomi","8":"tag-breaking-news","9":"tag-breakingnews","10":"tag-featured-news","11":"tag-featurednews","12":"tag-fi","13":"tag-finland","14":"tag-finnish","15":"tag-headlines","16":"tag-latest-news","17":"tag-latestnews","18":"tag-main-news","19":"tag-mainnews","20":"tag-news","21":"tag-otsikot","22":"tag-paauutiset","23":"tag-suomi","24":"tag-top-stories","25":"tag-topstories","26":"tag-uutiset"},"share_on_mastodon":{"url":"https:\/\/pubeurope.com\/@fi\/115885116180376355","error":""},"_links":{"self":[{"href":"https:\/\/www.europesays.com\/fi\/wp-json\/wp\/v2\/posts\/140812","targetHints":{"allow":["GET"]}}],"collection":[{"href":"https:\/\/www.europesays.com\/fi\/wp-json\/wp\/v2\/posts"}],"about":[{"href":"https:\/\/www.europesays.com\/fi\/wp-json\/wp\/v2\/types\/post"}],"author":[{"embeddable":true,"href":"https:\/\/www.europesays.com\/fi\/wp-json\/wp\/v2\/users\/2"}],"replies":[{"embeddable":true,"href":"https:\/\/www.europesays.com\/fi\/wp-json\/wp\/v2\/comments?post=140812"}],"version-history":[{"count":0,"href":"https:\/\/www.europesays.com\/fi\/wp-json\/wp\/v2\/posts\/140812\/revisions"}],"wp:featuredmedia":[{"embeddable":true,"href":"https:\/\/www.europesays.com\/fi\/wp-json\/wp\/v2\/media\/140813"}],"wp:attachment":[{"href":"https:\/\/www.europesays.com\/fi\/wp-json\/wp\/v2\/media?parent=140812"}],"wp:term":[{"taxonomy":"category","embeddable":true,"href":"https:\/\/www.europesays.com\/fi\/wp-json\/wp\/v2\/categories?post=140812"},{"taxonomy":"post_tag","embeddable":true,"href":"https:\/\/www.europesays.com\/fi\/wp-json\/wp\/v2\/tags?post=140812"}],"curies":[{"name":"wp","href":"https:\/\/api.w.org\/{rel}","templated":true}]}}