{"id":140814,"date":"2026-01-13T01:08:12","date_gmt":"2026-01-13T01:08:12","guid":{"rendered":"https:\/\/www.europesays.com\/fi\/140814\/"},"modified":"2026-01-13T01:08:12","modified_gmt":"2026-01-13T01:08:12","slug":"yhteislaulu-soi-jyvaskylan-kirjastoissa-jyvaskyla-fi","status":"publish","type":"post","link":"https:\/\/www.europesays.com\/fi\/140814\/","title":{"rendered":"Yhteislaulu soi Jyv\u00e4skyl\u00e4n kirjastoissa | Jyv\u00e4skyl\u00e4.fi"},"content":{"rendered":"<p>Yhteislaulukiertueen ensimm\u00e4inen tilaisuus j\u00e4rjestet\u00e4\u00e4n keskiviikkona 14.1. Korpilahden kirjastossa (Virastokuja 2) ja kiertue p\u00e4\u00e4ttyy keskiviikkona 22.4. Halssilan kirjastoon (Lokintie 9). Laulusta voimaa \u2013tilaisuudet ovat osa Jyv\u00e4skyl\u00e4n kaupungin senioreille suunnattua Taideapteekki-ohjelmistoa, mutta tapahtumiin toivotaan mukaan kaiken ik\u00e4isi\u00e4. Hiihtolomaviikolla perjantaina 27.2. Palokan kirjastossa (Koivutie 5) ohjelmistossa on my\u00f6s lapsille sopivia lauluja, joten laulamaan voi tulla koko perheen voimin.<\/p>\n<p><strong>Laulusta voimaa \u2013kirjastokiertueen aikataulut:<\/strong><\/p>\n<p><strong>Niko Saloheimo<\/strong><br \/>ke 14.1. klo 12.30 Korpilahden kirjasto<br \/>to 15.1. klo 17 Vesangan kirjasto<br \/>ke 21.1. klo 17.30 Keltinm\u00e4en kirjasto<br \/>ma 26.1. klo 17.30 Lohikosken kirjasto<br \/>ti 27.1. klo 12 Tikkakosken kirjasto<br \/>ke 28.1. klo 12.30 S\u00e4yn\u00e4tsalon kirjasto<br \/>ke 11.2. klo 17.30 Kortepohjan kirjasto<\/p>\n<p><strong>Kruuvaus-duo<\/strong><br \/>pe 27.2. klo 12.30 Palokan kirjasto<br \/>ti 3.3. klo 15 Huhtasuon kirjasto<br \/>ma 9.3. klo 17 Keljonkankaan kirjasto<br \/>ke 18.3. klo 17.30 Vaajakosken kirjasto<br \/>ke 25.3. klo 17 Kuokkalan kirjasto<br \/>pe 10.4. klo 12.30 P\u00e4\u00e4kirjasto, Minnansali<br \/>ke 22.4. klo 17.30 Halssilan kirjasto<\/p>\n","protected":false},"excerpt":{"rendered":"Yhteislaulukiertueen ensimm\u00e4inen tilaisuus j\u00e4rjestet\u00e4\u00e4n keskiviikkona 14.1. Korpilahden kirjastossa (Virastokuja 2) ja kiertue p\u00e4\u00e4ttyy keskiviikkona 22.4. Halssilan kirjastoon (Lokintie&hellip;\n","protected":false},"author":2,"featured_media":140815,"comment_status":"","ping_status":"","sticky":false,"template":"","format":"standard","meta":{"footnotes":""},"categories":[5],"tags":[22,23,26,27,33,31,30,17,24,25,28,29,15,18,21,32,19,20,16],"class_list":{"0":"post-140814","1":"post","2":"type-post","3":"status-publish","4":"format-standard","5":"has-post-thumbnail","7":"category-otsikot","8":"tag-breaking-news","9":"tag-breakingnews","10":"tag-featured-news","11":"tag-featurednews","12":"tag-fi","13":"tag-finland","14":"tag-finnish","15":"tag-headlines","16":"tag-latest-news","17":"tag-latestnews","18":"tag-main-news","19":"tag-mainnews","20":"tag-news","21":"tag-otsikot","22":"tag-paauutiset","23":"tag-suomi","24":"tag-top-stories","25":"tag-topstories","26":"tag-uutiset"},"share_on_mastodon":{"url":"https:\/\/pubeurope.com\/@fi\/115885120085345664","error":""},"_links":{"self":[{"href":"https:\/\/www.europesays.com\/fi\/wp-json\/wp\/v2\/posts\/140814","targetHints":{"allow":["GET"]}}],"collection":[{"href":"https:\/\/www.europesays.com\/fi\/wp-json\/wp\/v2\/posts"}],"about":[{"href":"https:\/\/www.europesays.com\/fi\/wp-json\/wp\/v2\/types\/post"}],"author":[{"embeddable":true,"href":"https:\/\/www.europesays.com\/fi\/wp-json\/wp\/v2\/users\/2"}],"replies":[{"embeddable":true,"href":"https:\/\/www.europesays.com\/fi\/wp-json\/wp\/v2\/comments?post=140814"}],"version-history":[{"count":0,"href":"https:\/\/www.europesays.com\/fi\/wp-json\/wp\/v2\/posts\/140814\/revisions"}],"wp:featuredmedia":[{"embeddable":true,"href":"https:\/\/www.europesays.com\/fi\/wp-json\/wp\/v2\/media\/140815"}],"wp:attachment":[{"href":"https:\/\/www.europesays.com\/fi\/wp-json\/wp\/v2\/media?parent=140814"}],"wp:term":[{"taxonomy":"category","embeddable":true,"href":"https:\/\/www.europesays.com\/fi\/wp-json\/wp\/v2\/categories?post=140814"},{"taxonomy":"post_tag","embeddable":true,"href":"https:\/\/www.europesays.com\/fi\/wp-json\/wp\/v2\/tags?post=140814"}],"curies":[{"name":"wp","href":"https:\/\/api.w.org\/{rel}","templated":true}]}}