{"id":140824,"date":"2026-01-13T01:33:11","date_gmt":"2026-01-13T01:33:11","guid":{"rendered":"https:\/\/www.europesays.com\/fi\/140824\/"},"modified":"2026-01-13T01:33:11","modified_gmt":"2026-01-13T01:33:11","slug":"oulu2026-suurtuotanto-climate-clock-euronewsin-listalla","status":"publish","type":"post","link":"https:\/\/www.europesays.com\/fi\/140824\/","title":{"rendered":"Oulu2026 suurtuotanto Climate Clock Euronewsin listalla"},"content":{"rendered":"<p>Climate Clock on yksi Euroopan kulttuurip\u00e4\u00e4kaupunkivuoden merkitt\u00e4vimmist\u00e4 tuotannoista, joka yhdist\u00e4\u00e4 taiteen, tieteen ja luonnon vahvistamaan ymp\u00e4rist\u00f6tietoisuutta ja syvent\u00e4m\u00e4\u00e4n yhteytt\u00e4 luonnon aikaan. Kes\u00e4kuussa avautuvat pysyv\u00e4 julkisen taiteen reitti koostuu arvostettujen kotimaisten ja kansainv\u00e4listen taiteilijoiden teoksista. Mukana ovat taiteilijat <strong>Ranti Bam<\/strong> (Nigeria\/Iso-Britannia), <strong>Rana Begum<\/strong> (Bangladesh\/Iso-Britannia), <strong>Takahiro Iwasaki<\/strong> (Japani), <strong>Gabriel Kuri<\/strong> (Meksiko\/Belgia), <strong>Antti Laitinen<\/strong> (Suomi), taiteilijaryhm\u00e4 <strong>SUPERFLEX <\/strong>(Tanska) ja taiteilijaduo <strong>Tellervo Kalleinen<\/strong> &amp; <strong>Oliver Kochta-Kalleinen<\/strong> (Suomi\/Saksa).<strong\/><\/p>\n<p>6 pysyv\u00e4\u00e4 taideteosta sijoittuu Haukiputaalle, Kiiminkiin, Oulun kaupungin keskustaan, Oulunsaloon, Yli-Iihin ja Ylikiiminkiin. Taidereitti\u00e4 tukee <strong>Tellervo Kalleisen<\/strong> ja <strong>Oliver Kochta-Kalleisen<\/strong> Maailman arvokkain kello -teos, joka luodaan yhteisty\u00f6ss\u00e4 paikallisten asukkaiden kanssa.<\/p>\n<p>Seitsem\u00e4n teosta kuvastavat pohjoista luontoa, luonnon rytmej\u00e4 ja ilmastohaasteita. Teokset sijoittuvat luonnonymp\u00e4rist\u00f6ihin kuten metsiin ja jokien rannoille, tuoden esille paikallista ylpeytt\u00e4 luonnosta ja ajatuksia luontoyhteyden s\u00e4ilytt\u00e4misest\u00e4 ja vahvistamisesta. Jokainen teos heijastaa taiteellista n\u00e4kemyst\u00e4 siit\u00e4, miten voimme yhdist\u00e4\u00e4 luovuutemme ja vastuullisuutemme. Taiteilijat tekev\u00e4t yhteisty\u00f6t\u00e4 tutkijoiden kanssa tuodakseen ymp\u00e4rist\u00f6n luonnollisen kiertokulun uusilla tavoilla tietoisuuteemme.<\/p>\n<p><strong>Climate Clockin kuratoi ja tuottaa kansainv\u00e4liset huippuosaajat<\/strong><\/p>\n<p>Isobritannialainen\u00a0<strong>Alice Sharp<\/strong>\u00a0<a href=\"https:\/\/invisibledust.com\/\" rel=\"nofollow noopener\" target=\"_blank\">Invisible Dust<\/a>\u00a0-organisaatiosta on ty\u00f6skennellyt taiteilijoiden ja tutkijoiden kanssa vuodesta 2009. H\u00e4n on kansainv\u00e4linen neuvonantaja sek\u00e4 esiintyj\u00e4 taiteen ja ilmastonmuutoksen alalla, mukaan lukien puheenvuorot Columbian yliopistossa New Yorkissa vuonna 2023, Davosissa vuonna 2020 ja YK:n kehitysohjelmassa vuonna 2019.<\/p>\n<p>Kansainv\u00e4lisesti arvostettu tuottaja\u00a0<strong>Claudia Woolgar<\/strong>\u00a0tuli mukaan Oulu2026-hankkeeseen auttamaan ensimm\u00e4isen hakukirjan ohjelman suunnittelussa, ja siit\u00e4 l\u00e4htien h\u00e4n on kehitt\u00e4nyt ohjelman kansainv\u00e4lisesti merkitt\u00e4vimpi\u00e4 projekteja. H\u00e4nell\u00e4 on laaja kansainv\u00e4linen kokemus, mukaan lukien moniulotteisen julkisen taideprojektin,\u00a0<a href=\"https:\/\/11fountains.nl\/en\/\" rel=\"nofollow noopener\" target=\"_blank\">11 Fountains<\/a>, johtaminen Leeuwarden-Frieslandin Euroopan kulttuurip\u00e4\u00e4kaupunkivuonna 2018.<\/p>\n<p>Climate Clock -julkisen taiteen reitti avataan 13. kes\u00e4kuuta 2026.<\/p>\n","protected":false},"excerpt":{"rendered":"Climate Clock on yksi Euroopan kulttuurip\u00e4\u00e4kaupunkivuoden merkitt\u00e4vimmist\u00e4 tuotannoista, joka yhdist\u00e4\u00e4 taiteen, tieteen ja luonnon vahvistamaan ymp\u00e4rist\u00f6tietoisuutta ja syvent\u00e4m\u00e4\u00e4n&hellip;\n","protected":false},"author":2,"featured_media":140825,"comment_status":"","ping_status":"","sticky":false,"template":"","format":"standard","meta":{"footnotes":""},"categories":[12],"tags":[22,23,26,27,33,31,30,17,24,25,28,29,15,18,21,32,19,20,16],"class_list":{"0":"post-140824","1":"post","2":"type-post","3":"status-publish","4":"format-standard","5":"has-post-thumbnail","7":"category-suomi","8":"tag-breaking-news","9":"tag-breakingnews","10":"tag-featured-news","11":"tag-featurednews","12":"tag-fi","13":"tag-finland","14":"tag-finnish","15":"tag-headlines","16":"tag-latest-news","17":"tag-latestnews","18":"tag-main-news","19":"tag-mainnews","20":"tag-news","21":"tag-otsikot","22":"tag-paauutiset","23":"tag-suomi","24":"tag-top-stories","25":"tag-topstories","26":"tag-uutiset"},"share_on_mastodon":{"url":"https:\/\/pubeurope.com\/@fi\/115885218469940451","error":""},"_links":{"self":[{"href":"https:\/\/www.europesays.com\/fi\/wp-json\/wp\/v2\/posts\/140824","targetHints":{"allow":["GET"]}}],"collection":[{"href":"https:\/\/www.europesays.com\/fi\/wp-json\/wp\/v2\/posts"}],"about":[{"href":"https:\/\/www.europesays.com\/fi\/wp-json\/wp\/v2\/types\/post"}],"author":[{"embeddable":true,"href":"https:\/\/www.europesays.com\/fi\/wp-json\/wp\/v2\/users\/2"}],"replies":[{"embeddable":true,"href":"https:\/\/www.europesays.com\/fi\/wp-json\/wp\/v2\/comments?post=140824"}],"version-history":[{"count":0,"href":"https:\/\/www.europesays.com\/fi\/wp-json\/wp\/v2\/posts\/140824\/revisions"}],"wp:featuredmedia":[{"embeddable":true,"href":"https:\/\/www.europesays.com\/fi\/wp-json\/wp\/v2\/media\/140825"}],"wp:attachment":[{"href":"https:\/\/www.europesays.com\/fi\/wp-json\/wp\/v2\/media?parent=140824"}],"wp:term":[{"taxonomy":"category","embeddable":true,"href":"https:\/\/www.europesays.com\/fi\/wp-json\/wp\/v2\/categories?post=140824"},{"taxonomy":"post_tag","embeddable":true,"href":"https:\/\/www.europesays.com\/fi\/wp-json\/wp\/v2\/tags?post=140824"}],"curies":[{"name":"wp","href":"https:\/\/api.w.org\/{rel}","templated":true}]}}